{"id":929,"date":"2015-10-07T20:33:59","date_gmt":"2015-10-07T19:33:59","guid":{"rendered":"http:\/\/www.couleursjapon.com\/blog\/?p=929"},"modified":"2015-10-07T20:33:59","modified_gmt":"2015-10-07T19:33:59","slug":"textill-2015-quelques-photos","status":"publish","type":"post","link":"https:\/\/www.couleursjapon.com\/blog\/textill-2015-quelques-photos\/","title":{"rendered":"Text&rsquo;Ill 2015 : quelques photos"},"content":{"rendered":"<p>Merci \u00e0 toutes celles et ceux qui sont venus me voir sur le salon Text&rsquo;Ill le dimanche 27 septembre \u00e0 Mulhouse.<\/p>\n<p>La m\u00e9t\u00e9o \u00e9tait de la partie encore cette ann\u00e9e. Un peu frais mais ensoleill\u00e9e pour cette journ\u00e9e sous le signe des tissus organis\u00e9e par l&rsquo;Office du tourisme de Mulhouse.<\/p>\n<figure id=\"attachment_930\" aria-describedby=\"caption-attachment-930\" style=\"width: 300px\" class=\"wp-caption aligncenter\"><img loading=\"lazy\" decoding=\"async\" class=\"size-medium wp-image-930\" src=\"https:\/\/www.couleursjapon.com\/blog\/wp-content\/uploads\/2015\/10\/TextIll-2015-300x300.jpg\" alt=\"Text'Ill 2015\" width=\"300\" height=\"300\" srcset=\"https:\/\/www.couleursjapon.com\/blog\/wp-content\/uploads\/2015\/10\/TextIll-2015-300x300.jpg 300w, https:\/\/www.couleursjapon.com\/blog\/wp-content\/uploads\/2015\/10\/TextIll-2015-1024x1024.jpg 1024w, https:\/\/www.couleursjapon.com\/blog\/wp-content\/uploads\/2015\/10\/TextIll-2015-250x250.jpg 250w, https:\/\/www.couleursjapon.com\/blog\/wp-content\/uploads\/2015\/10\/TextIll-2015-768x768.jpg 768w, https:\/\/www.couleursjapon.com\/blog\/wp-content\/uploads\/2015\/10\/TextIll-2015-1200x1200.jpg 1200w, https:\/\/www.couleursjapon.com\/blog\/wp-content\/uploads\/2015\/10\/TextIll-2015.jpg 1500w\" sizes=\"auto, (max-width: 300px) 85vw, 300px\" \/><figcaption id=\"caption-attachment-930\" class=\"wp-caption-text\">Des nouveaut\u00e9s en avant-premi\u00e8re sur le stand Couleurs Japon<\/figcaption><\/figure>\n<figure id=\"attachment_931\" aria-describedby=\"caption-attachment-931\" style=\"width: 300px\" class=\"wp-caption aligncenter\"><img loading=\"lazy\" decoding=\"async\" class=\"size-medium wp-image-931\" src=\"https:\/\/www.couleursjapon.com\/blog\/wp-content\/uploads\/2015\/10\/TextIll-2015-2-300x300.jpg\" alt=\"Stand Couleurs Japon Text'Ill 2015\" width=\"300\" height=\"300\" srcset=\"https:\/\/www.couleursjapon.com\/blog\/wp-content\/uploads\/2015\/10\/TextIll-2015-2-300x300.jpg 300w, https:\/\/www.couleursjapon.com\/blog\/wp-content\/uploads\/2015\/10\/TextIll-2015-2-1024x1024.jpg 1024w, https:\/\/www.couleursjapon.com\/blog\/wp-content\/uploads\/2015\/10\/TextIll-2015-2-250x250.jpg 250w, https:\/\/www.couleursjapon.com\/blog\/wp-content\/uploads\/2015\/10\/TextIll-2015-2-768x768.jpg 768w, https:\/\/www.couleursjapon.com\/blog\/wp-content\/uploads\/2015\/10\/TextIll-2015-2-1200x1200.jpg 1200w, https:\/\/www.couleursjapon.com\/blog\/wp-content\/uploads\/2015\/10\/TextIll-2015-2.jpg 1500w\" sizes=\"auto, (max-width: 300px) 85vw, 300px\" \/><figcaption id=\"caption-attachment-931\" class=\"wp-caption-text\">Stand Couleurs Japon Text&rsquo;Ill 2015<\/figcaption><\/figure>\n<figure id=\"attachment_932\" aria-describedby=\"caption-attachment-932\" style=\"width: 300px\" class=\"wp-caption aligncenter\"><img loading=\"lazy\" decoding=\"async\" class=\"size-medium wp-image-932\" src=\"https:\/\/www.couleursjapon.com\/blog\/wp-content\/uploads\/2015\/10\/TextIll-2015-3-300x300.jpg\" alt=\"Le stand\" width=\"300\" height=\"300\" srcset=\"https:\/\/www.couleursjapon.com\/blog\/wp-content\/uploads\/2015\/10\/TextIll-2015-3-300x300.jpg 300w, https:\/\/www.couleursjapon.com\/blog\/wp-content\/uploads\/2015\/10\/TextIll-2015-3-1024x1024.jpg 1024w, https:\/\/www.couleursjapon.com\/blog\/wp-content\/uploads\/2015\/10\/TextIll-2015-3-250x250.jpg 250w, https:\/\/www.couleursjapon.com\/blog\/wp-content\/uploads\/2015\/10\/TextIll-2015-3-768x768.jpg 768w, https:\/\/www.couleursjapon.com\/blog\/wp-content\/uploads\/2015\/10\/TextIll-2015-3-1200x1200.jpg 1200w, https:\/\/www.couleursjapon.com\/blog\/wp-content\/uploads\/2015\/10\/TextIll-2015-3.jpg 1500w\" sizes=\"auto, (max-width: 300px) 85vw, 300px\" \/><figcaption id=\"caption-attachment-932\" class=\"wp-caption-text\">Le stand<\/figcaption><\/figure>\n<p>Vous trouverez \u00e9galement quelques photos des d\u00e9fil\u00e9s de mode sur <a href=\"http:\/\/www.artaile.com\/art-therapie-mulhouse-alsace\/index.php\/activites-58\/88-artaile-a-text-ill\">le site de l&rsquo;association Art Aile<\/a>\u00a0ou sur le site du <a href=\"http:\/\/www.dna.fr\/edition-de-mulhouse-et-thann\/2015\/09\/30\/etoffe-festive\">journal l&rsquo;Alsace<\/a>.<\/p>\n","protected":false},"excerpt":{"rendered":"<p>Merci \u00e0 toutes celles et ceux qui sont venus me voir sur le salon Text&rsquo;Ill le dimanche 27 septembre \u00e0 Mulhouse. La m\u00e9t\u00e9o \u00e9tait de la partie encore cette ann\u00e9e. Un peu frais mais ensoleill\u00e9e pour cette journ\u00e9e sous le signe des tissus organis\u00e9e par l&rsquo;Office du tourisme de Mulhouse. Vous trouverez \u00e9galement quelques photos &hellip; <a href=\"https:\/\/www.couleursjapon.com\/blog\/textill-2015-quelques-photos\/\" class=\"more-link\">Continuer la lecture<span class=\"screen-reader-text\"> de &laquo;&nbsp;Text&rsquo;Ill 2015 : quelques photos&nbsp;&raquo;<\/span><\/a><\/p>\n","protected":false},"author":1,"featured_media":930,"comment_status":"open","ping_status":"open","sticky":false,"template":"","format":"standard","meta":{"footnotes":""},"categories":[166],"tags":[252,25,12],"class_list":["post-929","post","type-post","status-publish","format-standard","has-post-thumbnail","hentry","category-agenda","tag-mulhouse","tag-salon","tag-tissus-2"],"yoast_head":"<!-- This site is optimized with the Yoast SEO plugin v27.3 - https:\/\/yoast.com\/product\/yoast-seo-wordpress\/ -->\n<title>Text&#039;Ill 2015 : quelques photos - Couleurs Japon<\/title>\n<meta name=\"robots\" content=\"index, follow, max-snippet:-1, max-image-preview:large, max-video-preview:-1\" \/>\n<link rel=\"canonical\" href=\"https:\/\/www.couleursjapon.com\/blog\/textill-2015-quelques-photos\/\" \/>\n<meta property=\"og:locale\" content=\"fr_FR\" \/>\n<meta property=\"og:type\" content=\"article\" \/>\n<meta property=\"og:title\" content=\"Text&#039;Ill 2015 : quelques photos - Couleurs Japon\" \/>\n<meta property=\"og:description\" content=\"Merci \u00e0 toutes celles et ceux qui sont venus me voir sur le salon Text&rsquo;Ill le dimanche 27 septembre \u00e0 Mulhouse. La m\u00e9t\u00e9o \u00e9tait de la partie encore cette ann\u00e9e. Un peu frais mais ensoleill\u00e9e pour cette journ\u00e9e sous le signe des tissus organis\u00e9e par l&rsquo;Office du tourisme de Mulhouse. Vous trouverez \u00e9galement quelques photos &hellip; Continuer la lecture de &laquo;&nbsp;Text&rsquo;Ill 2015 : quelques photos&nbsp;&raquo;\" \/>\n<meta property=\"og:url\" content=\"https:\/\/www.couleursjapon.com\/blog\/textill-2015-quelques-photos\/\" \/>\n<meta property=\"og:site_name\" content=\"Couleurs Japon\" \/>\n<meta property=\"article:publisher\" content=\"https:\/\/www.facebook.com\/CouleursJapon\/\" \/>\n<meta property=\"article:published_time\" content=\"2015-10-07T19:33:59+00:00\" \/>\n<meta property=\"og:image\" content=\"https:\/\/www.couleursjapon.com\/blog\/wp-content\/uploads\/2015\/10\/TextIll-2015.jpg\" \/>\n\t<meta property=\"og:image:width\" content=\"1500\" \/>\n\t<meta property=\"og:image:height\" content=\"1500\" \/>\n\t<meta property=\"og:image:type\" content=\"image\/jpeg\" \/>\n<meta name=\"author\" content=\"Pascaline\" \/>\n<meta name=\"twitter:card\" content=\"summary_large_image\" \/>\n<meta name=\"twitter:label1\" content=\"\u00c9crit par\" \/>\n\t<meta name=\"twitter:data1\" content=\"Pascaline\" \/>\n\t<meta name=\"twitter:label2\" content=\"Dur\u00e9e de lecture estim\u00e9e\" \/>\n\t<meta name=\"twitter:data2\" content=\"1 minute\" \/>\n<script type=\"application\/ld+json\" class=\"yoast-schema-graph\">{\"@context\":\"https:\\\/\\\/schema.org\",\"@graph\":[{\"@type\":\"Article\",\"@id\":\"https:\\\/\\\/www.couleursjapon.com\\\/blog\\\/textill-2015-quelques-photos\\\/#article\",\"isPartOf\":{\"@id\":\"https:\\\/\\\/www.couleursjapon.com\\\/blog\\\/textill-2015-quelques-photos\\\/\"},\"author\":{\"name\":\"Pascaline\",\"@id\":\"https:\\\/\\\/www.couleursjapon.com\\\/blog\\\/#\\\/schema\\\/person\\\/6cfac89a7be4e2bd871f9340169acd3b\"},\"headline\":\"Text&rsquo;Ill 2015 : quelques photos\",\"datePublished\":\"2015-10-07T19:33:59+00:00\",\"mainEntityOfPage\":{\"@id\":\"https:\\\/\\\/www.couleursjapon.com\\\/blog\\\/textill-2015-quelques-photos\\\/\"},\"wordCount\":125,\"commentCount\":0,\"publisher\":{\"@id\":\"https:\\\/\\\/www.couleursjapon.com\\\/blog\\\/#organization\"},\"image\":{\"@id\":\"https:\\\/\\\/www.couleursjapon.com\\\/blog\\\/textill-2015-quelques-photos\\\/#primaryimage\"},\"thumbnailUrl\":\"https:\\\/\\\/www.couleursjapon.com\\\/blog\\\/wp-content\\\/uploads\\\/2015\\\/10\\\/TextIll-2015.jpg\",\"keywords\":[\"Mulhouse\",\"salon\",\"tissus\"],\"articleSection\":[\"Agenda\"],\"inLanguage\":\"fr-FR\",\"potentialAction\":[{\"@type\":\"CommentAction\",\"name\":\"Comment\",\"target\":[\"https:\\\/\\\/www.couleursjapon.com\\\/blog\\\/textill-2015-quelques-photos\\\/#respond\"]}]},{\"@type\":\"WebPage\",\"@id\":\"https:\\\/\\\/www.couleursjapon.com\\\/blog\\\/textill-2015-quelques-photos\\\/\",\"url\":\"https:\\\/\\\/www.couleursjapon.com\\\/blog\\\/textill-2015-quelques-photos\\\/\",\"name\":\"Text'Ill 2015 : quelques photos - Couleurs Japon\",\"isPartOf\":{\"@id\":\"https:\\\/\\\/www.couleursjapon.com\\\/blog\\\/#website\"},\"primaryImageOfPage\":{\"@id\":\"https:\\\/\\\/www.couleursjapon.com\\\/blog\\\/textill-2015-quelques-photos\\\/#primaryimage\"},\"image\":{\"@id\":\"https:\\\/\\\/www.couleursjapon.com\\\/blog\\\/textill-2015-quelques-photos\\\/#primaryimage\"},\"thumbnailUrl\":\"https:\\\/\\\/www.couleursjapon.com\\\/blog\\\/wp-content\\\/uploads\\\/2015\\\/10\\\/TextIll-2015.jpg\",\"datePublished\":\"2015-10-07T19:33:59+00:00\",\"breadcrumb\":{\"@id\":\"https:\\\/\\\/www.couleursjapon.com\\\/blog\\\/textill-2015-quelques-photos\\\/#breadcrumb\"},\"inLanguage\":\"fr-FR\",\"potentialAction\":[{\"@type\":\"ReadAction\",\"target\":[\"https:\\\/\\\/www.couleursjapon.com\\\/blog\\\/textill-2015-quelques-photos\\\/\"]}]},{\"@type\":\"ImageObject\",\"inLanguage\":\"fr-FR\",\"@id\":\"https:\\\/\\\/www.couleursjapon.com\\\/blog\\\/textill-2015-quelques-photos\\\/#primaryimage\",\"url\":\"https:\\\/\\\/www.couleursjapon.com\\\/blog\\\/wp-content\\\/uploads\\\/2015\\\/10\\\/TextIll-2015.jpg\",\"contentUrl\":\"https:\\\/\\\/www.couleursjapon.com\\\/blog\\\/wp-content\\\/uploads\\\/2015\\\/10\\\/TextIll-2015.jpg\",\"width\":1500,\"height\":1500,\"caption\":\"Des nouveaut\u00e9s en avant-premi\u00e8re sur le stand Couleurs Japon\"},{\"@type\":\"BreadcrumbList\",\"@id\":\"https:\\\/\\\/www.couleursjapon.com\\\/blog\\\/textill-2015-quelques-photos\\\/#breadcrumb\",\"itemListElement\":[{\"@type\":\"ListItem\",\"position\":1,\"name\":\"Accueil\",\"item\":\"https:\\\/\\\/www.couleursjapon.com\\\/blog\\\/\"},{\"@type\":\"ListItem\",\"position\":2,\"name\":\"Text&rsquo;Ill 2015 : quelques photos\"}]},{\"@type\":\"WebSite\",\"@id\":\"https:\\\/\\\/www.couleursjapon.com\\\/blog\\\/#website\",\"url\":\"https:\\\/\\\/www.couleursjapon.com\\\/blog\\\/\",\"name\":\"Couleurs Japon\",\"description\":\"Tissus japonais\",\"publisher\":{\"@id\":\"https:\\\/\\\/www.couleursjapon.com\\\/blog\\\/#organization\"},\"potentialAction\":[{\"@type\":\"SearchAction\",\"target\":{\"@type\":\"EntryPoint\",\"urlTemplate\":\"https:\\\/\\\/www.couleursjapon.com\\\/blog\\\/?s={search_term_string}\"},\"query-input\":{\"@type\":\"PropertyValueSpecification\",\"valueRequired\":true,\"valueName\":\"search_term_string\"}}],\"inLanguage\":\"fr-FR\"},{\"@type\":\"Organization\",\"@id\":\"https:\\\/\\\/www.couleursjapon.com\\\/blog\\\/#organization\",\"name\":\"Couleurs Japon\",\"url\":\"https:\\\/\\\/www.couleursjapon.com\\\/blog\\\/\",\"logo\":{\"@type\":\"ImageObject\",\"inLanguage\":\"fr-FR\",\"@id\":\"https:\\\/\\\/www.couleursjapon.com\\\/blog\\\/#\\\/schema\\\/logo\\\/image\\\/\",\"url\":\"https:\\\/\\\/www.couleursjapon.com\\\/blog\\\/wp-content\\\/uploads\\\/2020\\\/10\\\/couleurs-japon-logo-1.png\",\"contentUrl\":\"https:\\\/\\\/www.couleursjapon.com\\\/blog\\\/wp-content\\\/uploads\\\/2020\\\/10\\\/couleurs-japon-logo-1.png\",\"width\":400,\"height\":77,\"caption\":\"Couleurs Japon\"},\"image\":{\"@id\":\"https:\\\/\\\/www.couleursjapon.com\\\/blog\\\/#\\\/schema\\\/logo\\\/image\\\/\"},\"sameAs\":[\"https:\\\/\\\/www.facebook.com\\\/CouleursJapon\\\/\",\"https:\\\/\\\/www.instagram.com\\\/couleursjapon\",\"https:\\\/\\\/www.pinterest.fr\\\/couleursjapon\\\/\"]},{\"@type\":\"Person\",\"@id\":\"https:\\\/\\\/www.couleursjapon.com\\\/blog\\\/#\\\/schema\\\/person\\\/6cfac89a7be4e2bd871f9340169acd3b\",\"name\":\"Pascaline\",\"image\":{\"@type\":\"ImageObject\",\"inLanguage\":\"fr-FR\",\"@id\":\"https:\\\/\\\/secure.gravatar.com\\\/avatar\\\/b9c6a29f8912cdfda78bfc45075e0ff0865b74e5ddd9b600e5e618c78b531d8b?s=96&d=mm&r=g\",\"url\":\"https:\\\/\\\/secure.gravatar.com\\\/avatar\\\/b9c6a29f8912cdfda78bfc45075e0ff0865b74e5ddd9b600e5e618c78b531d8b?s=96&d=mm&r=g\",\"contentUrl\":\"https:\\\/\\\/secure.gravatar.com\\\/avatar\\\/b9c6a29f8912cdfda78bfc45075e0ff0865b74e5ddd9b600e5e618c78b531d8b?s=96&d=mm&r=g\",\"caption\":\"Pascaline\"},\"sameAs\":[\"http:\\\/\\\/www.couleursjapon.com\"]}]}<\/script>\n<!-- \/ Yoast SEO plugin. -->","yoast_head_json":{"title":"Text'Ill 2015 : quelques photos - Couleurs Japon","robots":{"index":"index","follow":"follow","max-snippet":"max-snippet:-1","max-image-preview":"max-image-preview:large","max-video-preview":"max-video-preview:-1"},"canonical":"https:\/\/www.couleursjapon.com\/blog\/textill-2015-quelques-photos\/","og_locale":"fr_FR","og_type":"article","og_title":"Text'Ill 2015 : quelques photos - Couleurs Japon","og_description":"Merci \u00e0 toutes celles et ceux qui sont venus me voir sur le salon Text&rsquo;Ill le dimanche 27 septembre \u00e0 Mulhouse. La m\u00e9t\u00e9o \u00e9tait de la partie encore cette ann\u00e9e. Un peu frais mais ensoleill\u00e9e pour cette journ\u00e9e sous le signe des tissus organis\u00e9e par l&rsquo;Office du tourisme de Mulhouse. Vous trouverez \u00e9galement quelques photos &hellip; Continuer la lecture de &laquo;&nbsp;Text&rsquo;Ill 2015 : quelques photos&nbsp;&raquo;","og_url":"https:\/\/www.couleursjapon.com\/blog\/textill-2015-quelques-photos\/","og_site_name":"Couleurs Japon","article_publisher":"https:\/\/www.facebook.com\/CouleursJapon\/","article_published_time":"2015-10-07T19:33:59+00:00","og_image":[{"width":1500,"height":1500,"url":"https:\/\/www.couleursjapon.com\/blog\/wp-content\/uploads\/2015\/10\/TextIll-2015.jpg","type":"image\/jpeg"}],"author":"Pascaline","twitter_card":"summary_large_image","twitter_misc":{"\u00c9crit par":"Pascaline","Dur\u00e9e de lecture estim\u00e9e":"1 minute"},"schema":{"@context":"https:\/\/schema.org","@graph":[{"@type":"Article","@id":"https:\/\/www.couleursjapon.com\/blog\/textill-2015-quelques-photos\/#article","isPartOf":{"@id":"https:\/\/www.couleursjapon.com\/blog\/textill-2015-quelques-photos\/"},"author":{"name":"Pascaline","@id":"https:\/\/www.couleursjapon.com\/blog\/#\/schema\/person\/6cfac89a7be4e2bd871f9340169acd3b"},"headline":"Text&rsquo;Ill 2015 : quelques photos","datePublished":"2015-10-07T19:33:59+00:00","mainEntityOfPage":{"@id":"https:\/\/www.couleursjapon.com\/blog\/textill-2015-quelques-photos\/"},"wordCount":125,"commentCount":0,"publisher":{"@id":"https:\/\/www.couleursjapon.com\/blog\/#organization"},"image":{"@id":"https:\/\/www.couleursjapon.com\/blog\/textill-2015-quelques-photos\/#primaryimage"},"thumbnailUrl":"https:\/\/www.couleursjapon.com\/blog\/wp-content\/uploads\/2015\/10\/TextIll-2015.jpg","keywords":["Mulhouse","salon","tissus"],"articleSection":["Agenda"],"inLanguage":"fr-FR","potentialAction":[{"@type":"CommentAction","name":"Comment","target":["https:\/\/www.couleursjapon.com\/blog\/textill-2015-quelques-photos\/#respond"]}]},{"@type":"WebPage","@id":"https:\/\/www.couleursjapon.com\/blog\/textill-2015-quelques-photos\/","url":"https:\/\/www.couleursjapon.com\/blog\/textill-2015-quelques-photos\/","name":"Text'Ill 2015 : quelques photos - Couleurs Japon","isPartOf":{"@id":"https:\/\/www.couleursjapon.com\/blog\/#website"},"primaryImageOfPage":{"@id":"https:\/\/www.couleursjapon.com\/blog\/textill-2015-quelques-photos\/#primaryimage"},"image":{"@id":"https:\/\/www.couleursjapon.com\/blog\/textill-2015-quelques-photos\/#primaryimage"},"thumbnailUrl":"https:\/\/www.couleursjapon.com\/blog\/wp-content\/uploads\/2015\/10\/TextIll-2015.jpg","datePublished":"2015-10-07T19:33:59+00:00","breadcrumb":{"@id":"https:\/\/www.couleursjapon.com\/blog\/textill-2015-quelques-photos\/#breadcrumb"},"inLanguage":"fr-FR","potentialAction":[{"@type":"ReadAction","target":["https:\/\/www.couleursjapon.com\/blog\/textill-2015-quelques-photos\/"]}]},{"@type":"ImageObject","inLanguage":"fr-FR","@id":"https:\/\/www.couleursjapon.com\/blog\/textill-2015-quelques-photos\/#primaryimage","url":"https:\/\/www.couleursjapon.com\/blog\/wp-content\/uploads\/2015\/10\/TextIll-2015.jpg","contentUrl":"https:\/\/www.couleursjapon.com\/blog\/wp-content\/uploads\/2015\/10\/TextIll-2015.jpg","width":1500,"height":1500,"caption":"Des nouveaut\u00e9s en avant-premi\u00e8re sur le stand Couleurs Japon"},{"@type":"BreadcrumbList","@id":"https:\/\/www.couleursjapon.com\/blog\/textill-2015-quelques-photos\/#breadcrumb","itemListElement":[{"@type":"ListItem","position":1,"name":"Accueil","item":"https:\/\/www.couleursjapon.com\/blog\/"},{"@type":"ListItem","position":2,"name":"Text&rsquo;Ill 2015 : quelques photos"}]},{"@type":"WebSite","@id":"https:\/\/www.couleursjapon.com\/blog\/#website","url":"https:\/\/www.couleursjapon.com\/blog\/","name":"Couleurs Japon","description":"Tissus japonais","publisher":{"@id":"https:\/\/www.couleursjapon.com\/blog\/#organization"},"potentialAction":[{"@type":"SearchAction","target":{"@type":"EntryPoint","urlTemplate":"https:\/\/www.couleursjapon.com\/blog\/?s={search_term_string}"},"query-input":{"@type":"PropertyValueSpecification","valueRequired":true,"valueName":"search_term_string"}}],"inLanguage":"fr-FR"},{"@type":"Organization","@id":"https:\/\/www.couleursjapon.com\/blog\/#organization","name":"Couleurs Japon","url":"https:\/\/www.couleursjapon.com\/blog\/","logo":{"@type":"ImageObject","inLanguage":"fr-FR","@id":"https:\/\/www.couleursjapon.com\/blog\/#\/schema\/logo\/image\/","url":"https:\/\/www.couleursjapon.com\/blog\/wp-content\/uploads\/2020\/10\/couleurs-japon-logo-1.png","contentUrl":"https:\/\/www.couleursjapon.com\/blog\/wp-content\/uploads\/2020\/10\/couleurs-japon-logo-1.png","width":400,"height":77,"caption":"Couleurs Japon"},"image":{"@id":"https:\/\/www.couleursjapon.com\/blog\/#\/schema\/logo\/image\/"},"sameAs":["https:\/\/www.facebook.com\/CouleursJapon\/","https:\/\/www.instagram.com\/couleursjapon","https:\/\/www.pinterest.fr\/couleursjapon\/"]},{"@type":"Person","@id":"https:\/\/www.couleursjapon.com\/blog\/#\/schema\/person\/6cfac89a7be4e2bd871f9340169acd3b","name":"Pascaline","image":{"@type":"ImageObject","inLanguage":"fr-FR","@id":"https:\/\/secure.gravatar.com\/avatar\/b9c6a29f8912cdfda78bfc45075e0ff0865b74e5ddd9b600e5e618c78b531d8b?s=96&d=mm&r=g","url":"https:\/\/secure.gravatar.com\/avatar\/b9c6a29f8912cdfda78bfc45075e0ff0865b74e5ddd9b600e5e618c78b531d8b?s=96&d=mm&r=g","contentUrl":"https:\/\/secure.gravatar.com\/avatar\/b9c6a29f8912cdfda78bfc45075e0ff0865b74e5ddd9b600e5e618c78b531d8b?s=96&d=mm&r=g","caption":"Pascaline"},"sameAs":["http:\/\/www.couleursjapon.com"]}]}},"_links":{"self":[{"href":"https:\/\/www.couleursjapon.com\/blog\/wp-json\/wp\/v2\/posts\/929","targetHints":{"allow":["GET"]}}],"collection":[{"href":"https:\/\/www.couleursjapon.com\/blog\/wp-json\/wp\/v2\/posts"}],"about":[{"href":"https:\/\/www.couleursjapon.com\/blog\/wp-json\/wp\/v2\/types\/post"}],"author":[{"embeddable":true,"href":"https:\/\/www.couleursjapon.com\/blog\/wp-json\/wp\/v2\/users\/1"}],"replies":[{"embeddable":true,"href":"https:\/\/www.couleursjapon.com\/blog\/wp-json\/wp\/v2\/comments?post=929"}],"version-history":[{"count":1,"href":"https:\/\/www.couleursjapon.com\/blog\/wp-json\/wp\/v2\/posts\/929\/revisions"}],"predecessor-version":[{"id":933,"href":"https:\/\/www.couleursjapon.com\/blog\/wp-json\/wp\/v2\/posts\/929\/revisions\/933"}],"wp:featuredmedia":[{"embeddable":true,"href":"https:\/\/www.couleursjapon.com\/blog\/wp-json\/wp\/v2\/media\/930"}],"wp:attachment":[{"href":"https:\/\/www.couleursjapon.com\/blog\/wp-json\/wp\/v2\/media?parent=929"}],"wp:term":[{"taxonomy":"category","embeddable":true,"href":"https:\/\/www.couleursjapon.com\/blog\/wp-json\/wp\/v2\/categories?post=929"},{"taxonomy":"post_tag","embeddable":true,"href":"https:\/\/www.couleursjapon.com\/blog\/wp-json\/wp\/v2\/tags?post=929"}],"curies":[{"name":"wp","href":"https:\/\/api.w.org\/{rel}","templated":true}]}}