{"id":649,"date":"2014-09-05T13:19:58","date_gmt":"2014-09-05T12:19:58","guid":{"rendered":"http:\/\/www.couleursjapon.com\/blog\/?p=649"},"modified":"2021-02-26T11:49:17","modified_gmt":"2021-02-26T10:49:17","slug":"couleurs-japon-dans-marie-claire-enfants","status":"publish","type":"post","link":"https:\/\/www.couleursjapon.com\/blog\/couleurs-japon-dans-marie-claire-enfants\/","title":{"rendered":"Couleurs Japon dans Marie-Claire Enfants"},"content":{"rendered":"<figure id=\"attachment_651\" aria-describedby=\"caption-attachment-651\" style=\"width: 225px\" class=\"wp-caption aligncenter\"><img loading=\"lazy\" decoding=\"async\" class=\"size-medium wp-image-651\" src=\"https:\/\/www.couleursjapon.com\/blog\/wp-content\/uploads\/2014\/09\/Marie-Claire-Enfants-9-225x300.jpg\" alt=\"Marie-Claire Enfants n\u00b09\" width=\"225\" height=\"300\" srcset=\"https:\/\/www.couleursjapon.com\/blog\/wp-content\/uploads\/2014\/09\/Marie-Claire-Enfants-9-225x300.jpg 225w, https:\/\/www.couleursjapon.com\/blog\/wp-content\/uploads\/2014\/09\/Marie-Claire-Enfants-9.jpg 340w\" sizes=\"auto, (max-width: 225px) 85vw, 225px\" \/><figcaption id=\"caption-attachment-651\" class=\"wp-caption-text\">Retrouvez Couleurs Japon dans Marie-Claire Enfants n\u00b09<\/figcaption><\/figure>\n<p>On parle de <em>Couleurs Japon<\/em>, enfin plut\u00f4t de notre tissu enfants rose avec les motifs d&rsquo;arc-en-ciel dans le dernier Marie-Claire Enfants (n\u00b09, septembre-octobre 2014) sorti fin ao\u00fbt. En bas \u00e0 gauche de la page 73, rubrique d\u00e9coration, vous trouverez un joli coussin r\u00e9alis\u00e9 avec ce tissu.<\/p>\n<figure id=\"attachment_650\" aria-describedby=\"caption-attachment-650\" style=\"width: 300px\" class=\"wp-caption aligncenter\"><a href=\"https:\/\/couleursjapon.com\/fr\/38-tissus-enfants\"><img loading=\"lazy\" decoding=\"async\" class=\"size-medium wp-image-650\" src=\"https:\/\/www.couleursjapon.com\/blog\/wp-content\/uploads\/2014\/09\/CJ00038D-300x300.jpg\" alt=\"Tissus enfants arcs-en-ciel et nuages, en version rose et en version verte\" width=\"300\" height=\"300\" srcset=\"https:\/\/www.couleursjapon.com\/blog\/wp-content\/uploads\/2014\/09\/CJ00038D-300x300.jpg 300w, https:\/\/www.couleursjapon.com\/blog\/wp-content\/uploads\/2014\/09\/CJ00038D-1024x1024.jpg 1024w, https:\/\/www.couleursjapon.com\/blog\/wp-content\/uploads\/2014\/09\/CJ00038D-250x250.jpg 250w, https:\/\/www.couleursjapon.com\/blog\/wp-content\/uploads\/2014\/09\/CJ00038D-768x768.jpg 768w, https:\/\/www.couleursjapon.com\/blog\/wp-content\/uploads\/2014\/09\/CJ00038D-1200x1200.jpg 1200w, https:\/\/www.couleursjapon.com\/blog\/wp-content\/uploads\/2014\/09\/CJ00038D.jpg 1500w\" sizes=\"auto, (max-width: 300px) 85vw, 300px\" \/><\/a><figcaption id=\"caption-attachment-650\" class=\"wp-caption-text\">Tissus enfants arcs-en-ciel et nuages, en version rose et en version verte<\/figcaption><\/figure>\n\n\n<p><\/p>\n","protected":false},"excerpt":{"rendered":"<p>On parle de Couleurs Japon, enfin plut\u00f4t de notre tissu enfants rose avec les motifs d&rsquo;arc-en-ciel dans le dernier Marie-Claire Enfants (n\u00b09, septembre-octobre 2014) sorti fin ao\u00fbt. En bas \u00e0 gauche de la page 73, rubrique d\u00e9coration, vous trouverez un joli coussin r\u00e9alis\u00e9 avec ce tissu.<\/p>\n","protected":false},"author":1,"featured_media":650,"comment_status":"open","ping_status":"open","sticky":false,"template":"","format":"standard","meta":{"footnotes":""},"categories":[7],"tags":[227,223,42,12],"class_list":["post-649","post","type-post","status-publish","format-standard","has-post-thumbnail","hentry","category-actualites","tag-decoration","tag-enfant","tag-tissu","tag-tissus-2"],"yoast_head":"<!-- This site is optimized with the Yoast SEO plugin v27.3 - https:\/\/yoast.com\/product\/yoast-seo-wordpress\/ -->\n<title>Couleurs Japon dans Marie-Claire Enfants - Couleurs Japon<\/title>\n<meta name=\"robots\" content=\"index, follow, max-snippet:-1, max-image-preview:large, max-video-preview:-1\" \/>\n<link rel=\"canonical\" href=\"https:\/\/www.couleursjapon.com\/blog\/couleurs-japon-dans-marie-claire-enfants\/\" \/>\n<meta property=\"og:locale\" content=\"fr_FR\" \/>\n<meta property=\"og:type\" content=\"article\" \/>\n<meta property=\"og:title\" content=\"Couleurs Japon dans Marie-Claire Enfants - Couleurs Japon\" \/>\n<meta property=\"og:description\" content=\"On parle de Couleurs Japon, enfin plut\u00f4t de notre tissu enfants rose avec les motifs d&rsquo;arc-en-ciel dans le dernier Marie-Claire Enfants (n\u00b09, septembre-octobre 2014) sorti fin ao\u00fbt. En bas \u00e0 gauche de la page 73, rubrique d\u00e9coration, vous trouverez un joli coussin r\u00e9alis\u00e9 avec ce tissu.\" \/>\n<meta property=\"og:url\" content=\"https:\/\/www.couleursjapon.com\/blog\/couleurs-japon-dans-marie-claire-enfants\/\" \/>\n<meta property=\"og:site_name\" content=\"Couleurs Japon\" \/>\n<meta property=\"article:publisher\" content=\"https:\/\/www.facebook.com\/CouleursJapon\/\" \/>\n<meta property=\"article:published_time\" content=\"2014-09-05T12:19:58+00:00\" \/>\n<meta property=\"article:modified_time\" content=\"2021-02-26T10:49:17+00:00\" \/>\n<meta property=\"og:image\" content=\"https:\/\/www.couleursjapon.com\/blog\/wp-content\/uploads\/2014\/09\/CJ00038D.jpg\" \/>\n\t<meta property=\"og:image:width\" content=\"1500\" \/>\n\t<meta property=\"og:image:height\" content=\"1500\" \/>\n\t<meta property=\"og:image:type\" content=\"image\/jpeg\" \/>\n<meta name=\"author\" content=\"Pascaline\" \/>\n<meta name=\"twitter:card\" content=\"summary_large_image\" \/>\n<meta name=\"twitter:label1\" content=\"\u00c9crit par\" \/>\n\t<meta name=\"twitter:data1\" content=\"Pascaline\" \/>\n\t<meta name=\"twitter:label2\" content=\"Dur\u00e9e de lecture estim\u00e9e\" \/>\n\t<meta name=\"twitter:data2\" content=\"1 minute\" \/>\n<script type=\"application\/ld+json\" class=\"yoast-schema-graph\">{\"@context\":\"https:\\\/\\\/schema.org\",\"@graph\":[{\"@type\":\"Article\",\"@id\":\"https:\\\/\\\/www.couleursjapon.com\\\/blog\\\/couleurs-japon-dans-marie-claire-enfants\\\/#article\",\"isPartOf\":{\"@id\":\"https:\\\/\\\/www.couleursjapon.com\\\/blog\\\/couleurs-japon-dans-marie-claire-enfants\\\/\"},\"author\":{\"name\":\"Pascaline\",\"@id\":\"https:\\\/\\\/www.couleursjapon.com\\\/blog\\\/#\\\/schema\\\/person\\\/6cfac89a7be4e2bd871f9340169acd3b\"},\"headline\":\"Couleurs Japon dans Marie-Claire Enfants\",\"datePublished\":\"2014-09-05T12:19:58+00:00\",\"dateModified\":\"2021-02-26T10:49:17+00:00\",\"mainEntityOfPage\":{\"@id\":\"https:\\\/\\\/www.couleursjapon.com\\\/blog\\\/couleurs-japon-dans-marie-claire-enfants\\\/\"},\"wordCount\":86,\"commentCount\":0,\"publisher\":{\"@id\":\"https:\\\/\\\/www.couleursjapon.com\\\/blog\\\/#organization\"},\"image\":{\"@id\":\"https:\\\/\\\/www.couleursjapon.com\\\/blog\\\/couleurs-japon-dans-marie-claire-enfants\\\/#primaryimage\"},\"thumbnailUrl\":\"https:\\\/\\\/www.couleursjapon.com\\\/blog\\\/wp-content\\\/uploads\\\/2014\\\/09\\\/CJ00038D.jpg\",\"keywords\":[\"d\u00e9coration\",\"enfant\",\"tissu\",\"tissus\"],\"articleSection\":[\"Actualit\u00e9s\\\/News\"],\"inLanguage\":\"fr-FR\",\"potentialAction\":[{\"@type\":\"CommentAction\",\"name\":\"Comment\",\"target\":[\"https:\\\/\\\/www.couleursjapon.com\\\/blog\\\/couleurs-japon-dans-marie-claire-enfants\\\/#respond\"]}]},{\"@type\":\"WebPage\",\"@id\":\"https:\\\/\\\/www.couleursjapon.com\\\/blog\\\/couleurs-japon-dans-marie-claire-enfants\\\/\",\"url\":\"https:\\\/\\\/www.couleursjapon.com\\\/blog\\\/couleurs-japon-dans-marie-claire-enfants\\\/\",\"name\":\"Couleurs Japon dans Marie-Claire Enfants - Couleurs Japon\",\"isPartOf\":{\"@id\":\"https:\\\/\\\/www.couleursjapon.com\\\/blog\\\/#website\"},\"primaryImageOfPage\":{\"@id\":\"https:\\\/\\\/www.couleursjapon.com\\\/blog\\\/couleurs-japon-dans-marie-claire-enfants\\\/#primaryimage\"},\"image\":{\"@id\":\"https:\\\/\\\/www.couleursjapon.com\\\/blog\\\/couleurs-japon-dans-marie-claire-enfants\\\/#primaryimage\"},\"thumbnailUrl\":\"https:\\\/\\\/www.couleursjapon.com\\\/blog\\\/wp-content\\\/uploads\\\/2014\\\/09\\\/CJ00038D.jpg\",\"datePublished\":\"2014-09-05T12:19:58+00:00\",\"dateModified\":\"2021-02-26T10:49:17+00:00\",\"breadcrumb\":{\"@id\":\"https:\\\/\\\/www.couleursjapon.com\\\/blog\\\/couleurs-japon-dans-marie-claire-enfants\\\/#breadcrumb\"},\"inLanguage\":\"fr-FR\",\"potentialAction\":[{\"@type\":\"ReadAction\",\"target\":[\"https:\\\/\\\/www.couleursjapon.com\\\/blog\\\/couleurs-japon-dans-marie-claire-enfants\\\/\"]}]},{\"@type\":\"ImageObject\",\"inLanguage\":\"fr-FR\",\"@id\":\"https:\\\/\\\/www.couleursjapon.com\\\/blog\\\/couleurs-japon-dans-marie-claire-enfants\\\/#primaryimage\",\"url\":\"https:\\\/\\\/www.couleursjapon.com\\\/blog\\\/wp-content\\\/uploads\\\/2014\\\/09\\\/CJ00038D.jpg\",\"contentUrl\":\"https:\\\/\\\/www.couleursjapon.com\\\/blog\\\/wp-content\\\/uploads\\\/2014\\\/09\\\/CJ00038D.jpg\",\"width\":1500,\"height\":1500,\"caption\":\"Tissu enfants arc-en-ciel\"},{\"@type\":\"BreadcrumbList\",\"@id\":\"https:\\\/\\\/www.couleursjapon.com\\\/blog\\\/couleurs-japon-dans-marie-claire-enfants\\\/#breadcrumb\",\"itemListElement\":[{\"@type\":\"ListItem\",\"position\":1,\"name\":\"Accueil\",\"item\":\"https:\\\/\\\/www.couleursjapon.com\\\/blog\\\/\"},{\"@type\":\"ListItem\",\"position\":2,\"name\":\"Couleurs Japon dans Marie-Claire Enfants\"}]},{\"@type\":\"WebSite\",\"@id\":\"https:\\\/\\\/www.couleursjapon.com\\\/blog\\\/#website\",\"url\":\"https:\\\/\\\/www.couleursjapon.com\\\/blog\\\/\",\"name\":\"Couleurs Japon\",\"description\":\"Tissus japonais\",\"publisher\":{\"@id\":\"https:\\\/\\\/www.couleursjapon.com\\\/blog\\\/#organization\"},\"potentialAction\":[{\"@type\":\"SearchAction\",\"target\":{\"@type\":\"EntryPoint\",\"urlTemplate\":\"https:\\\/\\\/www.couleursjapon.com\\\/blog\\\/?s={search_term_string}\"},\"query-input\":{\"@type\":\"PropertyValueSpecification\",\"valueRequired\":true,\"valueName\":\"search_term_string\"}}],\"inLanguage\":\"fr-FR\"},{\"@type\":\"Organization\",\"@id\":\"https:\\\/\\\/www.couleursjapon.com\\\/blog\\\/#organization\",\"name\":\"Couleurs Japon\",\"url\":\"https:\\\/\\\/www.couleursjapon.com\\\/blog\\\/\",\"logo\":{\"@type\":\"ImageObject\",\"inLanguage\":\"fr-FR\",\"@id\":\"https:\\\/\\\/www.couleursjapon.com\\\/blog\\\/#\\\/schema\\\/logo\\\/image\\\/\",\"url\":\"https:\\\/\\\/www.couleursjapon.com\\\/blog\\\/wp-content\\\/uploads\\\/2020\\\/10\\\/couleurs-japon-logo-1.png\",\"contentUrl\":\"https:\\\/\\\/www.couleursjapon.com\\\/blog\\\/wp-content\\\/uploads\\\/2020\\\/10\\\/couleurs-japon-logo-1.png\",\"width\":400,\"height\":77,\"caption\":\"Couleurs Japon\"},\"image\":{\"@id\":\"https:\\\/\\\/www.couleursjapon.com\\\/blog\\\/#\\\/schema\\\/logo\\\/image\\\/\"},\"sameAs\":[\"https:\\\/\\\/www.facebook.com\\\/CouleursJapon\\\/\",\"https:\\\/\\\/www.instagram.com\\\/couleursjapon\",\"https:\\\/\\\/www.pinterest.fr\\\/couleursjapon\\\/\"]},{\"@type\":\"Person\",\"@id\":\"https:\\\/\\\/www.couleursjapon.com\\\/blog\\\/#\\\/schema\\\/person\\\/6cfac89a7be4e2bd871f9340169acd3b\",\"name\":\"Pascaline\",\"image\":{\"@type\":\"ImageObject\",\"inLanguage\":\"fr-FR\",\"@id\":\"https:\\\/\\\/secure.gravatar.com\\\/avatar\\\/b9c6a29f8912cdfda78bfc45075e0ff0865b74e5ddd9b600e5e618c78b531d8b?s=96&d=mm&r=g\",\"url\":\"https:\\\/\\\/secure.gravatar.com\\\/avatar\\\/b9c6a29f8912cdfda78bfc45075e0ff0865b74e5ddd9b600e5e618c78b531d8b?s=96&d=mm&r=g\",\"contentUrl\":\"https:\\\/\\\/secure.gravatar.com\\\/avatar\\\/b9c6a29f8912cdfda78bfc45075e0ff0865b74e5ddd9b600e5e618c78b531d8b?s=96&d=mm&r=g\",\"caption\":\"Pascaline\"},\"sameAs\":[\"http:\\\/\\\/www.couleursjapon.com\"]}]}<\/script>\n<!-- \/ Yoast SEO plugin. -->","yoast_head_json":{"title":"Couleurs Japon dans Marie-Claire Enfants - Couleurs Japon","robots":{"index":"index","follow":"follow","max-snippet":"max-snippet:-1","max-image-preview":"max-image-preview:large","max-video-preview":"max-video-preview:-1"},"canonical":"https:\/\/www.couleursjapon.com\/blog\/couleurs-japon-dans-marie-claire-enfants\/","og_locale":"fr_FR","og_type":"article","og_title":"Couleurs Japon dans Marie-Claire Enfants - Couleurs Japon","og_description":"On parle de Couleurs Japon, enfin plut\u00f4t de notre tissu enfants rose avec les motifs d&rsquo;arc-en-ciel dans le dernier Marie-Claire Enfants (n\u00b09, septembre-octobre 2014) sorti fin ao\u00fbt. En bas \u00e0 gauche de la page 73, rubrique d\u00e9coration, vous trouverez un joli coussin r\u00e9alis\u00e9 avec ce tissu.","og_url":"https:\/\/www.couleursjapon.com\/blog\/couleurs-japon-dans-marie-claire-enfants\/","og_site_name":"Couleurs Japon","article_publisher":"https:\/\/www.facebook.com\/CouleursJapon\/","article_published_time":"2014-09-05T12:19:58+00:00","article_modified_time":"2021-02-26T10:49:17+00:00","og_image":[{"width":1500,"height":1500,"url":"https:\/\/www.couleursjapon.com\/blog\/wp-content\/uploads\/2014\/09\/CJ00038D.jpg","type":"image\/jpeg"}],"author":"Pascaline","twitter_card":"summary_large_image","twitter_misc":{"\u00c9crit par":"Pascaline","Dur\u00e9e de lecture estim\u00e9e":"1 minute"},"schema":{"@context":"https:\/\/schema.org","@graph":[{"@type":"Article","@id":"https:\/\/www.couleursjapon.com\/blog\/couleurs-japon-dans-marie-claire-enfants\/#article","isPartOf":{"@id":"https:\/\/www.couleursjapon.com\/blog\/couleurs-japon-dans-marie-claire-enfants\/"},"author":{"name":"Pascaline","@id":"https:\/\/www.couleursjapon.com\/blog\/#\/schema\/person\/6cfac89a7be4e2bd871f9340169acd3b"},"headline":"Couleurs Japon dans Marie-Claire Enfants","datePublished":"2014-09-05T12:19:58+00:00","dateModified":"2021-02-26T10:49:17+00:00","mainEntityOfPage":{"@id":"https:\/\/www.couleursjapon.com\/blog\/couleurs-japon-dans-marie-claire-enfants\/"},"wordCount":86,"commentCount":0,"publisher":{"@id":"https:\/\/www.couleursjapon.com\/blog\/#organization"},"image":{"@id":"https:\/\/www.couleursjapon.com\/blog\/couleurs-japon-dans-marie-claire-enfants\/#primaryimage"},"thumbnailUrl":"https:\/\/www.couleursjapon.com\/blog\/wp-content\/uploads\/2014\/09\/CJ00038D.jpg","keywords":["d\u00e9coration","enfant","tissu","tissus"],"articleSection":["Actualit\u00e9s\/News"],"inLanguage":"fr-FR","potentialAction":[{"@type":"CommentAction","name":"Comment","target":["https:\/\/www.couleursjapon.com\/blog\/couleurs-japon-dans-marie-claire-enfants\/#respond"]}]},{"@type":"WebPage","@id":"https:\/\/www.couleursjapon.com\/blog\/couleurs-japon-dans-marie-claire-enfants\/","url":"https:\/\/www.couleursjapon.com\/blog\/couleurs-japon-dans-marie-claire-enfants\/","name":"Couleurs Japon dans Marie-Claire Enfants - Couleurs Japon","isPartOf":{"@id":"https:\/\/www.couleursjapon.com\/blog\/#website"},"primaryImageOfPage":{"@id":"https:\/\/www.couleursjapon.com\/blog\/couleurs-japon-dans-marie-claire-enfants\/#primaryimage"},"image":{"@id":"https:\/\/www.couleursjapon.com\/blog\/couleurs-japon-dans-marie-claire-enfants\/#primaryimage"},"thumbnailUrl":"https:\/\/www.couleursjapon.com\/blog\/wp-content\/uploads\/2014\/09\/CJ00038D.jpg","datePublished":"2014-09-05T12:19:58+00:00","dateModified":"2021-02-26T10:49:17+00:00","breadcrumb":{"@id":"https:\/\/www.couleursjapon.com\/blog\/couleurs-japon-dans-marie-claire-enfants\/#breadcrumb"},"inLanguage":"fr-FR","potentialAction":[{"@type":"ReadAction","target":["https:\/\/www.couleursjapon.com\/blog\/couleurs-japon-dans-marie-claire-enfants\/"]}]},{"@type":"ImageObject","inLanguage":"fr-FR","@id":"https:\/\/www.couleursjapon.com\/blog\/couleurs-japon-dans-marie-claire-enfants\/#primaryimage","url":"https:\/\/www.couleursjapon.com\/blog\/wp-content\/uploads\/2014\/09\/CJ00038D.jpg","contentUrl":"https:\/\/www.couleursjapon.com\/blog\/wp-content\/uploads\/2014\/09\/CJ00038D.jpg","width":1500,"height":1500,"caption":"Tissu enfants arc-en-ciel"},{"@type":"BreadcrumbList","@id":"https:\/\/www.couleursjapon.com\/blog\/couleurs-japon-dans-marie-claire-enfants\/#breadcrumb","itemListElement":[{"@type":"ListItem","position":1,"name":"Accueil","item":"https:\/\/www.couleursjapon.com\/blog\/"},{"@type":"ListItem","position":2,"name":"Couleurs Japon dans Marie-Claire Enfants"}]},{"@type":"WebSite","@id":"https:\/\/www.couleursjapon.com\/blog\/#website","url":"https:\/\/www.couleursjapon.com\/blog\/","name":"Couleurs Japon","description":"Tissus japonais","publisher":{"@id":"https:\/\/www.couleursjapon.com\/blog\/#organization"},"potentialAction":[{"@type":"SearchAction","target":{"@type":"EntryPoint","urlTemplate":"https:\/\/www.couleursjapon.com\/blog\/?s={search_term_string}"},"query-input":{"@type":"PropertyValueSpecification","valueRequired":true,"valueName":"search_term_string"}}],"inLanguage":"fr-FR"},{"@type":"Organization","@id":"https:\/\/www.couleursjapon.com\/blog\/#organization","name":"Couleurs Japon","url":"https:\/\/www.couleursjapon.com\/blog\/","logo":{"@type":"ImageObject","inLanguage":"fr-FR","@id":"https:\/\/www.couleursjapon.com\/blog\/#\/schema\/logo\/image\/","url":"https:\/\/www.couleursjapon.com\/blog\/wp-content\/uploads\/2020\/10\/couleurs-japon-logo-1.png","contentUrl":"https:\/\/www.couleursjapon.com\/blog\/wp-content\/uploads\/2020\/10\/couleurs-japon-logo-1.png","width":400,"height":77,"caption":"Couleurs Japon"},"image":{"@id":"https:\/\/www.couleursjapon.com\/blog\/#\/schema\/logo\/image\/"},"sameAs":["https:\/\/www.facebook.com\/CouleursJapon\/","https:\/\/www.instagram.com\/couleursjapon","https:\/\/www.pinterest.fr\/couleursjapon\/"]},{"@type":"Person","@id":"https:\/\/www.couleursjapon.com\/blog\/#\/schema\/person\/6cfac89a7be4e2bd871f9340169acd3b","name":"Pascaline","image":{"@type":"ImageObject","inLanguage":"fr-FR","@id":"https:\/\/secure.gravatar.com\/avatar\/b9c6a29f8912cdfda78bfc45075e0ff0865b74e5ddd9b600e5e618c78b531d8b?s=96&d=mm&r=g","url":"https:\/\/secure.gravatar.com\/avatar\/b9c6a29f8912cdfda78bfc45075e0ff0865b74e5ddd9b600e5e618c78b531d8b?s=96&d=mm&r=g","contentUrl":"https:\/\/secure.gravatar.com\/avatar\/b9c6a29f8912cdfda78bfc45075e0ff0865b74e5ddd9b600e5e618c78b531d8b?s=96&d=mm&r=g","caption":"Pascaline"},"sameAs":["http:\/\/www.couleursjapon.com"]}]}},"_links":{"self":[{"href":"https:\/\/www.couleursjapon.com\/blog\/wp-json\/wp\/v2\/posts\/649","targetHints":{"allow":["GET"]}}],"collection":[{"href":"https:\/\/www.couleursjapon.com\/blog\/wp-json\/wp\/v2\/posts"}],"about":[{"href":"https:\/\/www.couleursjapon.com\/blog\/wp-json\/wp\/v2\/types\/post"}],"author":[{"embeddable":true,"href":"https:\/\/www.couleursjapon.com\/blog\/wp-json\/wp\/v2\/users\/1"}],"replies":[{"embeddable":true,"href":"https:\/\/www.couleursjapon.com\/blog\/wp-json\/wp\/v2\/comments?post=649"}],"version-history":[{"count":4,"href":"https:\/\/www.couleursjapon.com\/blog\/wp-json\/wp\/v2\/posts\/649\/revisions"}],"predecessor-version":[{"id":1450,"href":"https:\/\/www.couleursjapon.com\/blog\/wp-json\/wp\/v2\/posts\/649\/revisions\/1450"}],"wp:featuredmedia":[{"embeddable":true,"href":"https:\/\/www.couleursjapon.com\/blog\/wp-json\/wp\/v2\/media\/650"}],"wp:attachment":[{"href":"https:\/\/www.couleursjapon.com\/blog\/wp-json\/wp\/v2\/media?parent=649"}],"wp:term":[{"taxonomy":"category","embeddable":true,"href":"https:\/\/www.couleursjapon.com\/blog\/wp-json\/wp\/v2\/categories?post=649"},{"taxonomy":"post_tag","embeddable":true,"href":"https:\/\/www.couleursjapon.com\/blog\/wp-json\/wp\/v2\/tags?post=649"}],"curies":[{"name":"wp","href":"https:\/\/api.w.org\/{rel}","templated":true}]}}