{"id":440,"date":"2013-11-06T22:22:20","date_gmt":"2013-11-06T21:22:20","guid":{"rendered":"http:\/\/www.couleursjapon.com\/blog\/?p=440"},"modified":"2020-10-08T16:09:21","modified_gmt":"2020-10-08T15:09:21","slug":"exposition-territoire-dartistes-a-beaucourt","status":"publish","type":"post","link":"https:\/\/www.couleursjapon.com\/blog\/exposition-territoire-dartistes-a-beaucourt\/","title":{"rendered":"Exposition territoire d&rsquo;artistes \u00e0 Beaucourt"},"content":{"rendered":"<p>Du 1er au 3 novembre derniers Couleurs Japon \u00e9tait pr\u00e9sent avec des cr\u00e9ations toutes belles toutes neuves au salon organis\u00e9 par l&rsquo;association Territoire d&rsquo;Artistes \u00e0 Beaucourt (90).<\/p>\n<p>Les exposants \u00e9taient de qualit\u00e9 et un d\u00e9fil\u00e9 de mode le samedi et une vente au ench\u00e8res d\u2019\u0153uvres au profit de l&rsquo;association Les Amis d&rsquo;Ailleurs le dimanche ont rythm\u00e9 le week-end.<\/p>\n<p>Petit compte rendu en images&#8230;<\/p>\n<figure id=\"attachment_441\" aria-describedby=\"caption-attachment-441\" style=\"width: 300px\" class=\"wp-caption aligncenter\"><a href=\"http:\/\/www.couleursjapon.com\/blog\/wp-content\/uploads\/2013\/11\/couleurs-japon-beaucourt01.jpg\"><img loading=\"lazy\" decoding=\"async\" class=\"size-medium wp-image-441\" src=\"https:\/\/www.couleursjapon.com\/blog\/wp-content\/uploads\/2013\/11\/couleurs-japon-beaucourt01-300x218.jpg\" alt=\"Le stand Couleurs Japon\" width=\"300\" height=\"218\" srcset=\"https:\/\/www.couleursjapon.com\/blog\/wp-content\/uploads\/2013\/11\/couleurs-japon-beaucourt01-300x218.jpg 300w, https:\/\/www.couleursjapon.com\/blog\/wp-content\/uploads\/2013\/11\/couleurs-japon-beaucourt01-1024x745.jpg 1024w, https:\/\/www.couleursjapon.com\/blog\/wp-content\/uploads\/2013\/11\/couleurs-japon-beaucourt01-768x559.jpg 768w, https:\/\/www.couleursjapon.com\/blog\/wp-content\/uploads\/2013\/11\/couleurs-japon-beaucourt01-1536x1117.jpg 1536w, https:\/\/www.couleursjapon.com\/blog\/wp-content\/uploads\/2013\/11\/couleurs-japon-beaucourt01-2048x1489.jpg 2048w, https:\/\/www.couleursjapon.com\/blog\/wp-content\/uploads\/2013\/11\/couleurs-japon-beaucourt01-1200x873.jpg 1200w, https:\/\/www.couleursjapon.com\/blog\/wp-content\/uploads\/2013\/11\/couleurs-japon-beaucourt01-1980x1440.jpg 1980w\" sizes=\"auto, (max-width: 300px) 85vw, 300px\" \/><\/a><figcaption id=\"caption-attachment-441\" class=\"wp-caption-text\">Le stand de Couleurs Japon<\/figcaption><\/figure>\n<p><a href=\"http:\/\/www.couleursjapon.com\/blog\/wp-content\/uploads\/2013\/11\/couleurs-japon-beaucourt02.jpg\"><img loading=\"lazy\" decoding=\"async\" class=\"aligncenter size-medium wp-image-442\" src=\"https:\/\/www.couleursjapon.com\/blog\/wp-content\/uploads\/2013\/11\/couleurs-japon-beaucourt02-300x233.jpg\" alt=\"couleurs-japon-beaucourt02\" width=\"300\" height=\"233\" srcset=\"https:\/\/www.couleursjapon.com\/blog\/wp-content\/uploads\/2013\/11\/couleurs-japon-beaucourt02-300x233.jpg 300w, https:\/\/www.couleursjapon.com\/blog\/wp-content\/uploads\/2013\/11\/couleurs-japon-beaucourt02-1024x796.jpg 1024w, https:\/\/www.couleursjapon.com\/blog\/wp-content\/uploads\/2013\/11\/couleurs-japon-beaucourt02-768x597.jpg 768w, https:\/\/www.couleursjapon.com\/blog\/wp-content\/uploads\/2013\/11\/couleurs-japon-beaucourt02-1536x1194.jpg 1536w, https:\/\/www.couleursjapon.com\/blog\/wp-content\/uploads\/2013\/11\/couleurs-japon-beaucourt02-1200x933.jpg 1200w, https:\/\/www.couleursjapon.com\/blog\/wp-content\/uploads\/2013\/11\/couleurs-japon-beaucourt02.jpg 1600w\" sizes=\"auto, (max-width: 300px) 85vw, 300px\" \/><\/a> <a href=\"http:\/\/www.couleursjapon.com\/blog\/wp-content\/uploads\/2013\/11\/couleurs-japon-beaucourt03.jpg\"><img loading=\"lazy\" decoding=\"async\" class=\"aligncenter size-medium wp-image-443\" src=\"https:\/\/www.couleursjapon.com\/blog\/wp-content\/uploads\/2013\/11\/couleurs-japon-beaucourt03-222x300.jpg\" alt=\"couleurs-japon-beaucourt03\" width=\"222\" height=\"300\" srcset=\"https:\/\/www.couleursjapon.com\/blog\/wp-content\/uploads\/2013\/11\/couleurs-japon-beaucourt03-222x300.jpg 222w, https:\/\/www.couleursjapon.com\/blog\/wp-content\/uploads\/2013\/11\/couleurs-japon-beaucourt03-759x1024.jpg 759w, https:\/\/www.couleursjapon.com\/blog\/wp-content\/uploads\/2013\/11\/couleurs-japon-beaucourt03-768x1037.jpg 768w, https:\/\/www.couleursjapon.com\/blog\/wp-content\/uploads\/2013\/11\/couleurs-japon-beaucourt03-1138x1536.jpg 1138w, https:\/\/www.couleursjapon.com\/blog\/wp-content\/uploads\/2013\/11\/couleurs-japon-beaucourt03.jpg 1200w\" sizes=\"auto, (max-width: 222px) 85vw, 222px\" \/><\/a> <a href=\"http:\/\/www.couleursjapon.com\/blog\/wp-content\/uploads\/2013\/11\/couleurs-japon-beaucourt04.jpg\"><img loading=\"lazy\" decoding=\"async\" class=\"aligncenter size-medium wp-image-444\" src=\"https:\/\/www.couleursjapon.com\/blog\/wp-content\/uploads\/2013\/11\/couleurs-japon-beaucourt04-300x227.jpg\" alt=\"couleurs-japon-beaucourt04\" width=\"300\" height=\"227\" \/><\/a> <a href=\"http:\/\/www.couleursjapon.com\/blog\/wp-content\/uploads\/2013\/11\/couleurs-japon-beaucourt05.jpg\"><img loading=\"lazy\" decoding=\"async\" class=\"aligncenter size-medium wp-image-445\" src=\"https:\/\/www.couleursjapon.com\/blog\/wp-content\/uploads\/2013\/11\/couleurs-japon-beaucourt05-208x300.jpg\" alt=\"couleurs-japon-beaucourt05\" width=\"208\" height=\"300\" \/><\/a><\/p>\n<figure id=\"attachment_446\" aria-describedby=\"caption-attachment-446\" style=\"width: 229px\" class=\"wp-caption aligncenter\"><a href=\"http:\/\/www.couleursjapon.com\/blog\/wp-content\/uploads\/2013\/11\/expo-beaucourt01.jpg\"><img loading=\"lazy\" decoding=\"async\" class=\"size-medium wp-image-446\" src=\"https:\/\/www.couleursjapon.com\/blog\/wp-content\/uploads\/2013\/11\/expo-beaucourt01-229x300.jpg\" alt=\"D\u00e9fil\u00e9 de mode\" width=\"229\" height=\"300\" \/><\/a><figcaption id=\"caption-attachment-446\" class=\"wp-caption-text\">D\u00e9fil\u00e9 de mode \u00e0 Beaucourt<\/figcaption><\/figure>\n<p><a href=\"http:\/\/www.couleursjapon.com\/blog\/wp-content\/uploads\/2013\/11\/expo-beaucourt02.jpg\"><img loading=\"lazy\" decoding=\"async\" class=\"aligncenter size-medium wp-image-447\" src=\"https:\/\/www.couleursjapon.com\/blog\/wp-content\/uploads\/2013\/11\/expo-beaucourt02-262x300.jpg\" alt=\"expo-beaucourt02\" width=\"262\" height=\"300\" \/><\/a> <a href=\"http:\/\/www.couleursjapon.com\/blog\/wp-content\/uploads\/2013\/11\/expo-beaucourt03.jpg\"><img loading=\"lazy\" decoding=\"async\" class=\"aligncenter size-medium wp-image-448\" src=\"https:\/\/www.couleursjapon.com\/blog\/wp-content\/uploads\/2013\/11\/expo-beaucourt03-215x300.jpg\" alt=\"expo-beaucourt03\" width=\"215\" height=\"300\" \/><\/a> <a href=\"http:\/\/www.couleursjapon.com\/blog\/wp-content\/uploads\/2013\/11\/expo-beaucourt04.jpg\"><img loading=\"lazy\" decoding=\"async\" class=\"aligncenter size-medium wp-image-449\" src=\"https:\/\/www.couleursjapon.com\/blog\/wp-content\/uploads\/2013\/11\/expo-beaucourt04-300x300.jpg\" alt=\"expo-beaucourt04\" width=\"300\" height=\"300\" srcset=\"https:\/\/www.couleursjapon.com\/blog\/wp-content\/uploads\/2013\/11\/expo-beaucourt04-300x300.jpg 300w, https:\/\/www.couleursjapon.com\/blog\/wp-content\/uploads\/2013\/11\/expo-beaucourt04-1024x1024.jpg 1024w, https:\/\/www.couleursjapon.com\/blog\/wp-content\/uploads\/2013\/11\/expo-beaucourt04-250x250.jpg 250w, https:\/\/www.couleursjapon.com\/blog\/wp-content\/uploads\/2013\/11\/expo-beaucourt04-768x768.jpg 768w, https:\/\/www.couleursjapon.com\/blog\/wp-content\/uploads\/2013\/11\/expo-beaucourt04-1200x1200.jpg 1200w, https:\/\/www.couleursjapon.com\/blog\/wp-content\/uploads\/2013\/11\/expo-beaucourt04.jpg 1500w\" sizes=\"auto, (max-width: 300px) 85vw, 300px\" \/><\/a> <a href=\"http:\/\/www.couleursjapon.com\/blog\/wp-content\/uploads\/2013\/11\/expo-beaucourt05.jpg\"><img loading=\"lazy\" decoding=\"async\" class=\"aligncenter size-medium wp-image-450\" src=\"https:\/\/www.couleursjapon.com\/blog\/wp-content\/uploads\/2013\/11\/expo-beaucourt05-210x300.jpg\" alt=\"expo-beaucourt05\" width=\"210\" height=\"300\" srcset=\"https:\/\/www.couleursjapon.com\/blog\/wp-content\/uploads\/2013\/11\/expo-beaucourt05-210x300.jpg 210w, https:\/\/www.couleursjapon.com\/blog\/wp-content\/uploads\/2013\/11\/expo-beaucourt05-717x1024.jpg 717w, https:\/\/www.couleursjapon.com\/blog\/wp-content\/uploads\/2013\/11\/expo-beaucourt05-768x1097.jpg 768w, https:\/\/www.couleursjapon.com\/blog\/wp-content\/uploads\/2013\/11\/expo-beaucourt05-1075x1536.jpg 1075w, https:\/\/www.couleursjapon.com\/blog\/wp-content\/uploads\/2013\/11\/expo-beaucourt05.jpg 1200w\" sizes=\"auto, (max-width: 210px) 85vw, 210px\" \/><\/a> <a href=\"http:\/\/www.couleursjapon.com\/blog\/wp-content\/uploads\/2013\/11\/expo-beaucourt06.jpg\"><img loading=\"lazy\" decoding=\"async\" class=\"aligncenter size-medium wp-image-451\" src=\"https:\/\/www.couleursjapon.com\/blog\/wp-content\/uploads\/2013\/11\/expo-beaucourt06-257x300.jpg\" alt=\"expo-beaucourt06\" width=\"257\" height=\"300\" srcset=\"https:\/\/www.couleursjapon.com\/blog\/wp-content\/uploads\/2013\/11\/expo-beaucourt06-257x300.jpg 257w, https:\/\/www.couleursjapon.com\/blog\/wp-content\/uploads\/2013\/11\/expo-beaucourt06-878x1024.jpg 878w, https:\/\/www.couleursjapon.com\/blog\/wp-content\/uploads\/2013\/11\/expo-beaucourt06-768x896.jpg 768w, https:\/\/www.couleursjapon.com\/blog\/wp-content\/uploads\/2013\/11\/expo-beaucourt06.jpg 1200w\" sizes=\"auto, (max-width: 257px) 85vw, 257px\" \/><\/a> <a href=\"http:\/\/www.couleursjapon.com\/blog\/wp-content\/uploads\/2013\/11\/expo-beaucourt07.jpg\"><img loading=\"lazy\" decoding=\"async\" class=\"aligncenter size-medium wp-image-452\" src=\"https:\/\/www.couleursjapon.com\/blog\/wp-content\/uploads\/2013\/11\/expo-beaucourt07-225x300.jpg\" alt=\"expo-beaucourt07\" width=\"225\" height=\"300\" srcset=\"https:\/\/www.couleursjapon.com\/blog\/wp-content\/uploads\/2013\/11\/expo-beaucourt07-225x300.jpg 225w, https:\/\/www.couleursjapon.com\/blog\/wp-content\/uploads\/2013\/11\/expo-beaucourt07-768x1024.jpg 768w, https:\/\/www.couleursjapon.com\/blog\/wp-content\/uploads\/2013\/11\/expo-beaucourt07-1152x1536.jpg 1152w, https:\/\/www.couleursjapon.com\/blog\/wp-content\/uploads\/2013\/11\/expo-beaucourt07.jpg 1200w\" sizes=\"auto, (max-width: 225px) 85vw, 225px\" \/><\/a> <a href=\"http:\/\/www.couleursjapon.com\/blog\/wp-content\/uploads\/2013\/11\/expo-beaucourt08.jpg\"><img loading=\"lazy\" decoding=\"async\" class=\"aligncenter size-medium wp-image-453\" src=\"https:\/\/www.couleursjapon.com\/blog\/wp-content\/uploads\/2013\/11\/expo-beaucourt08-204x300.jpg\" alt=\"expo-beaucourt08\" width=\"204\" height=\"300\" \/><\/a> <a href=\"http:\/\/www.couleursjapon.com\/blog\/wp-content\/uploads\/2013\/11\/expo-beaucourt09.jpg\"><img loading=\"lazy\" decoding=\"async\" class=\"aligncenter size-medium wp-image-454\" src=\"https:\/\/www.couleursjapon.com\/blog\/wp-content\/uploads\/2013\/11\/expo-beaucourt09-224x300.jpg\" alt=\"expo-beaucourt09\" width=\"224\" height=\"300\" \/><\/a> <a href=\"http:\/\/www.couleursjapon.com\/blog\/wp-content\/uploads\/2013\/11\/expo-beaucourt10.jpg\"><img loading=\"lazy\" decoding=\"async\" class=\"aligncenter size-medium wp-image-455\" src=\"https:\/\/www.couleursjapon.com\/blog\/wp-content\/uploads\/2013\/11\/expo-beaucourt10-216x300.jpg\" alt=\"expo-beaucourt10\" width=\"216\" height=\"300\" \/><\/a> <a href=\"http:\/\/www.couleursjapon.com\/blog\/wp-content\/uploads\/2013\/11\/expo-beaucourt11.jpg\"><img loading=\"lazy\" decoding=\"async\" class=\"aligncenter size-medium wp-image-456\" src=\"https:\/\/www.couleursjapon.com\/blog\/wp-content\/uploads\/2013\/11\/expo-beaucourt11-216x300.jpg\" alt=\"expo-beaucourt11\" width=\"216\" height=\"300\" \/><\/a><\/p>\n<figure id=\"attachment_458\" aria-describedby=\"caption-attachment-458\" style=\"width: 222px\" class=\"wp-caption aligncenter\"><a href=\"http:\/\/www.couleursjapon.com\/blog\/wp-content\/uploads\/2013\/11\/stand-beaucourt04.jpg\"><img loading=\"lazy\" decoding=\"async\" class=\"size-medium wp-image-458\" src=\"https:\/\/www.couleursjapon.com\/blog\/wp-content\/uploads\/2013\/11\/stand-beaucourt04-222x300.jpg\" alt=\"Melle Dudu : les cr\u00e9ations bijoux de Karine Durand et Evelyne Ducret\" width=\"222\" height=\"300\" srcset=\"https:\/\/www.couleursjapon.com\/blog\/wp-content\/uploads\/2013\/11\/stand-beaucourt04-222x300.jpg 222w, https:\/\/www.couleursjapon.com\/blog\/wp-content\/uploads\/2013\/11\/stand-beaucourt04-759x1024.jpg 759w, https:\/\/www.couleursjapon.com\/blog\/wp-content\/uploads\/2013\/11\/stand-beaucourt04-768x1037.jpg 768w, https:\/\/www.couleursjapon.com\/blog\/wp-content\/uploads\/2013\/11\/stand-beaucourt04-1138x1536.jpg 1138w, https:\/\/www.couleursjapon.com\/blog\/wp-content\/uploads\/2013\/11\/stand-beaucourt04-1200x1620.jpg 1200w, https:\/\/www.couleursjapon.com\/blog\/wp-content\/uploads\/2013\/11\/stand-beaucourt04.jpg 1301w\" sizes=\"auto, (max-width: 222px) 85vw, 222px\" \/><\/a><figcaption id=\"caption-attachment-458\" class=\"wp-caption-text\">Melle Dudu : les cr\u00e9ations bijoux de Karine Durand et Evelyne Ducret<\/figcaption><\/figure>\n<figure id=\"attachment_459\" aria-describedby=\"caption-attachment-459\" style=\"width: 300px\" class=\"wp-caption aligncenter\"><img loading=\"lazy\" decoding=\"async\" class=\"size-medium wp-image-459\" src=\"https:\/\/www.couleursjapon.com\/blog\/wp-content\/uploads\/2013\/11\/stand-beaucourt03-300x218.jpg\" alt=\"L'Atelier de G\u00e9 et ses superbes doudous !\" width=\"300\" height=\"218\" srcset=\"https:\/\/www.couleursjapon.com\/blog\/wp-content\/uploads\/2013\/11\/stand-beaucourt03-300x218.jpg 300w, https:\/\/www.couleursjapon.com\/blog\/wp-content\/uploads\/2013\/11\/stand-beaucourt03-1024x745.jpg 1024w, https:\/\/www.couleursjapon.com\/blog\/wp-content\/uploads\/2013\/11\/stand-beaucourt03-768x559.jpg 768w, https:\/\/www.couleursjapon.com\/blog\/wp-content\/uploads\/2013\/11\/stand-beaucourt03-1536x1117.jpg 1536w, https:\/\/www.couleursjapon.com\/blog\/wp-content\/uploads\/2013\/11\/stand-beaucourt03-1200x873.jpg 1200w, https:\/\/www.couleursjapon.com\/blog\/wp-content\/uploads\/2013\/11\/stand-beaucourt03.jpg 1800w\" sizes=\"auto, (max-width: 300px) 85vw, 300px\" \/><figcaption id=\"caption-attachment-459\" class=\"wp-caption-text\">L&rsquo;Atelier de G\u00e9 et ses superbes doudous !<\/figcaption><\/figure>\n<figure id=\"attachment_460\" aria-describedby=\"caption-attachment-460\" style=\"width: 214px\" class=\"wp-caption aligncenter\"><img loading=\"lazy\" decoding=\"async\" class=\"size-medium wp-image-460\" src=\"https:\/\/www.couleursjapon.com\/blog\/wp-content\/uploads\/2013\/11\/stand-beaucourt01-214x300.jpg\" alt=\"Le stand Compl\u00e8tement boutonn\u00e9e de Sophie Cl\u00e9mence\" width=\"214\" height=\"300\" srcset=\"https:\/\/www.couleursjapon.com\/blog\/wp-content\/uploads\/2013\/11\/stand-beaucourt01-214x300.jpg 214w, https:\/\/www.couleursjapon.com\/blog\/wp-content\/uploads\/2013\/11\/stand-beaucourt01-731x1024.jpg 731w, https:\/\/www.couleursjapon.com\/blog\/wp-content\/uploads\/2013\/11\/stand-beaucourt01-768x1075.jpg 768w, https:\/\/www.couleursjapon.com\/blog\/wp-content\/uploads\/2013\/11\/stand-beaucourt01-1097x1536.jpg 1097w, https:\/\/www.couleursjapon.com\/blog\/wp-content\/uploads\/2013\/11\/stand-beaucourt01.jpg 1200w\" sizes=\"auto, (max-width: 214px) 85vw, 214px\" \/><figcaption id=\"caption-attachment-460\" class=\"wp-caption-text\">Le stand Compl\u00e8tement boutonn\u00e9e de Sophie Cl\u00e9mence<\/figcaption><\/figure>\n<p><img loading=\"lazy\" decoding=\"async\" class=\"aligncenter size-medium wp-image-461\" src=\"https:\/\/www.couleursjapon.com\/blog\/wp-content\/uploads\/2013\/11\/stand-beaucourt02-222x300.jpg\" alt=\"stand-beaucourt02\" width=\"222\" height=\"300\" srcset=\"https:\/\/www.couleursjapon.com\/blog\/wp-content\/uploads\/2013\/11\/stand-beaucourt02-222x300.jpg 222w, https:\/\/www.couleursjapon.com\/blog\/wp-content\/uploads\/2013\/11\/stand-beaucourt02-759x1024.jpg 759w, https:\/\/www.couleursjapon.com\/blog\/wp-content\/uploads\/2013\/11\/stand-beaucourt02-768x1037.jpg 768w, https:\/\/www.couleursjapon.com\/blog\/wp-content\/uploads\/2013\/11\/stand-beaucourt02-1138x1536.jpg 1138w, https:\/\/www.couleursjapon.com\/blog\/wp-content\/uploads\/2013\/11\/stand-beaucourt02.jpg 1200w\" sizes=\"auto, (max-width: 222px) 85vw, 222px\" \/><\/p>\n<figure id=\"attachment_462\" aria-describedby=\"caption-attachment-462\" style=\"width: 300px\" class=\"wp-caption aligncenter\"><a href=\"http:\/\/www.cousu-blanc.fr\"><img loading=\"lazy\" decoding=\"async\" class=\"size-medium wp-image-462\" src=\"https:\/\/www.couleursjapon.com\/blog\/wp-content\/uploads\/2013\/11\/stand-beaucourt08-300x230.jpg\" alt=\"Cr\u00e9ations cuir et tissu chez Cousu Blanc\" width=\"300\" height=\"230\" \/><\/a><figcaption id=\"caption-attachment-462\" class=\"wp-caption-text\">Cr\u00e9ations cuir et tissu chez Cousu Blanc<\/figcaption><\/figure>\n<figure id=\"attachment_463\" aria-describedby=\"caption-attachment-463\" style=\"width: 230px\" class=\"wp-caption aligncenter\"><a href=\"http:\/\/www.la-mariee-en-mohair.com\"><img loading=\"lazy\" decoding=\"async\" class=\"size-medium wp-image-463\" src=\"https:\/\/www.couleursjapon.com\/blog\/wp-content\/uploads\/2013\/11\/stand-beaucourt05-230x300.jpg\" alt=\"M\u00e9lanie et ses magnifiques mari\u00e9es en mohair\" width=\"230\" height=\"300\" \/><\/a><figcaption id=\"caption-attachment-463\" class=\"wp-caption-text\">M\u00e9lanie et ses magnifiques mari\u00e9es en mohair<\/figcaption><\/figure>\n<figure id=\"attachment_464\" aria-describedby=\"caption-attachment-464\" style=\"width: 300px\" class=\"wp-caption aligncenter\"><a href=\"http:\/\/fr.dawanda.com\/shop\/vinyle-bag\"><img loading=\"lazy\" decoding=\"async\" class=\"size-medium wp-image-464\" src=\"https:\/\/www.couleursjapon.com\/blog\/wp-content\/uploads\/2013\/11\/stand-beaucourt14-300x225.jpg\" alt=\"Vinyle-Bag : des sacs avec des vinyles tr\u00e8s originaux\" width=\"300\" height=\"225\" srcset=\"https:\/\/www.couleursjapon.com\/blog\/wp-content\/uploads\/2013\/11\/stand-beaucourt14-300x225.jpg 300w, https:\/\/www.couleursjapon.com\/blog\/wp-content\/uploads\/2013\/11\/stand-beaucourt14-1024x768.jpg 1024w, https:\/\/www.couleursjapon.com\/blog\/wp-content\/uploads\/2013\/11\/stand-beaucourt14-768x576.jpg 768w, https:\/\/www.couleursjapon.com\/blog\/wp-content\/uploads\/2013\/11\/stand-beaucourt14-1536x1152.jpg 1536w, https:\/\/www.couleursjapon.com\/blog\/wp-content\/uploads\/2013\/11\/stand-beaucourt14-1200x900.jpg 1200w, https:\/\/www.couleursjapon.com\/blog\/wp-content\/uploads\/2013\/11\/stand-beaucourt14.jpg 1600w\" sizes=\"auto, (max-width: 300px) 85vw, 300px\" \/><\/a><figcaption id=\"caption-attachment-464\" class=\"wp-caption-text\">Vinyle-Bag : des sacs avec des vinyles tr\u00e8s originaux<\/figcaption><\/figure>\n<figure id=\"attachment_465\" aria-describedby=\"caption-attachment-465\" style=\"width: 300px\" class=\"wp-caption aligncenter\"><a href=\"http:\/\/mosaicmahe.over-blog.com\"><img loading=\"lazy\" decoding=\"async\" class=\"size-medium wp-image-465\" src=\"https:\/\/www.couleursjapon.com\/blog\/wp-content\/uploads\/2013\/11\/stand-beaucourt12-300x228.jpg\" alt=\"Odile Mah\u00e9 et ses oeuvres en mosa\u00efque venue tout droit de La petite boutique \u00e0 Besan\u00e7on\" width=\"300\" height=\"228\" srcset=\"https:\/\/www.couleursjapon.com\/blog\/wp-content\/uploads\/2013\/11\/stand-beaucourt12-300x228.jpg 300w, https:\/\/www.couleursjapon.com\/blog\/wp-content\/uploads\/2013\/11\/stand-beaucourt12-1024x778.jpg 1024w, https:\/\/www.couleursjapon.com\/blog\/wp-content\/uploads\/2013\/11\/stand-beaucourt12-768x584.jpg 768w, https:\/\/www.couleursjapon.com\/blog\/wp-content\/uploads\/2013\/11\/stand-beaucourt12-1536x1167.jpg 1536w, https:\/\/www.couleursjapon.com\/blog\/wp-content\/uploads\/2013\/11\/stand-beaucourt12-1200x912.jpg 1200w, https:\/\/www.couleursjapon.com\/blog\/wp-content\/uploads\/2013\/11\/stand-beaucourt12.jpg 1700w\" sizes=\"auto, (max-width: 300px) 85vw, 300px\" \/><\/a><figcaption id=\"caption-attachment-465\" class=\"wp-caption-text\">Odile Mah\u00e9 et ses oeuvres en mosa\u00efque venue tout droit de La petite boutique \u00e0 Besan\u00e7on<\/figcaption><\/figure>\n<figure id=\"attachment_467\" aria-describedby=\"caption-attachment-467\" style=\"width: 300px\" class=\"wp-caption aligncenter\"><a href=\"https:\/\/www.facebook.com\/pages\/LAtelier-de-Mary\/404624092940874\"><img loading=\"lazy\" decoding=\"async\" class=\"size-medium wp-image-467\" src=\"https:\/\/www.couleursjapon.com\/blog\/wp-content\/uploads\/2013\/11\/stand-beaucourt13-300x225.jpg\" alt=\"Les cr\u00e9ations en porcelaine froide de Maryline S\u00e9n\u00e9chal\" width=\"300\" height=\"225\" srcset=\"https:\/\/www.couleursjapon.com\/blog\/wp-content\/uploads\/2013\/11\/stand-beaucourt13-300x225.jpg 300w, https:\/\/www.couleursjapon.com\/blog\/wp-content\/uploads\/2013\/11\/stand-beaucourt13-1024x768.jpg 1024w, https:\/\/www.couleursjapon.com\/blog\/wp-content\/uploads\/2013\/11\/stand-beaucourt13-768x576.jpg 768w, https:\/\/www.couleursjapon.com\/blog\/wp-content\/uploads\/2013\/11\/stand-beaucourt13-1536x1152.jpg 1536w, https:\/\/www.couleursjapon.com\/blog\/wp-content\/uploads\/2013\/11\/stand-beaucourt13-1200x900.jpg 1200w, https:\/\/www.couleursjapon.com\/blog\/wp-content\/uploads\/2013\/11\/stand-beaucourt13.jpg 1600w\" sizes=\"auto, (max-width: 300px) 85vw, 300px\" \/><\/a><figcaption id=\"caption-attachment-467\" class=\"wp-caption-text\">Les cr\u00e9ations en porcelaine froide de Maryline S\u00e9n\u00e9chal<\/figcaption><\/figure>\n<figure id=\"attachment_468\" aria-describedby=\"caption-attachment-468\" style=\"width: 300px\" class=\"wp-caption aligncenter\"><img loading=\"lazy\" decoding=\"async\" class=\"size-medium wp-image-468\" src=\"https:\/\/www.couleursjapon.com\/blog\/wp-content\/uploads\/2013\/11\/stand-beaucourt16-300x225.jpg\" alt=\"Les cr\u00e9ations de Mimi, chapeaux et sacs\" width=\"300\" height=\"225\" srcset=\"https:\/\/www.couleursjapon.com\/blog\/wp-content\/uploads\/2013\/11\/stand-beaucourt16-300x225.jpg 300w, https:\/\/www.couleursjapon.com\/blog\/wp-content\/uploads\/2013\/11\/stand-beaucourt16-1024x768.jpg 1024w, https:\/\/www.couleursjapon.com\/blog\/wp-content\/uploads\/2013\/11\/stand-beaucourt16-768x576.jpg 768w, https:\/\/www.couleursjapon.com\/blog\/wp-content\/uploads\/2013\/11\/stand-beaucourt16-1536x1152.jpg 1536w, https:\/\/www.couleursjapon.com\/blog\/wp-content\/uploads\/2013\/11\/stand-beaucourt16-1200x900.jpg 1200w, https:\/\/www.couleursjapon.com\/blog\/wp-content\/uploads\/2013\/11\/stand-beaucourt16.jpg 1600w\" sizes=\"auto, (max-width: 300px) 85vw, 300px\" \/><figcaption id=\"caption-attachment-468\" class=\"wp-caption-text\">Les cr\u00e9ations de Mimi, chapeaux et sacs<\/figcaption><\/figure>\n<figure id=\"attachment_469\" aria-describedby=\"caption-attachment-469\" style=\"width: 300px\" class=\"wp-caption aligncenter\"><img loading=\"lazy\" decoding=\"async\" class=\"size-medium wp-image-469\" src=\"https:\/\/www.couleursjapon.com\/blog\/wp-content\/uploads\/2013\/11\/stand-beaucourt15-300x245.jpg\" alt=\"Les Chapeaux de Martine\" width=\"300\" height=\"245\" srcset=\"https:\/\/www.couleursjapon.com\/blog\/wp-content\/uploads\/2013\/11\/stand-beaucourt15-300x245.jpg 300w, https:\/\/www.couleursjapon.com\/blog\/wp-content\/uploads\/2013\/11\/stand-beaucourt15-1024x838.jpg 1024w, https:\/\/www.couleursjapon.com\/blog\/wp-content\/uploads\/2013\/11\/stand-beaucourt15-768x628.jpg 768w, https:\/\/www.couleursjapon.com\/blog\/wp-content\/uploads\/2013\/11\/stand-beaucourt15-1200x982.jpg 1200w, https:\/\/www.couleursjapon.com\/blog\/wp-content\/uploads\/2013\/11\/stand-beaucourt15.jpg 1500w\" sizes=\"auto, (max-width: 300px) 85vw, 300px\" \/><figcaption id=\"caption-attachment-469\" class=\"wp-caption-text\">Les Chapeaux de Martine<\/figcaption><\/figure>\n<figure id=\"attachment_470\" aria-describedby=\"caption-attachment-470\" style=\"width: 300px\" class=\"wp-caption aligncenter\"><a href=\"http:\/\/nabricole.canalblog.com\"><img loading=\"lazy\" decoding=\"async\" class=\"size-medium wp-image-470\" src=\"https:\/\/www.couleursjapon.com\/blog\/wp-content\/uploads\/2013\/11\/stand-beaucourt17-300x208.jpg\" alt=\"Cr\u00e9ations couture de ma tr\u00e8s sympathique voisine de stand Bienvenue chez Na...\" width=\"300\" height=\"208\" \/><\/a><figcaption id=\"caption-attachment-470\" class=\"wp-caption-text\">Cr\u00e9ations couture de ma tr\u00e8s sympathique voisine de stand Bienvenue chez Na&#8230;<\/figcaption><\/figure>\n<figure id=\"attachment_471\" aria-describedby=\"caption-attachment-471\" style=\"width: 300px\" class=\"wp-caption aligncenter\"><img loading=\"lazy\" decoding=\"async\" class=\"size-medium wp-image-471\" src=\"https:\/\/www.couleursjapon.com\/blog\/wp-content\/uploads\/2013\/11\/IMG_2808-300x225.jpg\" alt=\"Rosalie Mohn et ses c\u00e9ramiques\" width=\"300\" height=\"225\" srcset=\"https:\/\/www.couleursjapon.com\/blog\/wp-content\/uploads\/2013\/11\/IMG_2808-300x225.jpg 300w, https:\/\/www.couleursjapon.com\/blog\/wp-content\/uploads\/2013\/11\/IMG_2808-1024x768.jpg 1024w, https:\/\/www.couleursjapon.com\/blog\/wp-content\/uploads\/2013\/11\/IMG_2808-768x576.jpg 768w, https:\/\/www.couleursjapon.com\/blog\/wp-content\/uploads\/2013\/11\/IMG_2808-1536x1152.jpg 1536w, https:\/\/www.couleursjapon.com\/blog\/wp-content\/uploads\/2013\/11\/IMG_2808-2048x1536.jpg 2048w, https:\/\/www.couleursjapon.com\/blog\/wp-content\/uploads\/2013\/11\/IMG_2808-1200x900.jpg 1200w, https:\/\/www.couleursjapon.com\/blog\/wp-content\/uploads\/2013\/11\/IMG_2808-1980x1485.jpg 1980w\" sizes=\"auto, (max-width: 300px) 85vw, 300px\" \/><figcaption id=\"caption-attachment-471\" class=\"wp-caption-text\">Rosalie Mohn et ses c\u00e9ramiques<\/figcaption><\/figure>\n<p>La liste de tous les exposants et plus de d\u00e9tails sur le site de <a href=\"http:\/\/territoiredartistes.blogspot.fr\/\">Territoire d&rsquo;Artistes<\/a>, association de promotion des cr\u00e9ateurs du Territoire de Belfort et ses environs.<\/p>\n","protected":false},"excerpt":{"rendered":"<p>Du 1er au 3 novembre derniers Couleurs Japon \u00e9tait pr\u00e9sent avec des cr\u00e9ations toutes belles toutes neuves au salon organis\u00e9 par l&rsquo;association Territoire d&rsquo;Artistes \u00e0 Beaucourt (90). Les exposants \u00e9taient de qualit\u00e9 et un d\u00e9fil\u00e9 de mode le samedi et une vente au ench\u00e8res d\u2019\u0153uvres au profit de l&rsquo;association Les Amis d&rsquo;Ailleurs le dimanche ont &hellip; <a href=\"https:\/\/www.couleursjapon.com\/blog\/exposition-territoire-dartistes-a-beaucourt\/\" class=\"more-link\">Continuer la lecture<span class=\"screen-reader-text\"> de &laquo;&nbsp;Exposition territoire d&rsquo;artistes \u00e0 Beaucourt&nbsp;&raquo;<\/span><\/a><\/p>\n","protected":false},"author":1,"featured_media":0,"comment_status":"open","ping_status":"open","sticky":false,"template":"","format":"gallery","meta":{"footnotes":""},"categories":[7],"tags":[110,38,123,25],"class_list":["post-440","post","type-post","status-publish","format-gallery","hentry","category-actualites","tag-artisans","tag-couleurs-japon","tag-creations","tag-salon","post_format-post-format-gallery"],"yoast_head":"<!-- This site is optimized with the Yoast SEO plugin v27.3 - https:\/\/yoast.com\/product\/yoast-seo-wordpress\/ -->\n<title>Exposition territoire d&#039;artistes \u00e0 Beaucourt - Couleurs Japon<\/title>\n<meta name=\"robots\" content=\"index, follow, max-snippet:-1, max-image-preview:large, max-video-preview:-1\" \/>\n<link rel=\"canonical\" href=\"https:\/\/www.couleursjapon.com\/blog\/exposition-territoire-dartistes-a-beaucourt\/\" \/>\n<meta property=\"og:locale\" content=\"fr_FR\" \/>\n<meta property=\"og:type\" content=\"article\" \/>\n<meta property=\"og:title\" content=\"Exposition territoire d&#039;artistes \u00e0 Beaucourt - Couleurs Japon\" \/>\n<meta property=\"og:description\" content=\"Du 1er au 3 novembre derniers Couleurs Japon \u00e9tait pr\u00e9sent avec des cr\u00e9ations toutes belles toutes neuves au salon organis\u00e9 par l&rsquo;association Territoire d&rsquo;Artistes \u00e0 Beaucourt (90). Les exposants \u00e9taient de qualit\u00e9 et un d\u00e9fil\u00e9 de mode le samedi et une vente au ench\u00e8res d\u2019\u0153uvres au profit de l&rsquo;association Les Amis d&rsquo;Ailleurs le dimanche ont &hellip; Continuer la lecture de &laquo;&nbsp;Exposition territoire d&rsquo;artistes \u00e0 Beaucourt&nbsp;&raquo;\" \/>\n<meta property=\"og:url\" content=\"https:\/\/www.couleursjapon.com\/blog\/exposition-territoire-dartistes-a-beaucourt\/\" \/>\n<meta property=\"og:site_name\" content=\"Couleurs Japon\" \/>\n<meta property=\"article:publisher\" content=\"https:\/\/www.facebook.com\/CouleursJapon\/\" \/>\n<meta property=\"article:published_time\" content=\"2013-11-06T21:22:20+00:00\" \/>\n<meta property=\"article:modified_time\" content=\"2020-10-08T15:09:21+00:00\" \/>\n<meta property=\"og:image\" content=\"http:\/\/www.couleursjapon.com\/blog\/wp-content\/uploads\/2013\/11\/couleurs-japon-beaucourt01-300x218.jpg\" \/>\n<meta name=\"author\" content=\"Pascaline\" \/>\n<meta name=\"twitter:card\" content=\"summary_large_image\" \/>\n<meta name=\"twitter:label1\" content=\"\u00c9crit par\" \/>\n\t<meta name=\"twitter:data1\" content=\"Pascaline\" \/>\n\t<meta name=\"twitter:label2\" content=\"Dur\u00e9e de lecture estim\u00e9e\" \/>\n\t<meta name=\"twitter:data2\" content=\"2 minutes\" \/>\n<script type=\"application\/ld+json\" class=\"yoast-schema-graph\">{\"@context\":\"https:\\\/\\\/schema.org\",\"@graph\":[{\"@type\":\"Article\",\"@id\":\"https:\\\/\\\/www.couleursjapon.com\\\/blog\\\/exposition-territoire-dartistes-a-beaucourt\\\/#article\",\"isPartOf\":{\"@id\":\"https:\\\/\\\/www.couleursjapon.com\\\/blog\\\/exposition-territoire-dartistes-a-beaucourt\\\/\"},\"author\":{\"name\":\"Pascaline\",\"@id\":\"https:\\\/\\\/www.couleursjapon.com\\\/blog\\\/#\\\/schema\\\/person\\\/6cfac89a7be4e2bd871f9340169acd3b\"},\"headline\":\"Exposition territoire d&rsquo;artistes \u00e0 Beaucourt\",\"datePublished\":\"2013-11-06T21:22:20+00:00\",\"dateModified\":\"2020-10-08T15:09:21+00:00\",\"mainEntityOfPage\":{\"@id\":\"https:\\\/\\\/www.couleursjapon.com\\\/blog\\\/exposition-territoire-dartistes-a-beaucourt\\\/\"},\"wordCount\":329,\"commentCount\":0,\"publisher\":{\"@id\":\"https:\\\/\\\/www.couleursjapon.com\\\/blog\\\/#organization\"},\"image\":{\"@id\":\"https:\\\/\\\/www.couleursjapon.com\\\/blog\\\/exposition-territoire-dartistes-a-beaucourt\\\/#primaryimage\"},\"thumbnailUrl\":\"http:\\\/\\\/www.couleursjapon.com\\\/blog\\\/wp-content\\\/uploads\\\/2013\\\/11\\\/couleurs-japon-beaucourt01-300x218.jpg\",\"keywords\":[\"artisans\",\"couleurs japon\",\"cr\u00e9ations\",\"salon\"],\"articleSection\":[\"Actualit\u00e9s\\\/News\"],\"inLanguage\":\"fr-FR\",\"potentialAction\":[{\"@type\":\"CommentAction\",\"name\":\"Comment\",\"target\":[\"https:\\\/\\\/www.couleursjapon.com\\\/blog\\\/exposition-territoire-dartistes-a-beaucourt\\\/#respond\"]}]},{\"@type\":\"WebPage\",\"@id\":\"https:\\\/\\\/www.couleursjapon.com\\\/blog\\\/exposition-territoire-dartistes-a-beaucourt\\\/\",\"url\":\"https:\\\/\\\/www.couleursjapon.com\\\/blog\\\/exposition-territoire-dartistes-a-beaucourt\\\/\",\"name\":\"Exposition territoire d'artistes \u00e0 Beaucourt - Couleurs Japon\",\"isPartOf\":{\"@id\":\"https:\\\/\\\/www.couleursjapon.com\\\/blog\\\/#website\"},\"primaryImageOfPage\":{\"@id\":\"https:\\\/\\\/www.couleursjapon.com\\\/blog\\\/exposition-territoire-dartistes-a-beaucourt\\\/#primaryimage\"},\"image\":{\"@id\":\"https:\\\/\\\/www.couleursjapon.com\\\/blog\\\/exposition-territoire-dartistes-a-beaucourt\\\/#primaryimage\"},\"thumbnailUrl\":\"http:\\\/\\\/www.couleursjapon.com\\\/blog\\\/wp-content\\\/uploads\\\/2013\\\/11\\\/couleurs-japon-beaucourt01-300x218.jpg\",\"datePublished\":\"2013-11-06T21:22:20+00:00\",\"dateModified\":\"2020-10-08T15:09:21+00:00\",\"breadcrumb\":{\"@id\":\"https:\\\/\\\/www.couleursjapon.com\\\/blog\\\/exposition-territoire-dartistes-a-beaucourt\\\/#breadcrumb\"},\"inLanguage\":\"fr-FR\",\"potentialAction\":[{\"@type\":\"ReadAction\",\"target\":[\"https:\\\/\\\/www.couleursjapon.com\\\/blog\\\/exposition-territoire-dartistes-a-beaucourt\\\/\"]}]},{\"@type\":\"ImageObject\",\"inLanguage\":\"fr-FR\",\"@id\":\"https:\\\/\\\/www.couleursjapon.com\\\/blog\\\/exposition-territoire-dartistes-a-beaucourt\\\/#primaryimage\",\"url\":\"http:\\\/\\\/www.couleursjapon.com\\\/blog\\\/wp-content\\\/uploads\\\/2013\\\/11\\\/couleurs-japon-beaucourt01-300x218.jpg\",\"contentUrl\":\"http:\\\/\\\/www.couleursjapon.com\\\/blog\\\/wp-content\\\/uploads\\\/2013\\\/11\\\/couleurs-japon-beaucourt01-300x218.jpg\"},{\"@type\":\"BreadcrumbList\",\"@id\":\"https:\\\/\\\/www.couleursjapon.com\\\/blog\\\/exposition-territoire-dartistes-a-beaucourt\\\/#breadcrumb\",\"itemListElement\":[{\"@type\":\"ListItem\",\"position\":1,\"name\":\"Accueil\",\"item\":\"https:\\\/\\\/www.couleursjapon.com\\\/blog\\\/\"},{\"@type\":\"ListItem\",\"position\":2,\"name\":\"Exposition territoire d&rsquo;artistes \u00e0 Beaucourt\"}]},{\"@type\":\"WebSite\",\"@id\":\"https:\\\/\\\/www.couleursjapon.com\\\/blog\\\/#website\",\"url\":\"https:\\\/\\\/www.couleursjapon.com\\\/blog\\\/\",\"name\":\"Couleurs Japon\",\"description\":\"Tissus japonais\",\"publisher\":{\"@id\":\"https:\\\/\\\/www.couleursjapon.com\\\/blog\\\/#organization\"},\"potentialAction\":[{\"@type\":\"SearchAction\",\"target\":{\"@type\":\"EntryPoint\",\"urlTemplate\":\"https:\\\/\\\/www.couleursjapon.com\\\/blog\\\/?s={search_term_string}\"},\"query-input\":{\"@type\":\"PropertyValueSpecification\",\"valueRequired\":true,\"valueName\":\"search_term_string\"}}],\"inLanguage\":\"fr-FR\"},{\"@type\":\"Organization\",\"@id\":\"https:\\\/\\\/www.couleursjapon.com\\\/blog\\\/#organization\",\"name\":\"Couleurs Japon\",\"url\":\"https:\\\/\\\/www.couleursjapon.com\\\/blog\\\/\",\"logo\":{\"@type\":\"ImageObject\",\"inLanguage\":\"fr-FR\",\"@id\":\"https:\\\/\\\/www.couleursjapon.com\\\/blog\\\/#\\\/schema\\\/logo\\\/image\\\/\",\"url\":\"https:\\\/\\\/www.couleursjapon.com\\\/blog\\\/wp-content\\\/uploads\\\/2020\\\/10\\\/couleurs-japon-logo-1.png\",\"contentUrl\":\"https:\\\/\\\/www.couleursjapon.com\\\/blog\\\/wp-content\\\/uploads\\\/2020\\\/10\\\/couleurs-japon-logo-1.png\",\"width\":400,\"height\":77,\"caption\":\"Couleurs Japon\"},\"image\":{\"@id\":\"https:\\\/\\\/www.couleursjapon.com\\\/blog\\\/#\\\/schema\\\/logo\\\/image\\\/\"},\"sameAs\":[\"https:\\\/\\\/www.facebook.com\\\/CouleursJapon\\\/\",\"https:\\\/\\\/www.instagram.com\\\/couleursjapon\",\"https:\\\/\\\/www.pinterest.fr\\\/couleursjapon\\\/\"]},{\"@type\":\"Person\",\"@id\":\"https:\\\/\\\/www.couleursjapon.com\\\/blog\\\/#\\\/schema\\\/person\\\/6cfac89a7be4e2bd871f9340169acd3b\",\"name\":\"Pascaline\",\"image\":{\"@type\":\"ImageObject\",\"inLanguage\":\"fr-FR\",\"@id\":\"https:\\\/\\\/secure.gravatar.com\\\/avatar\\\/b9c6a29f8912cdfda78bfc45075e0ff0865b74e5ddd9b600e5e618c78b531d8b?s=96&d=mm&r=g\",\"url\":\"https:\\\/\\\/secure.gravatar.com\\\/avatar\\\/b9c6a29f8912cdfda78bfc45075e0ff0865b74e5ddd9b600e5e618c78b531d8b?s=96&d=mm&r=g\",\"contentUrl\":\"https:\\\/\\\/secure.gravatar.com\\\/avatar\\\/b9c6a29f8912cdfda78bfc45075e0ff0865b74e5ddd9b600e5e618c78b531d8b?s=96&d=mm&r=g\",\"caption\":\"Pascaline\"},\"sameAs\":[\"http:\\\/\\\/www.couleursjapon.com\"]}]}<\/script>\n<!-- \/ Yoast SEO plugin. -->","yoast_head_json":{"title":"Exposition territoire d'artistes \u00e0 Beaucourt - Couleurs Japon","robots":{"index":"index","follow":"follow","max-snippet":"max-snippet:-1","max-image-preview":"max-image-preview:large","max-video-preview":"max-video-preview:-1"},"canonical":"https:\/\/www.couleursjapon.com\/blog\/exposition-territoire-dartistes-a-beaucourt\/","og_locale":"fr_FR","og_type":"article","og_title":"Exposition territoire d'artistes \u00e0 Beaucourt - Couleurs Japon","og_description":"Du 1er au 3 novembre derniers Couleurs Japon \u00e9tait pr\u00e9sent avec des cr\u00e9ations toutes belles toutes neuves au salon organis\u00e9 par l&rsquo;association Territoire d&rsquo;Artistes \u00e0 Beaucourt (90). Les exposants \u00e9taient de qualit\u00e9 et un d\u00e9fil\u00e9 de mode le samedi et une vente au ench\u00e8res d\u2019\u0153uvres au profit de l&rsquo;association Les Amis d&rsquo;Ailleurs le dimanche ont &hellip; Continuer la lecture de &laquo;&nbsp;Exposition territoire d&rsquo;artistes \u00e0 Beaucourt&nbsp;&raquo;","og_url":"https:\/\/www.couleursjapon.com\/blog\/exposition-territoire-dartistes-a-beaucourt\/","og_site_name":"Couleurs Japon","article_publisher":"https:\/\/www.facebook.com\/CouleursJapon\/","article_published_time":"2013-11-06T21:22:20+00:00","article_modified_time":"2020-10-08T15:09:21+00:00","og_image":[{"url":"http:\/\/www.couleursjapon.com\/blog\/wp-content\/uploads\/2013\/11\/couleurs-japon-beaucourt01-300x218.jpg","type":"","width":"","height":""}],"author":"Pascaline","twitter_card":"summary_large_image","twitter_misc":{"\u00c9crit par":"Pascaline","Dur\u00e9e de lecture estim\u00e9e":"2 minutes"},"schema":{"@context":"https:\/\/schema.org","@graph":[{"@type":"Article","@id":"https:\/\/www.couleursjapon.com\/blog\/exposition-territoire-dartistes-a-beaucourt\/#article","isPartOf":{"@id":"https:\/\/www.couleursjapon.com\/blog\/exposition-territoire-dartistes-a-beaucourt\/"},"author":{"name":"Pascaline","@id":"https:\/\/www.couleursjapon.com\/blog\/#\/schema\/person\/6cfac89a7be4e2bd871f9340169acd3b"},"headline":"Exposition territoire d&rsquo;artistes \u00e0 Beaucourt","datePublished":"2013-11-06T21:22:20+00:00","dateModified":"2020-10-08T15:09:21+00:00","mainEntityOfPage":{"@id":"https:\/\/www.couleursjapon.com\/blog\/exposition-territoire-dartistes-a-beaucourt\/"},"wordCount":329,"commentCount":0,"publisher":{"@id":"https:\/\/www.couleursjapon.com\/blog\/#organization"},"image":{"@id":"https:\/\/www.couleursjapon.com\/blog\/exposition-territoire-dartistes-a-beaucourt\/#primaryimage"},"thumbnailUrl":"http:\/\/www.couleursjapon.com\/blog\/wp-content\/uploads\/2013\/11\/couleurs-japon-beaucourt01-300x218.jpg","keywords":["artisans","couleurs japon","cr\u00e9ations","salon"],"articleSection":["Actualit\u00e9s\/News"],"inLanguage":"fr-FR","potentialAction":[{"@type":"CommentAction","name":"Comment","target":["https:\/\/www.couleursjapon.com\/blog\/exposition-territoire-dartistes-a-beaucourt\/#respond"]}]},{"@type":"WebPage","@id":"https:\/\/www.couleursjapon.com\/blog\/exposition-territoire-dartistes-a-beaucourt\/","url":"https:\/\/www.couleursjapon.com\/blog\/exposition-territoire-dartistes-a-beaucourt\/","name":"Exposition territoire d'artistes \u00e0 Beaucourt - Couleurs Japon","isPartOf":{"@id":"https:\/\/www.couleursjapon.com\/blog\/#website"},"primaryImageOfPage":{"@id":"https:\/\/www.couleursjapon.com\/blog\/exposition-territoire-dartistes-a-beaucourt\/#primaryimage"},"image":{"@id":"https:\/\/www.couleursjapon.com\/blog\/exposition-territoire-dartistes-a-beaucourt\/#primaryimage"},"thumbnailUrl":"http:\/\/www.couleursjapon.com\/blog\/wp-content\/uploads\/2013\/11\/couleurs-japon-beaucourt01-300x218.jpg","datePublished":"2013-11-06T21:22:20+00:00","dateModified":"2020-10-08T15:09:21+00:00","breadcrumb":{"@id":"https:\/\/www.couleursjapon.com\/blog\/exposition-territoire-dartistes-a-beaucourt\/#breadcrumb"},"inLanguage":"fr-FR","potentialAction":[{"@type":"ReadAction","target":["https:\/\/www.couleursjapon.com\/blog\/exposition-territoire-dartistes-a-beaucourt\/"]}]},{"@type":"ImageObject","inLanguage":"fr-FR","@id":"https:\/\/www.couleursjapon.com\/blog\/exposition-territoire-dartistes-a-beaucourt\/#primaryimage","url":"http:\/\/www.couleursjapon.com\/blog\/wp-content\/uploads\/2013\/11\/couleurs-japon-beaucourt01-300x218.jpg","contentUrl":"http:\/\/www.couleursjapon.com\/blog\/wp-content\/uploads\/2013\/11\/couleurs-japon-beaucourt01-300x218.jpg"},{"@type":"BreadcrumbList","@id":"https:\/\/www.couleursjapon.com\/blog\/exposition-territoire-dartistes-a-beaucourt\/#breadcrumb","itemListElement":[{"@type":"ListItem","position":1,"name":"Accueil","item":"https:\/\/www.couleursjapon.com\/blog\/"},{"@type":"ListItem","position":2,"name":"Exposition territoire d&rsquo;artistes \u00e0 Beaucourt"}]},{"@type":"WebSite","@id":"https:\/\/www.couleursjapon.com\/blog\/#website","url":"https:\/\/www.couleursjapon.com\/blog\/","name":"Couleurs Japon","description":"Tissus japonais","publisher":{"@id":"https:\/\/www.couleursjapon.com\/blog\/#organization"},"potentialAction":[{"@type":"SearchAction","target":{"@type":"EntryPoint","urlTemplate":"https:\/\/www.couleursjapon.com\/blog\/?s={search_term_string}"},"query-input":{"@type":"PropertyValueSpecification","valueRequired":true,"valueName":"search_term_string"}}],"inLanguage":"fr-FR"},{"@type":"Organization","@id":"https:\/\/www.couleursjapon.com\/blog\/#organization","name":"Couleurs Japon","url":"https:\/\/www.couleursjapon.com\/blog\/","logo":{"@type":"ImageObject","inLanguage":"fr-FR","@id":"https:\/\/www.couleursjapon.com\/blog\/#\/schema\/logo\/image\/","url":"https:\/\/www.couleursjapon.com\/blog\/wp-content\/uploads\/2020\/10\/couleurs-japon-logo-1.png","contentUrl":"https:\/\/www.couleursjapon.com\/blog\/wp-content\/uploads\/2020\/10\/couleurs-japon-logo-1.png","width":400,"height":77,"caption":"Couleurs Japon"},"image":{"@id":"https:\/\/www.couleursjapon.com\/blog\/#\/schema\/logo\/image\/"},"sameAs":["https:\/\/www.facebook.com\/CouleursJapon\/","https:\/\/www.instagram.com\/couleursjapon","https:\/\/www.pinterest.fr\/couleursjapon\/"]},{"@type":"Person","@id":"https:\/\/www.couleursjapon.com\/blog\/#\/schema\/person\/6cfac89a7be4e2bd871f9340169acd3b","name":"Pascaline","image":{"@type":"ImageObject","inLanguage":"fr-FR","@id":"https:\/\/secure.gravatar.com\/avatar\/b9c6a29f8912cdfda78bfc45075e0ff0865b74e5ddd9b600e5e618c78b531d8b?s=96&d=mm&r=g","url":"https:\/\/secure.gravatar.com\/avatar\/b9c6a29f8912cdfda78bfc45075e0ff0865b74e5ddd9b600e5e618c78b531d8b?s=96&d=mm&r=g","contentUrl":"https:\/\/secure.gravatar.com\/avatar\/b9c6a29f8912cdfda78bfc45075e0ff0865b74e5ddd9b600e5e618c78b531d8b?s=96&d=mm&r=g","caption":"Pascaline"},"sameAs":["http:\/\/www.couleursjapon.com"]}]}},"_links":{"self":[{"href":"https:\/\/www.couleursjapon.com\/blog\/wp-json\/wp\/v2\/posts\/440","targetHints":{"allow":["GET"]}}],"collection":[{"href":"https:\/\/www.couleursjapon.com\/blog\/wp-json\/wp\/v2\/posts"}],"about":[{"href":"https:\/\/www.couleursjapon.com\/blog\/wp-json\/wp\/v2\/types\/post"}],"author":[{"embeddable":true,"href":"https:\/\/www.couleursjapon.com\/blog\/wp-json\/wp\/v2\/users\/1"}],"replies":[{"embeddable":true,"href":"https:\/\/www.couleursjapon.com\/blog\/wp-json\/wp\/v2\/comments?post=440"}],"version-history":[{"count":4,"href":"https:\/\/www.couleursjapon.com\/blog\/wp-json\/wp\/v2\/posts\/440\/revisions"}],"predecessor-version":[{"id":1240,"href":"https:\/\/www.couleursjapon.com\/blog\/wp-json\/wp\/v2\/posts\/440\/revisions\/1240"}],"wp:attachment":[{"href":"https:\/\/www.couleursjapon.com\/blog\/wp-json\/wp\/v2\/media?parent=440"}],"wp:term":[{"taxonomy":"category","embeddable":true,"href":"https:\/\/www.couleursjapon.com\/blog\/wp-json\/wp\/v2\/categories?post=440"},{"taxonomy":"post_tag","embeddable":true,"href":"https:\/\/www.couleursjapon.com\/blog\/wp-json\/wp\/v2\/tags?post=440"}],"curies":[{"name":"wp","href":"https:\/\/api.w.org\/{rel}","templated":true}]}}