{"id":423,"date":"2013-10-21T21:12:13","date_gmt":"2013-10-21T20:12:13","guid":{"rendered":"http:\/\/www.couleursjapon.com\/blog\/?p=423"},"modified":"2021-02-26T11:54:34","modified_gmt":"2021-02-26T10:54:34","slug":"salon-des-arts-et-passions","status":"publish","type":"post","link":"https:\/\/www.couleursjapon.com\/blog\/salon-des-arts-et-passions\/","title":{"rendered":"Salon des Arts et Passions"},"content":{"rendered":"<p>Petit compte-rendu du salon des Arts et Passions du 13 octobre 2013 \u00e0 Bessoncourt 2013.<\/p>\n<p>Une fois n&rsquo;est pas coutume, exposition sans vente le 13 octobre \u00e0 Bessoncourt \u00e0 la salle de la Mairie organis\u00e9e par l&rsquo;association bessoncourtoise d&rsquo;animation.<\/p>\n<figure id=\"attachment_424\" aria-describedby=\"caption-attachment-424\" style=\"width: 300px\" class=\"wp-caption aligncenter\"><a href=\"http:\/\/www.couleursjapon.com\/blog\/wp-content\/uploads\/2013\/10\/bessoncourt06102013-3.jpg\"><img loading=\"lazy\" decoding=\"async\" class=\"size-medium wp-image-424\" alt=\"Salon des Arts et Passions \u00e0 Bessoncourt le 13 octobre 2013\" src=\"https:\/\/www.couleursjapon.com\/blog\/wp-content\/uploads\/2013\/10\/bessoncourt06102013-3-300x221.jpg\" width=\"300\" height=\"221\"><\/a><figcaption id=\"caption-attachment-424\" class=\"wp-caption-text\">Le stand Couleurs Japon au salon des Arts et Passions \u00e0 Bessoncourt<\/figcaption><\/figure>\n<figure id=\"attachment_426\" aria-describedby=\"caption-attachment-426\" style=\"width: 225px\" class=\"wp-caption aligncenter\"><a href=\"http:\/\/www.couleursjapon.com\/blog\/wp-content\/uploads\/2013\/10\/bessoncourt06102013-2.jpg\"><img loading=\"lazy\" decoding=\"async\" class=\"size-medium wp-image-426\" alt=\"Les cr\u00e9ations de Couleurs Japon\" src=\"https:\/\/www.couleursjapon.com\/blog\/wp-content\/uploads\/2013\/10\/bessoncourt06102013-2-225x300.jpg\" width=\"225\" height=\"300\" srcset=\"https:\/\/www.couleursjapon.com\/blog\/wp-content\/uploads\/2013\/10\/bessoncourt06102013-2-225x300.jpg 225w, https:\/\/www.couleursjapon.com\/blog\/wp-content\/uploads\/2013\/10\/bessoncourt06102013-2-768x1024.jpg 768w, https:\/\/www.couleursjapon.com\/blog\/wp-content\/uploads\/2013\/10\/bessoncourt06102013-2-1152x1536.jpg 1152w, https:\/\/www.couleursjapon.com\/blog\/wp-content\/uploads\/2013\/10\/bessoncourt06102013-2-1536x2048.jpg 1536w, https:\/\/www.couleursjapon.com\/blog\/wp-content\/uploads\/2013\/10\/bessoncourt06102013-2-1200x1600.jpg 1200w, https:\/\/www.couleursjapon.com\/blog\/wp-content\/uploads\/2013\/10\/bessoncourt06102013-2.jpg 1800w\" sizes=\"auto, (max-width: 225px) 85vw, 225px\" \/><\/a><figcaption id=\"caption-attachment-426\" class=\"wp-caption-text\">Les cr\u00e9ations de Couleurs Japon<\/figcaption><\/figure>\n<p><span style=\"font-size: 16px;\">En plus de l&rsquo;exposition de nouvelles cr\u00e9ations artisanales, l&rsquo;occasion de partager avec d&rsquo;autres artistes et artisans locaux :<\/span><\/p>\n<figure id=\"attachment_425\" aria-describedby=\"caption-attachment-425\" style=\"width: 257px\" class=\"wp-caption aligncenter\"><a href=\"http:\/\/www.couleursjapon.com\/blog\/wp-content\/uploads\/2013\/10\/bessoncourt06102013-1.jpg\"><img loading=\"lazy\" decoding=\"async\" class=\"size-medium wp-image-425\" alt=\"M\u00e9lanie Borne, talentueuse costumi\u00e8re de spectacle\" src=\"https:\/\/www.couleursjapon.com\/blog\/wp-content\/uploads\/2013\/10\/bessoncourt06102013-1-257x300.jpg\" width=\"257\" height=\"300\" srcset=\"https:\/\/www.couleursjapon.com\/blog\/wp-content\/uploads\/2013\/10\/bessoncourt06102013-1-257x300.jpg 257w, https:\/\/www.couleursjapon.com\/blog\/wp-content\/uploads\/2013\/10\/bessoncourt06102013-1-878x1024.jpg 878w, https:\/\/www.couleursjapon.com\/blog\/wp-content\/uploads\/2013\/10\/bessoncourt06102013-1-768x896.jpg 768w, https:\/\/www.couleursjapon.com\/blog\/wp-content\/uploads\/2013\/10\/bessoncourt06102013-1-1317x1536.jpg 1317w, https:\/\/www.couleursjapon.com\/blog\/wp-content\/uploads\/2013\/10\/bessoncourt06102013-1-1755x2048.jpg 1755w, https:\/\/www.couleursjapon.com\/blog\/wp-content\/uploads\/2013\/10\/bessoncourt06102013-1-1200x1400.jpg 1200w, https:\/\/www.couleursjapon.com\/blog\/wp-content\/uploads\/2013\/10\/bessoncourt06102013-1-1980x2310.jpg 1980w\" sizes=\"auto, (max-width: 257px) 85vw, 257px\" \/><\/a><figcaption id=\"caption-attachment-425\" class=\"wp-caption-text\"><a href=\"http:\/\/www.melanie-borne.book.fr\">M\u00e9lanie Borne, talentueuse costumi\u00e8re de spectacle<\/a><\/figcaption><\/figure>\n<figure id=\"attachment_427\" aria-describedby=\"caption-attachment-427\" style=\"width: 300px\" class=\"wp-caption aligncenter\"><a href=\"http:\/\/www.couleursjapon.com\/blog\/wp-content\/uploads\/2013\/10\/bessoncourt06102013-6.jpg\"><img loading=\"lazy\" decoding=\"async\" class=\"size-medium wp-image-427\" alt=\"Val\u00e9rie et ses magnifiques scraps\" src=\"https:\/\/www.couleursjapon.com\/blog\/wp-content\/uploads\/2013\/10\/bessoncourt06102013-6-300x226.jpg\" width=\"300\" height=\"226\"><\/a><figcaption id=\"caption-attachment-427\" class=\"wp-caption-text\"><a href=\"http:\/\/val-scrap-et-su.blogspot.fr\/\">Val\u00e9rie et ses magnifiques scraps<\/a><\/figcaption><\/figure>\n<figure id=\"attachment_428\" aria-describedby=\"caption-attachment-428\" style=\"width: 300px\" class=\"wp-caption aligncenter\"><a href=\"http:\/\/www.couleursjapon.com\/blog\/wp-content\/uploads\/2013\/10\/bessoncourt06102013-5.jpg\"><img loading=\"lazy\" decoding=\"async\" class=\"size-medium wp-image-428\" alt=\"Tr\u00e8s belle restauration d'une vieille Citro\u00ebn\" src=\"https:\/\/www.couleursjapon.com\/blog\/wp-content\/uploads\/2013\/10\/bessoncourt06102013-5-300x225.jpg\" width=\"300\" height=\"225\" srcset=\"https:\/\/www.couleursjapon.com\/blog\/wp-content\/uploads\/2013\/10\/bessoncourt06102013-5-300x225.jpg 300w, https:\/\/www.couleursjapon.com\/blog\/wp-content\/uploads\/2013\/10\/bessoncourt06102013-5-768x576.jpg 768w, https:\/\/www.couleursjapon.com\/blog\/wp-content\/uploads\/2013\/10\/bessoncourt06102013-5.jpg 1024w\" sizes=\"auto, (max-width: 300px) 85vw, 300px\" \/><\/a><figcaption id=\"caption-attachment-428\" class=\"wp-caption-text\">Tr\u00e8s belle restauration d&rsquo;une vieille Citro\u00ebn<\/figcaption><\/figure>\n<figure id=\"attachment_429\" aria-describedby=\"caption-attachment-429\" style=\"width: 300px\" class=\"wp-caption aligncenter\"><a href=\"http:\/\/www.couleursjapon.com\/blog\/wp-content\/uploads\/2013\/10\/bessoncourt06102013-7.jpg\"><img loading=\"lazy\" decoding=\"async\" class=\"size-medium wp-image-429\" alt=\"Le club couture de l'Association Bessoncourtoise d'Animation\" src=\"https:\/\/www.couleursjapon.com\/blog\/wp-content\/uploads\/2013\/10\/bessoncourt06102013-7-300x226.jpg\" width=\"300\" height=\"226\"><\/a><figcaption id=\"caption-attachment-429\" class=\"wp-caption-text\"><a href=\"http:\/\/aba90.e-monsite.com\/pages\/clubs-de-bessoncourt\/couture.html\">Le club couture de l&rsquo;Association Bessoncourtoise d&rsquo;Animation<\/a><\/figcaption><\/figure>\n<figure id=\"attachment_430\" aria-describedby=\"caption-attachment-430\" style=\"width: 300px\" class=\"wp-caption aligncenter\"><a href=\"http:\/\/www.couleursjapon.com\/blog\/wp-content\/uploads\/2013\/10\/bessoncourt06102013-8.jpg\"><img loading=\"lazy\" decoding=\"async\" class=\"size-medium wp-image-430\" alt=\"Les cours d'art floral de l'Association Bessoncourtoise d'Animation\" src=\"https:\/\/www.couleursjapon.com\/blog\/wp-content\/uploads\/2013\/10\/bessoncourt06102013-8-300x220.jpg\" width=\"300\" height=\"220\" srcset=\"https:\/\/www.couleursjapon.com\/blog\/wp-content\/uploads\/2013\/10\/bessoncourt06102013-8-300x220.jpg 300w, https:\/\/www.couleursjapon.com\/blog\/wp-content\/uploads\/2013\/10\/bessoncourt06102013-8-768x564.jpg 768w, https:\/\/www.couleursjapon.com\/blog\/wp-content\/uploads\/2013\/10\/bessoncourt06102013-8.jpg 980w\" sizes=\"auto, (max-width: 300px) 85vw, 300px\" \/><\/a><figcaption id=\"caption-attachment-430\" class=\"wp-caption-text\"><a href=\"http:\/\/aba90.e-monsite.com\/pages\/clubs-de-bessoncourt\/art-floral.html\">Les cours d&rsquo;art floral de l&rsquo;Association Bessoncourtoise d&rsquo;Animation<\/a><\/figcaption><\/figure>\n<p>&nbsp;<\/p>\n","protected":false},"excerpt":{"rendered":"<p>Petit compte-rendu du salon des Arts et Passions du 13 octobre 2013 \u00e0 Bessoncourt 2013. Une fois n&rsquo;est pas coutume, exposition sans vente le 13 octobre \u00e0 Bessoncourt \u00e0 la salle de la Mairie organis\u00e9e par l&rsquo;association bessoncourtoise d&rsquo;animation. En plus de l&rsquo;exposition de nouvelles cr\u00e9ations artisanales, l&rsquo;occasion de partager avec d&rsquo;autres artistes et artisans &hellip; <a href=\"https:\/\/www.couleursjapon.com\/blog\/salon-des-arts-et-passions\/\" class=\"more-link\">Continuer la lecture<span class=\"screen-reader-text\"> de &laquo;&nbsp;Salon des Arts et Passions&nbsp;&raquo;<\/span><\/a><\/p>\n","protected":false},"author":1,"featured_media":0,"comment_status":"open","ping_status":"open","sticky":false,"template":"","format":"standard","meta":{"footnotes":""},"categories":[7],"tags":[110,25],"class_list":["post-423","post","type-post","status-publish","format-standard","hentry","category-actualites","tag-artisans","tag-salon"],"yoast_head":"<!-- This site is optimized with the Yoast SEO plugin v27.3 - https:\/\/yoast.com\/product\/yoast-seo-wordpress\/ -->\n<title>Salon des Arts et Passions - Couleurs Japon<\/title>\n<meta name=\"robots\" content=\"index, follow, max-snippet:-1, max-image-preview:large, max-video-preview:-1\" \/>\n<link rel=\"canonical\" href=\"https:\/\/www.couleursjapon.com\/blog\/salon-des-arts-et-passions\/\" \/>\n<meta property=\"og:locale\" content=\"fr_FR\" \/>\n<meta property=\"og:type\" content=\"article\" \/>\n<meta property=\"og:title\" content=\"Salon des Arts et Passions - Couleurs Japon\" \/>\n<meta property=\"og:description\" content=\"Petit compte-rendu du salon des Arts et Passions du 13 octobre 2013 \u00e0 Bessoncourt 2013. Une fois n&rsquo;est pas coutume, exposition sans vente le 13 octobre \u00e0 Bessoncourt \u00e0 la salle de la Mairie organis\u00e9e par l&rsquo;association bessoncourtoise d&rsquo;animation. En plus de l&rsquo;exposition de nouvelles cr\u00e9ations artisanales, l&rsquo;occasion de partager avec d&rsquo;autres artistes et artisans &hellip; Continuer la lecture de &laquo;&nbsp;Salon des Arts et Passions&nbsp;&raquo;\" \/>\n<meta property=\"og:url\" content=\"https:\/\/www.couleursjapon.com\/blog\/salon-des-arts-et-passions\/\" \/>\n<meta property=\"og:site_name\" content=\"Couleurs Japon\" \/>\n<meta property=\"article:publisher\" content=\"https:\/\/www.facebook.com\/CouleursJapon\/\" \/>\n<meta property=\"article:published_time\" content=\"2013-10-21T20:12:13+00:00\" \/>\n<meta property=\"article:modified_time\" content=\"2021-02-26T10:54:34+00:00\" \/>\n<meta property=\"og:image\" content=\"http:\/\/www.couleursjapon.com\/blog\/wp-content\/uploads\/2013\/10\/bessoncourt06102013-3-300x221.jpg\" \/>\n<meta name=\"author\" content=\"Pascaline\" \/>\n<meta name=\"twitter:card\" content=\"summary_large_image\" \/>\n<meta name=\"twitter:label1\" content=\"\u00c9crit par\" \/>\n\t<meta name=\"twitter:data1\" content=\"Pascaline\" \/>\n\t<meta name=\"twitter:label2\" content=\"Dur\u00e9e de lecture estim\u00e9e\" \/>\n\t<meta name=\"twitter:data2\" content=\"3 minutes\" \/>\n<script type=\"application\/ld+json\" class=\"yoast-schema-graph\">{\"@context\":\"https:\\\/\\\/schema.org\",\"@graph\":[{\"@type\":\"Article\",\"@id\":\"https:\\\/\\\/www.couleursjapon.com\\\/blog\\\/salon-des-arts-et-passions\\\/#article\",\"isPartOf\":{\"@id\":\"https:\\\/\\\/www.couleursjapon.com\\\/blog\\\/salon-des-arts-et-passions\\\/\"},\"author\":{\"name\":\"Pascaline\",\"@id\":\"https:\\\/\\\/www.couleursjapon.com\\\/blog\\\/#\\\/schema\\\/person\\\/6cfac89a7be4e2bd871f9340169acd3b\"},\"headline\":\"Salon des Arts et Passions\",\"datePublished\":\"2013-10-21T20:12:13+00:00\",\"dateModified\":\"2021-02-26T10:54:34+00:00\",\"mainEntityOfPage\":{\"@id\":\"https:\\\/\\\/www.couleursjapon.com\\\/blog\\\/salon-des-arts-et-passions\\\/\"},\"wordCount\":172,\"commentCount\":0,\"publisher\":{\"@id\":\"https:\\\/\\\/www.couleursjapon.com\\\/blog\\\/#organization\"},\"image\":{\"@id\":\"https:\\\/\\\/www.couleursjapon.com\\\/blog\\\/salon-des-arts-et-passions\\\/#primaryimage\"},\"thumbnailUrl\":\"http:\\\/\\\/www.couleursjapon.com\\\/blog\\\/wp-content\\\/uploads\\\/2013\\\/10\\\/bessoncourt06102013-3-300x221.jpg\",\"keywords\":[\"artisans\",\"salon\"],\"articleSection\":[\"Actualit\u00e9s\\\/News\"],\"inLanguage\":\"fr-FR\",\"potentialAction\":[{\"@type\":\"CommentAction\",\"name\":\"Comment\",\"target\":[\"https:\\\/\\\/www.couleursjapon.com\\\/blog\\\/salon-des-arts-et-passions\\\/#respond\"]}]},{\"@type\":\"WebPage\",\"@id\":\"https:\\\/\\\/www.couleursjapon.com\\\/blog\\\/salon-des-arts-et-passions\\\/\",\"url\":\"https:\\\/\\\/www.couleursjapon.com\\\/blog\\\/salon-des-arts-et-passions\\\/\",\"name\":\"Salon des Arts et Passions - Couleurs Japon\",\"isPartOf\":{\"@id\":\"https:\\\/\\\/www.couleursjapon.com\\\/blog\\\/#website\"},\"primaryImageOfPage\":{\"@id\":\"https:\\\/\\\/www.couleursjapon.com\\\/blog\\\/salon-des-arts-et-passions\\\/#primaryimage\"},\"image\":{\"@id\":\"https:\\\/\\\/www.couleursjapon.com\\\/blog\\\/salon-des-arts-et-passions\\\/#primaryimage\"},\"thumbnailUrl\":\"http:\\\/\\\/www.couleursjapon.com\\\/blog\\\/wp-content\\\/uploads\\\/2013\\\/10\\\/bessoncourt06102013-3-300x221.jpg\",\"datePublished\":\"2013-10-21T20:12:13+00:00\",\"dateModified\":\"2021-02-26T10:54:34+00:00\",\"breadcrumb\":{\"@id\":\"https:\\\/\\\/www.couleursjapon.com\\\/blog\\\/salon-des-arts-et-passions\\\/#breadcrumb\"},\"inLanguage\":\"fr-FR\",\"potentialAction\":[{\"@type\":\"ReadAction\",\"target\":[\"https:\\\/\\\/www.couleursjapon.com\\\/blog\\\/salon-des-arts-et-passions\\\/\"]}]},{\"@type\":\"ImageObject\",\"inLanguage\":\"fr-FR\",\"@id\":\"https:\\\/\\\/www.couleursjapon.com\\\/blog\\\/salon-des-arts-et-passions\\\/#primaryimage\",\"url\":\"http:\\\/\\\/www.couleursjapon.com\\\/blog\\\/wp-content\\\/uploads\\\/2013\\\/10\\\/bessoncourt06102013-3-300x221.jpg\",\"contentUrl\":\"http:\\\/\\\/www.couleursjapon.com\\\/blog\\\/wp-content\\\/uploads\\\/2013\\\/10\\\/bessoncourt06102013-3-300x221.jpg\"},{\"@type\":\"BreadcrumbList\",\"@id\":\"https:\\\/\\\/www.couleursjapon.com\\\/blog\\\/salon-des-arts-et-passions\\\/#breadcrumb\",\"itemListElement\":[{\"@type\":\"ListItem\",\"position\":1,\"name\":\"Accueil\",\"item\":\"https:\\\/\\\/www.couleursjapon.com\\\/blog\\\/\"},{\"@type\":\"ListItem\",\"position\":2,\"name\":\"Salon des Arts et Passions\"}]},{\"@type\":\"WebSite\",\"@id\":\"https:\\\/\\\/www.couleursjapon.com\\\/blog\\\/#website\",\"url\":\"https:\\\/\\\/www.couleursjapon.com\\\/blog\\\/\",\"name\":\"Couleurs Japon\",\"description\":\"Tissus japonais\",\"publisher\":{\"@id\":\"https:\\\/\\\/www.couleursjapon.com\\\/blog\\\/#organization\"},\"potentialAction\":[{\"@type\":\"SearchAction\",\"target\":{\"@type\":\"EntryPoint\",\"urlTemplate\":\"https:\\\/\\\/www.couleursjapon.com\\\/blog\\\/?s={search_term_string}\"},\"query-input\":{\"@type\":\"PropertyValueSpecification\",\"valueRequired\":true,\"valueName\":\"search_term_string\"}}],\"inLanguage\":\"fr-FR\"},{\"@type\":\"Organization\",\"@id\":\"https:\\\/\\\/www.couleursjapon.com\\\/blog\\\/#organization\",\"name\":\"Couleurs Japon\",\"url\":\"https:\\\/\\\/www.couleursjapon.com\\\/blog\\\/\",\"logo\":{\"@type\":\"ImageObject\",\"inLanguage\":\"fr-FR\",\"@id\":\"https:\\\/\\\/www.couleursjapon.com\\\/blog\\\/#\\\/schema\\\/logo\\\/image\\\/\",\"url\":\"https:\\\/\\\/www.couleursjapon.com\\\/blog\\\/wp-content\\\/uploads\\\/2020\\\/10\\\/couleurs-japon-logo-1.png\",\"contentUrl\":\"https:\\\/\\\/www.couleursjapon.com\\\/blog\\\/wp-content\\\/uploads\\\/2020\\\/10\\\/couleurs-japon-logo-1.png\",\"width\":400,\"height\":77,\"caption\":\"Couleurs Japon\"},\"image\":{\"@id\":\"https:\\\/\\\/www.couleursjapon.com\\\/blog\\\/#\\\/schema\\\/logo\\\/image\\\/\"},\"sameAs\":[\"https:\\\/\\\/www.facebook.com\\\/CouleursJapon\\\/\",\"https:\\\/\\\/www.instagram.com\\\/couleursjapon\",\"https:\\\/\\\/www.pinterest.fr\\\/couleursjapon\\\/\"]},{\"@type\":\"Person\",\"@id\":\"https:\\\/\\\/www.couleursjapon.com\\\/blog\\\/#\\\/schema\\\/person\\\/6cfac89a7be4e2bd871f9340169acd3b\",\"name\":\"Pascaline\",\"image\":{\"@type\":\"ImageObject\",\"inLanguage\":\"fr-FR\",\"@id\":\"https:\\\/\\\/secure.gravatar.com\\\/avatar\\\/b9c6a29f8912cdfda78bfc45075e0ff0865b74e5ddd9b600e5e618c78b531d8b?s=96&d=mm&r=g\",\"url\":\"https:\\\/\\\/secure.gravatar.com\\\/avatar\\\/b9c6a29f8912cdfda78bfc45075e0ff0865b74e5ddd9b600e5e618c78b531d8b?s=96&d=mm&r=g\",\"contentUrl\":\"https:\\\/\\\/secure.gravatar.com\\\/avatar\\\/b9c6a29f8912cdfda78bfc45075e0ff0865b74e5ddd9b600e5e618c78b531d8b?s=96&d=mm&r=g\",\"caption\":\"Pascaline\"},\"sameAs\":[\"http:\\\/\\\/www.couleursjapon.com\"]}]}<\/script>\n<!-- \/ Yoast SEO plugin. -->","yoast_head_json":{"title":"Salon des Arts et Passions - Couleurs Japon","robots":{"index":"index","follow":"follow","max-snippet":"max-snippet:-1","max-image-preview":"max-image-preview:large","max-video-preview":"max-video-preview:-1"},"canonical":"https:\/\/www.couleursjapon.com\/blog\/salon-des-arts-et-passions\/","og_locale":"fr_FR","og_type":"article","og_title":"Salon des Arts et Passions - Couleurs Japon","og_description":"Petit compte-rendu du salon des Arts et Passions du 13 octobre 2013 \u00e0 Bessoncourt 2013. Une fois n&rsquo;est pas coutume, exposition sans vente le 13 octobre \u00e0 Bessoncourt \u00e0 la salle de la Mairie organis\u00e9e par l&rsquo;association bessoncourtoise d&rsquo;animation. En plus de l&rsquo;exposition de nouvelles cr\u00e9ations artisanales, l&rsquo;occasion de partager avec d&rsquo;autres artistes et artisans &hellip; Continuer la lecture de &laquo;&nbsp;Salon des Arts et Passions&nbsp;&raquo;","og_url":"https:\/\/www.couleursjapon.com\/blog\/salon-des-arts-et-passions\/","og_site_name":"Couleurs Japon","article_publisher":"https:\/\/www.facebook.com\/CouleursJapon\/","article_published_time":"2013-10-21T20:12:13+00:00","article_modified_time":"2021-02-26T10:54:34+00:00","og_image":[{"url":"http:\/\/www.couleursjapon.com\/blog\/wp-content\/uploads\/2013\/10\/bessoncourt06102013-3-300x221.jpg","type":"","width":"","height":""}],"author":"Pascaline","twitter_card":"summary_large_image","twitter_misc":{"\u00c9crit par":"Pascaline","Dur\u00e9e de lecture estim\u00e9e":"3 minutes"},"schema":{"@context":"https:\/\/schema.org","@graph":[{"@type":"Article","@id":"https:\/\/www.couleursjapon.com\/blog\/salon-des-arts-et-passions\/#article","isPartOf":{"@id":"https:\/\/www.couleursjapon.com\/blog\/salon-des-arts-et-passions\/"},"author":{"name":"Pascaline","@id":"https:\/\/www.couleursjapon.com\/blog\/#\/schema\/person\/6cfac89a7be4e2bd871f9340169acd3b"},"headline":"Salon des Arts et Passions","datePublished":"2013-10-21T20:12:13+00:00","dateModified":"2021-02-26T10:54:34+00:00","mainEntityOfPage":{"@id":"https:\/\/www.couleursjapon.com\/blog\/salon-des-arts-et-passions\/"},"wordCount":172,"commentCount":0,"publisher":{"@id":"https:\/\/www.couleursjapon.com\/blog\/#organization"},"image":{"@id":"https:\/\/www.couleursjapon.com\/blog\/salon-des-arts-et-passions\/#primaryimage"},"thumbnailUrl":"http:\/\/www.couleursjapon.com\/blog\/wp-content\/uploads\/2013\/10\/bessoncourt06102013-3-300x221.jpg","keywords":["artisans","salon"],"articleSection":["Actualit\u00e9s\/News"],"inLanguage":"fr-FR","potentialAction":[{"@type":"CommentAction","name":"Comment","target":["https:\/\/www.couleursjapon.com\/blog\/salon-des-arts-et-passions\/#respond"]}]},{"@type":"WebPage","@id":"https:\/\/www.couleursjapon.com\/blog\/salon-des-arts-et-passions\/","url":"https:\/\/www.couleursjapon.com\/blog\/salon-des-arts-et-passions\/","name":"Salon des Arts et Passions - Couleurs Japon","isPartOf":{"@id":"https:\/\/www.couleursjapon.com\/blog\/#website"},"primaryImageOfPage":{"@id":"https:\/\/www.couleursjapon.com\/blog\/salon-des-arts-et-passions\/#primaryimage"},"image":{"@id":"https:\/\/www.couleursjapon.com\/blog\/salon-des-arts-et-passions\/#primaryimage"},"thumbnailUrl":"http:\/\/www.couleursjapon.com\/blog\/wp-content\/uploads\/2013\/10\/bessoncourt06102013-3-300x221.jpg","datePublished":"2013-10-21T20:12:13+00:00","dateModified":"2021-02-26T10:54:34+00:00","breadcrumb":{"@id":"https:\/\/www.couleursjapon.com\/blog\/salon-des-arts-et-passions\/#breadcrumb"},"inLanguage":"fr-FR","potentialAction":[{"@type":"ReadAction","target":["https:\/\/www.couleursjapon.com\/blog\/salon-des-arts-et-passions\/"]}]},{"@type":"ImageObject","inLanguage":"fr-FR","@id":"https:\/\/www.couleursjapon.com\/blog\/salon-des-arts-et-passions\/#primaryimage","url":"http:\/\/www.couleursjapon.com\/blog\/wp-content\/uploads\/2013\/10\/bessoncourt06102013-3-300x221.jpg","contentUrl":"http:\/\/www.couleursjapon.com\/blog\/wp-content\/uploads\/2013\/10\/bessoncourt06102013-3-300x221.jpg"},{"@type":"BreadcrumbList","@id":"https:\/\/www.couleursjapon.com\/blog\/salon-des-arts-et-passions\/#breadcrumb","itemListElement":[{"@type":"ListItem","position":1,"name":"Accueil","item":"https:\/\/www.couleursjapon.com\/blog\/"},{"@type":"ListItem","position":2,"name":"Salon des Arts et Passions"}]},{"@type":"WebSite","@id":"https:\/\/www.couleursjapon.com\/blog\/#website","url":"https:\/\/www.couleursjapon.com\/blog\/","name":"Couleurs Japon","description":"Tissus japonais","publisher":{"@id":"https:\/\/www.couleursjapon.com\/blog\/#organization"},"potentialAction":[{"@type":"SearchAction","target":{"@type":"EntryPoint","urlTemplate":"https:\/\/www.couleursjapon.com\/blog\/?s={search_term_string}"},"query-input":{"@type":"PropertyValueSpecification","valueRequired":true,"valueName":"search_term_string"}}],"inLanguage":"fr-FR"},{"@type":"Organization","@id":"https:\/\/www.couleursjapon.com\/blog\/#organization","name":"Couleurs Japon","url":"https:\/\/www.couleursjapon.com\/blog\/","logo":{"@type":"ImageObject","inLanguage":"fr-FR","@id":"https:\/\/www.couleursjapon.com\/blog\/#\/schema\/logo\/image\/","url":"https:\/\/www.couleursjapon.com\/blog\/wp-content\/uploads\/2020\/10\/couleurs-japon-logo-1.png","contentUrl":"https:\/\/www.couleursjapon.com\/blog\/wp-content\/uploads\/2020\/10\/couleurs-japon-logo-1.png","width":400,"height":77,"caption":"Couleurs Japon"},"image":{"@id":"https:\/\/www.couleursjapon.com\/blog\/#\/schema\/logo\/image\/"},"sameAs":["https:\/\/www.facebook.com\/CouleursJapon\/","https:\/\/www.instagram.com\/couleursjapon","https:\/\/www.pinterest.fr\/couleursjapon\/"]},{"@type":"Person","@id":"https:\/\/www.couleursjapon.com\/blog\/#\/schema\/person\/6cfac89a7be4e2bd871f9340169acd3b","name":"Pascaline","image":{"@type":"ImageObject","inLanguage":"fr-FR","@id":"https:\/\/secure.gravatar.com\/avatar\/b9c6a29f8912cdfda78bfc45075e0ff0865b74e5ddd9b600e5e618c78b531d8b?s=96&d=mm&r=g","url":"https:\/\/secure.gravatar.com\/avatar\/b9c6a29f8912cdfda78bfc45075e0ff0865b74e5ddd9b600e5e618c78b531d8b?s=96&d=mm&r=g","contentUrl":"https:\/\/secure.gravatar.com\/avatar\/b9c6a29f8912cdfda78bfc45075e0ff0865b74e5ddd9b600e5e618c78b531d8b?s=96&d=mm&r=g","caption":"Pascaline"},"sameAs":["http:\/\/www.couleursjapon.com"]}]}},"_links":{"self":[{"href":"https:\/\/www.couleursjapon.com\/blog\/wp-json\/wp\/v2\/posts\/423","targetHints":{"allow":["GET"]}}],"collection":[{"href":"https:\/\/www.couleursjapon.com\/blog\/wp-json\/wp\/v2\/posts"}],"about":[{"href":"https:\/\/www.couleursjapon.com\/blog\/wp-json\/wp\/v2\/types\/post"}],"author":[{"embeddable":true,"href":"https:\/\/www.couleursjapon.com\/blog\/wp-json\/wp\/v2\/users\/1"}],"replies":[{"embeddable":true,"href":"https:\/\/www.couleursjapon.com\/blog\/wp-json\/wp\/v2\/comments?post=423"}],"version-history":[{"count":2,"href":"https:\/\/www.couleursjapon.com\/blog\/wp-json\/wp\/v2\/posts\/423\/revisions"}],"predecessor-version":[{"id":1456,"href":"https:\/\/www.couleursjapon.com\/blog\/wp-json\/wp\/v2\/posts\/423\/revisions\/1456"}],"wp:attachment":[{"href":"https:\/\/www.couleursjapon.com\/blog\/wp-json\/wp\/v2\/media?parent=423"}],"wp:term":[{"taxonomy":"category","embeddable":true,"href":"https:\/\/www.couleursjapon.com\/blog\/wp-json\/wp\/v2\/categories?post=423"},{"taxonomy":"post_tag","embeddable":true,"href":"https:\/\/www.couleursjapon.com\/blog\/wp-json\/wp\/v2\/tags?post=423"}],"curies":[{"name":"wp","href":"https:\/\/api.w.org\/{rel}","templated":true}]}}