{"id":196,"date":"2013-05-19T16:14:27","date_gmt":"2013-05-19T15:14:27","guid":{"rendered":"http:\/\/www.couleursjapon.com\/blog\/?p=196"},"modified":"2013-05-19T16:30:05","modified_gmt":"2013-05-19T15:30:05","slug":"salon-expo-faites-des-meres-heureuses-a-strasbourg","status":"publish","type":"post","link":"https:\/\/www.couleursjapon.com\/blog\/salon-expo-faites-des-meres-heureuses-a-strasbourg\/","title":{"rendered":"Salon-expo : Faites des M\u00e8res Heureuses \u00e0 Strasbourg"},"content":{"rendered":"<p>Un rapide compte-rendu du salon-expo F\u00eates des M\u00e8res Heureuses ce samedi \u00e0 Strasbourg.<\/p>\n<p>C&rsquo;est sous le soleil radieux de Strasbourg que s&rsquo;est tenu ce samedi la salon F\u00eates des M\u00e8res Heureuses \u00e0 Strasbourg. L&rsquo;occasion pour tous de se fournir en jolis cadeaux pour nos mamans pr\u00e9f\u00e9r\u00e9es dimanche prochain (ou en cadeaux pour soi-m\u00eame, parce qu&rsquo;apr\u00e8s tout on n&rsquo;est jamais si bien servi que par soi-m\u00eame), et pour nous d&rsquo;exposer une partie de nos sacs et accessoires.<\/p>\n<p style=\"text-align: center;\"><a href=\"http:\/\/www.couleursjapon.com\/blog\/wp-content\/uploads\/2013\/05\/FMH01.jpg\"><img loading=\"lazy\" decoding=\"async\" class=\"size-medium wp-image-197\" alt=\"La salle d'exposition avant l'ouverture\" src=\"https:\/\/www.couleursjapon.com\/blog\/wp-content\/uploads\/2013\/05\/FMH01-300x189.jpg\" width=\"300\" height=\"189\" srcset=\"https:\/\/www.couleursjapon.com\/blog\/wp-content\/uploads\/2013\/05\/FMH01-300x189.jpg 300w, https:\/\/www.couleursjapon.com\/blog\/wp-content\/uploads\/2013\/05\/FMH01-1024x645.jpg 1024w, https:\/\/www.couleursjapon.com\/blog\/wp-content\/uploads\/2013\/05\/FMH01-768x484.jpg 768w, https:\/\/www.couleursjapon.com\/blog\/wp-content\/uploads\/2013\/05\/FMH01-1536x968.jpg 1536w, https:\/\/www.couleursjapon.com\/blog\/wp-content\/uploads\/2013\/05\/FMH01-1200x756.jpg 1200w, https:\/\/www.couleursjapon.com\/blog\/wp-content\/uploads\/2013\/05\/FMH01-1980x1247.jpg 1980w, https:\/\/www.couleursjapon.com\/blog\/wp-content\/uploads\/2013\/05\/FMH01.jpg 2000w\" sizes=\"auto, (max-width: 300px) 85vw, 300px\" \/><\/a><\/p>\n<p style=\"text-align: center;\">La salle d&rsquo;exposition avant l&rsquo;ouverture<\/p>\n<p style=\"text-align: center;\">\u00a0<a href=\"http:\/\/www.couleursjapon.com\/blog\/wp-content\/uploads\/2013\/05\/FMH02.jpg\"><img loading=\"lazy\" decoding=\"async\" class=\"size-medium wp-image-198\" title=\"Un bout du stand Couleurs Japon\" alt=\"Un bout du stand Couleurs Japon\" src=\"https:\/\/www.couleursjapon.com\/blog\/wp-content\/uploads\/2013\/05\/FMH02-300x221.jpg\" width=\"300\" height=\"221\" srcset=\"https:\/\/www.couleursjapon.com\/blog\/wp-content\/uploads\/2013\/05\/FMH02-300x221.jpg 300w, https:\/\/www.couleursjapon.com\/blog\/wp-content\/uploads\/2013\/05\/FMH02-1024x755.jpg 1024w, https:\/\/www.couleursjapon.com\/blog\/wp-content\/uploads\/2013\/05\/FMH02-768x566.jpg 768w, https:\/\/www.couleursjapon.com\/blog\/wp-content\/uploads\/2013\/05\/FMH02-1536x1132.jpg 1536w, https:\/\/www.couleursjapon.com\/blog\/wp-content\/uploads\/2013\/05\/FMH02-1200x884.jpg 1200w, https:\/\/www.couleursjapon.com\/blog\/wp-content\/uploads\/2013\/05\/FMH02-1980x1459.jpg 1980w, https:\/\/www.couleursjapon.com\/blog\/wp-content\/uploads\/2013\/05\/FMH02.jpg 2000w\" sizes=\"auto, (max-width: 300px) 85vw, 300px\" \/><\/a><\/p>\n<p style=\"text-align: center;\">Un bout du stand Couleurs Japon<\/p>\n<p style=\"text-align: center;\"><a href=\"http:\/\/www.couleursjapon.com\/blog\/wp-content\/uploads\/2013\/05\/FMH03.jpg\"><img loading=\"lazy\" decoding=\"async\" class=\"size-medium wp-image-199  \" title=\"Un autre petit aper\u00e7u du stand\" alt=\"\" src=\"https:\/\/www.couleursjapon.com\/blog\/wp-content\/uploads\/2013\/05\/FMH03-300x219.jpg\" width=\"300\" height=\"219\" \/><\/a><\/p>\n<p style=\"text-align: center;\">Un autre petit aper\u00e7u du stand<\/p>\n<p>Merci \u00e0 Aur\u00e9lien de <a href=\"https:\/\/www.facebook.com\/Laselectiondupuriste\">La s\u00e9lection du puriste<\/a> pour l&rsquo;organisation, \u00e0 Marie-H\u00e9l\u00e8ne de <a href=\"https:\/\/www.facebook.com\/pages\/Mibs-strasbourg\/114764811925830\">MIB&rsquo;s<\/a> et tous les autres exposants pour la bonne ambiance et les causeries ! Et merci \u00e9videmment \u00e0 tous ceux qui sont venus nous voir sur le stand, ce fut une journ\u00e9e remplie d&rsquo;\u00e9changes sympathiques.<\/p>\n","protected":false},"excerpt":{"rendered":"<p>Un rapide compte-rendu du salon-expo F\u00eates des M\u00e8res Heureuses ce samedi \u00e0 Strasbourg. C&rsquo;est sous le soleil radieux de Strasbourg que s&rsquo;est tenu ce samedi la salon F\u00eates des M\u00e8res Heureuses \u00e0 Strasbourg. L&rsquo;occasion pour tous de se fournir en jolis cadeaux pour nos mamans pr\u00e9f\u00e9r\u00e9es dimanche prochain (ou en cadeaux pour soi-m\u00eame, parce qu&rsquo;apr\u00e8s &hellip; <a href=\"https:\/\/www.couleursjapon.com\/blog\/salon-expo-faites-des-meres-heureuses-a-strasbourg\/\" class=\"more-link\">Continuer la lecture<span class=\"screen-reader-text\"> de &laquo;&nbsp;Salon-expo : Faites des M\u00e8res Heureuses \u00e0 Strasbourg&nbsp;&raquo;<\/span><\/a><\/p>\n","protected":false},"author":1,"featured_media":0,"comment_status":"open","ping_status":"open","sticky":false,"template":"","format":"standard","meta":{"footnotes":""},"categories":[7],"tags":[38,25],"class_list":["post-196","post","type-post","status-publish","format-standard","hentry","category-actualites","tag-couleurs-japon","tag-salon"],"yoast_head":"<!-- This site is optimized with the Yoast SEO plugin v27.3 - https:\/\/yoast.com\/product\/yoast-seo-wordpress\/ -->\n<title>Salon-expo : Faites des M\u00e8res Heureuses \u00e0 Strasbourg - Couleurs Japon<\/title>\n<meta name=\"robots\" content=\"index, follow, max-snippet:-1, max-image-preview:large, max-video-preview:-1\" \/>\n<link rel=\"canonical\" href=\"https:\/\/www.couleursjapon.com\/blog\/salon-expo-faites-des-meres-heureuses-a-strasbourg\/\" \/>\n<meta property=\"og:locale\" content=\"fr_FR\" \/>\n<meta property=\"og:type\" content=\"article\" \/>\n<meta property=\"og:title\" content=\"Salon-expo : Faites des M\u00e8res Heureuses \u00e0 Strasbourg - Couleurs Japon\" \/>\n<meta property=\"og:description\" content=\"Un rapide compte-rendu du salon-expo F\u00eates des M\u00e8res Heureuses ce samedi \u00e0 Strasbourg. C&rsquo;est sous le soleil radieux de Strasbourg que s&rsquo;est tenu ce samedi la salon F\u00eates des M\u00e8res Heureuses \u00e0 Strasbourg. L&rsquo;occasion pour tous de se fournir en jolis cadeaux pour nos mamans pr\u00e9f\u00e9r\u00e9es dimanche prochain (ou en cadeaux pour soi-m\u00eame, parce qu&rsquo;apr\u00e8s &hellip; Continuer la lecture de &laquo;&nbsp;Salon-expo : Faites des M\u00e8res Heureuses \u00e0 Strasbourg&nbsp;&raquo;\" \/>\n<meta property=\"og:url\" content=\"https:\/\/www.couleursjapon.com\/blog\/salon-expo-faites-des-meres-heureuses-a-strasbourg\/\" \/>\n<meta property=\"og:site_name\" content=\"Couleurs Japon\" \/>\n<meta property=\"article:publisher\" content=\"https:\/\/www.facebook.com\/CouleursJapon\/\" \/>\n<meta property=\"article:published_time\" content=\"2013-05-19T15:14:27+00:00\" \/>\n<meta property=\"article:modified_time\" content=\"2013-05-19T15:30:05+00:00\" \/>\n<meta property=\"og:image\" content=\"http:\/\/www.couleursjapon.com\/blog\/wp-content\/uploads\/2013\/05\/FMH01-300x189.jpg\" \/>\n<meta name=\"author\" content=\"Pascaline\" \/>\n<meta name=\"twitter:card\" content=\"summary_large_image\" \/>\n<meta name=\"twitter:label1\" content=\"\u00c9crit par\" \/>\n\t<meta name=\"twitter:data1\" content=\"Pascaline\" \/>\n\t<meta name=\"twitter:label2\" content=\"Dur\u00e9e de lecture estim\u00e9e\" \/>\n\t<meta name=\"twitter:data2\" content=\"1 minute\" \/>\n<script type=\"application\/ld+json\" class=\"yoast-schema-graph\">{\"@context\":\"https:\\\/\\\/schema.org\",\"@graph\":[{\"@type\":\"Article\",\"@id\":\"https:\\\/\\\/www.couleursjapon.com\\\/blog\\\/salon-expo-faites-des-meres-heureuses-a-strasbourg\\\/#article\",\"isPartOf\":{\"@id\":\"https:\\\/\\\/www.couleursjapon.com\\\/blog\\\/salon-expo-faites-des-meres-heureuses-a-strasbourg\\\/\"},\"author\":{\"name\":\"Pascaline\",\"@id\":\"https:\\\/\\\/www.couleursjapon.com\\\/blog\\\/#\\\/schema\\\/person\\\/6cfac89a7be4e2bd871f9340169acd3b\"},\"headline\":\"Salon-expo : Faites des M\u00e8res Heureuses \u00e0 Strasbourg\",\"datePublished\":\"2013-05-19T15:14:27+00:00\",\"dateModified\":\"2013-05-19T15:30:05+00:00\",\"mainEntityOfPage\":{\"@id\":\"https:\\\/\\\/www.couleursjapon.com\\\/blog\\\/salon-expo-faites-des-meres-heureuses-a-strasbourg\\\/\"},\"wordCount\":169,\"commentCount\":0,\"publisher\":{\"@id\":\"https:\\\/\\\/www.couleursjapon.com\\\/blog\\\/#organization\"},\"image\":{\"@id\":\"https:\\\/\\\/www.couleursjapon.com\\\/blog\\\/salon-expo-faites-des-meres-heureuses-a-strasbourg\\\/#primaryimage\"},\"thumbnailUrl\":\"http:\\\/\\\/www.couleursjapon.com\\\/blog\\\/wp-content\\\/uploads\\\/2013\\\/05\\\/FMH01-300x189.jpg\",\"keywords\":[\"couleurs japon\",\"salon\"],\"articleSection\":[\"Actualit\u00e9s\\\/News\"],\"inLanguage\":\"fr-FR\",\"potentialAction\":[{\"@type\":\"CommentAction\",\"name\":\"Comment\",\"target\":[\"https:\\\/\\\/www.couleursjapon.com\\\/blog\\\/salon-expo-faites-des-meres-heureuses-a-strasbourg\\\/#respond\"]}]},{\"@type\":\"WebPage\",\"@id\":\"https:\\\/\\\/www.couleursjapon.com\\\/blog\\\/salon-expo-faites-des-meres-heureuses-a-strasbourg\\\/\",\"url\":\"https:\\\/\\\/www.couleursjapon.com\\\/blog\\\/salon-expo-faites-des-meres-heureuses-a-strasbourg\\\/\",\"name\":\"Salon-expo : Faites des M\u00e8res Heureuses \u00e0 Strasbourg - Couleurs Japon\",\"isPartOf\":{\"@id\":\"https:\\\/\\\/www.couleursjapon.com\\\/blog\\\/#website\"},\"primaryImageOfPage\":{\"@id\":\"https:\\\/\\\/www.couleursjapon.com\\\/blog\\\/salon-expo-faites-des-meres-heureuses-a-strasbourg\\\/#primaryimage\"},\"image\":{\"@id\":\"https:\\\/\\\/www.couleursjapon.com\\\/blog\\\/salon-expo-faites-des-meres-heureuses-a-strasbourg\\\/#primaryimage\"},\"thumbnailUrl\":\"http:\\\/\\\/www.couleursjapon.com\\\/blog\\\/wp-content\\\/uploads\\\/2013\\\/05\\\/FMH01-300x189.jpg\",\"datePublished\":\"2013-05-19T15:14:27+00:00\",\"dateModified\":\"2013-05-19T15:30:05+00:00\",\"breadcrumb\":{\"@id\":\"https:\\\/\\\/www.couleursjapon.com\\\/blog\\\/salon-expo-faites-des-meres-heureuses-a-strasbourg\\\/#breadcrumb\"},\"inLanguage\":\"fr-FR\",\"potentialAction\":[{\"@type\":\"ReadAction\",\"target\":[\"https:\\\/\\\/www.couleursjapon.com\\\/blog\\\/salon-expo-faites-des-meres-heureuses-a-strasbourg\\\/\"]}]},{\"@type\":\"ImageObject\",\"inLanguage\":\"fr-FR\",\"@id\":\"https:\\\/\\\/www.couleursjapon.com\\\/blog\\\/salon-expo-faites-des-meres-heureuses-a-strasbourg\\\/#primaryimage\",\"url\":\"http:\\\/\\\/www.couleursjapon.com\\\/blog\\\/wp-content\\\/uploads\\\/2013\\\/05\\\/FMH01-300x189.jpg\",\"contentUrl\":\"http:\\\/\\\/www.couleursjapon.com\\\/blog\\\/wp-content\\\/uploads\\\/2013\\\/05\\\/FMH01-300x189.jpg\"},{\"@type\":\"BreadcrumbList\",\"@id\":\"https:\\\/\\\/www.couleursjapon.com\\\/blog\\\/salon-expo-faites-des-meres-heureuses-a-strasbourg\\\/#breadcrumb\",\"itemListElement\":[{\"@type\":\"ListItem\",\"position\":1,\"name\":\"Accueil\",\"item\":\"https:\\\/\\\/www.couleursjapon.com\\\/blog\\\/\"},{\"@type\":\"ListItem\",\"position\":2,\"name\":\"Salon-expo : Faites des M\u00e8res Heureuses \u00e0 Strasbourg\"}]},{\"@type\":\"WebSite\",\"@id\":\"https:\\\/\\\/www.couleursjapon.com\\\/blog\\\/#website\",\"url\":\"https:\\\/\\\/www.couleursjapon.com\\\/blog\\\/\",\"name\":\"Couleurs Japon\",\"description\":\"Tissus japonais\",\"publisher\":{\"@id\":\"https:\\\/\\\/www.couleursjapon.com\\\/blog\\\/#organization\"},\"potentialAction\":[{\"@type\":\"SearchAction\",\"target\":{\"@type\":\"EntryPoint\",\"urlTemplate\":\"https:\\\/\\\/www.couleursjapon.com\\\/blog\\\/?s={search_term_string}\"},\"query-input\":{\"@type\":\"PropertyValueSpecification\",\"valueRequired\":true,\"valueName\":\"search_term_string\"}}],\"inLanguage\":\"fr-FR\"},{\"@type\":\"Organization\",\"@id\":\"https:\\\/\\\/www.couleursjapon.com\\\/blog\\\/#organization\",\"name\":\"Couleurs Japon\",\"url\":\"https:\\\/\\\/www.couleursjapon.com\\\/blog\\\/\",\"logo\":{\"@type\":\"ImageObject\",\"inLanguage\":\"fr-FR\",\"@id\":\"https:\\\/\\\/www.couleursjapon.com\\\/blog\\\/#\\\/schema\\\/logo\\\/image\\\/\",\"url\":\"https:\\\/\\\/www.couleursjapon.com\\\/blog\\\/wp-content\\\/uploads\\\/2020\\\/10\\\/couleurs-japon-logo-1.png\",\"contentUrl\":\"https:\\\/\\\/www.couleursjapon.com\\\/blog\\\/wp-content\\\/uploads\\\/2020\\\/10\\\/couleurs-japon-logo-1.png\",\"width\":400,\"height\":77,\"caption\":\"Couleurs Japon\"},\"image\":{\"@id\":\"https:\\\/\\\/www.couleursjapon.com\\\/blog\\\/#\\\/schema\\\/logo\\\/image\\\/\"},\"sameAs\":[\"https:\\\/\\\/www.facebook.com\\\/CouleursJapon\\\/\",\"https:\\\/\\\/www.instagram.com\\\/couleursjapon\",\"https:\\\/\\\/www.pinterest.fr\\\/couleursjapon\\\/\"]},{\"@type\":\"Person\",\"@id\":\"https:\\\/\\\/www.couleursjapon.com\\\/blog\\\/#\\\/schema\\\/person\\\/6cfac89a7be4e2bd871f9340169acd3b\",\"name\":\"Pascaline\",\"image\":{\"@type\":\"ImageObject\",\"inLanguage\":\"fr-FR\",\"@id\":\"https:\\\/\\\/secure.gravatar.com\\\/avatar\\\/b9c6a29f8912cdfda78bfc45075e0ff0865b74e5ddd9b600e5e618c78b531d8b?s=96&d=mm&r=g\",\"url\":\"https:\\\/\\\/secure.gravatar.com\\\/avatar\\\/b9c6a29f8912cdfda78bfc45075e0ff0865b74e5ddd9b600e5e618c78b531d8b?s=96&d=mm&r=g\",\"contentUrl\":\"https:\\\/\\\/secure.gravatar.com\\\/avatar\\\/b9c6a29f8912cdfda78bfc45075e0ff0865b74e5ddd9b600e5e618c78b531d8b?s=96&d=mm&r=g\",\"caption\":\"Pascaline\"},\"sameAs\":[\"http:\\\/\\\/www.couleursjapon.com\"]}]}<\/script>\n<!-- \/ Yoast SEO plugin. -->","yoast_head_json":{"title":"Salon-expo : Faites des M\u00e8res Heureuses \u00e0 Strasbourg - Couleurs Japon","robots":{"index":"index","follow":"follow","max-snippet":"max-snippet:-1","max-image-preview":"max-image-preview:large","max-video-preview":"max-video-preview:-1"},"canonical":"https:\/\/www.couleursjapon.com\/blog\/salon-expo-faites-des-meres-heureuses-a-strasbourg\/","og_locale":"fr_FR","og_type":"article","og_title":"Salon-expo : Faites des M\u00e8res Heureuses \u00e0 Strasbourg - Couleurs Japon","og_description":"Un rapide compte-rendu du salon-expo F\u00eates des M\u00e8res Heureuses ce samedi \u00e0 Strasbourg. C&rsquo;est sous le soleil radieux de Strasbourg que s&rsquo;est tenu ce samedi la salon F\u00eates des M\u00e8res Heureuses \u00e0 Strasbourg. L&rsquo;occasion pour tous de se fournir en jolis cadeaux pour nos mamans pr\u00e9f\u00e9r\u00e9es dimanche prochain (ou en cadeaux pour soi-m\u00eame, parce qu&rsquo;apr\u00e8s &hellip; Continuer la lecture de &laquo;&nbsp;Salon-expo : Faites des M\u00e8res Heureuses \u00e0 Strasbourg&nbsp;&raquo;","og_url":"https:\/\/www.couleursjapon.com\/blog\/salon-expo-faites-des-meres-heureuses-a-strasbourg\/","og_site_name":"Couleurs Japon","article_publisher":"https:\/\/www.facebook.com\/CouleursJapon\/","article_published_time":"2013-05-19T15:14:27+00:00","article_modified_time":"2013-05-19T15:30:05+00:00","og_image":[{"url":"http:\/\/www.couleursjapon.com\/blog\/wp-content\/uploads\/2013\/05\/FMH01-300x189.jpg","type":"","width":"","height":""}],"author":"Pascaline","twitter_card":"summary_large_image","twitter_misc":{"\u00c9crit par":"Pascaline","Dur\u00e9e de lecture estim\u00e9e":"1 minute"},"schema":{"@context":"https:\/\/schema.org","@graph":[{"@type":"Article","@id":"https:\/\/www.couleursjapon.com\/blog\/salon-expo-faites-des-meres-heureuses-a-strasbourg\/#article","isPartOf":{"@id":"https:\/\/www.couleursjapon.com\/blog\/salon-expo-faites-des-meres-heureuses-a-strasbourg\/"},"author":{"name":"Pascaline","@id":"https:\/\/www.couleursjapon.com\/blog\/#\/schema\/person\/6cfac89a7be4e2bd871f9340169acd3b"},"headline":"Salon-expo : Faites des M\u00e8res Heureuses \u00e0 Strasbourg","datePublished":"2013-05-19T15:14:27+00:00","dateModified":"2013-05-19T15:30:05+00:00","mainEntityOfPage":{"@id":"https:\/\/www.couleursjapon.com\/blog\/salon-expo-faites-des-meres-heureuses-a-strasbourg\/"},"wordCount":169,"commentCount":0,"publisher":{"@id":"https:\/\/www.couleursjapon.com\/blog\/#organization"},"image":{"@id":"https:\/\/www.couleursjapon.com\/blog\/salon-expo-faites-des-meres-heureuses-a-strasbourg\/#primaryimage"},"thumbnailUrl":"http:\/\/www.couleursjapon.com\/blog\/wp-content\/uploads\/2013\/05\/FMH01-300x189.jpg","keywords":["couleurs japon","salon"],"articleSection":["Actualit\u00e9s\/News"],"inLanguage":"fr-FR","potentialAction":[{"@type":"CommentAction","name":"Comment","target":["https:\/\/www.couleursjapon.com\/blog\/salon-expo-faites-des-meres-heureuses-a-strasbourg\/#respond"]}]},{"@type":"WebPage","@id":"https:\/\/www.couleursjapon.com\/blog\/salon-expo-faites-des-meres-heureuses-a-strasbourg\/","url":"https:\/\/www.couleursjapon.com\/blog\/salon-expo-faites-des-meres-heureuses-a-strasbourg\/","name":"Salon-expo : Faites des M\u00e8res Heureuses \u00e0 Strasbourg - Couleurs Japon","isPartOf":{"@id":"https:\/\/www.couleursjapon.com\/blog\/#website"},"primaryImageOfPage":{"@id":"https:\/\/www.couleursjapon.com\/blog\/salon-expo-faites-des-meres-heureuses-a-strasbourg\/#primaryimage"},"image":{"@id":"https:\/\/www.couleursjapon.com\/blog\/salon-expo-faites-des-meres-heureuses-a-strasbourg\/#primaryimage"},"thumbnailUrl":"http:\/\/www.couleursjapon.com\/blog\/wp-content\/uploads\/2013\/05\/FMH01-300x189.jpg","datePublished":"2013-05-19T15:14:27+00:00","dateModified":"2013-05-19T15:30:05+00:00","breadcrumb":{"@id":"https:\/\/www.couleursjapon.com\/blog\/salon-expo-faites-des-meres-heureuses-a-strasbourg\/#breadcrumb"},"inLanguage":"fr-FR","potentialAction":[{"@type":"ReadAction","target":["https:\/\/www.couleursjapon.com\/blog\/salon-expo-faites-des-meres-heureuses-a-strasbourg\/"]}]},{"@type":"ImageObject","inLanguage":"fr-FR","@id":"https:\/\/www.couleursjapon.com\/blog\/salon-expo-faites-des-meres-heureuses-a-strasbourg\/#primaryimage","url":"http:\/\/www.couleursjapon.com\/blog\/wp-content\/uploads\/2013\/05\/FMH01-300x189.jpg","contentUrl":"http:\/\/www.couleursjapon.com\/blog\/wp-content\/uploads\/2013\/05\/FMH01-300x189.jpg"},{"@type":"BreadcrumbList","@id":"https:\/\/www.couleursjapon.com\/blog\/salon-expo-faites-des-meres-heureuses-a-strasbourg\/#breadcrumb","itemListElement":[{"@type":"ListItem","position":1,"name":"Accueil","item":"https:\/\/www.couleursjapon.com\/blog\/"},{"@type":"ListItem","position":2,"name":"Salon-expo : Faites des M\u00e8res Heureuses \u00e0 Strasbourg"}]},{"@type":"WebSite","@id":"https:\/\/www.couleursjapon.com\/blog\/#website","url":"https:\/\/www.couleursjapon.com\/blog\/","name":"Couleurs Japon","description":"Tissus japonais","publisher":{"@id":"https:\/\/www.couleursjapon.com\/blog\/#organization"},"potentialAction":[{"@type":"SearchAction","target":{"@type":"EntryPoint","urlTemplate":"https:\/\/www.couleursjapon.com\/blog\/?s={search_term_string}"},"query-input":{"@type":"PropertyValueSpecification","valueRequired":true,"valueName":"search_term_string"}}],"inLanguage":"fr-FR"},{"@type":"Organization","@id":"https:\/\/www.couleursjapon.com\/blog\/#organization","name":"Couleurs Japon","url":"https:\/\/www.couleursjapon.com\/blog\/","logo":{"@type":"ImageObject","inLanguage":"fr-FR","@id":"https:\/\/www.couleursjapon.com\/blog\/#\/schema\/logo\/image\/","url":"https:\/\/www.couleursjapon.com\/blog\/wp-content\/uploads\/2020\/10\/couleurs-japon-logo-1.png","contentUrl":"https:\/\/www.couleursjapon.com\/blog\/wp-content\/uploads\/2020\/10\/couleurs-japon-logo-1.png","width":400,"height":77,"caption":"Couleurs Japon"},"image":{"@id":"https:\/\/www.couleursjapon.com\/blog\/#\/schema\/logo\/image\/"},"sameAs":["https:\/\/www.facebook.com\/CouleursJapon\/","https:\/\/www.instagram.com\/couleursjapon","https:\/\/www.pinterest.fr\/couleursjapon\/"]},{"@type":"Person","@id":"https:\/\/www.couleursjapon.com\/blog\/#\/schema\/person\/6cfac89a7be4e2bd871f9340169acd3b","name":"Pascaline","image":{"@type":"ImageObject","inLanguage":"fr-FR","@id":"https:\/\/secure.gravatar.com\/avatar\/b9c6a29f8912cdfda78bfc45075e0ff0865b74e5ddd9b600e5e618c78b531d8b?s=96&d=mm&r=g","url":"https:\/\/secure.gravatar.com\/avatar\/b9c6a29f8912cdfda78bfc45075e0ff0865b74e5ddd9b600e5e618c78b531d8b?s=96&d=mm&r=g","contentUrl":"https:\/\/secure.gravatar.com\/avatar\/b9c6a29f8912cdfda78bfc45075e0ff0865b74e5ddd9b600e5e618c78b531d8b?s=96&d=mm&r=g","caption":"Pascaline"},"sameAs":["http:\/\/www.couleursjapon.com"]}]}},"_links":{"self":[{"href":"https:\/\/www.couleursjapon.com\/blog\/wp-json\/wp\/v2\/posts\/196","targetHints":{"allow":["GET"]}}],"collection":[{"href":"https:\/\/www.couleursjapon.com\/blog\/wp-json\/wp\/v2\/posts"}],"about":[{"href":"https:\/\/www.couleursjapon.com\/blog\/wp-json\/wp\/v2\/types\/post"}],"author":[{"embeddable":true,"href":"https:\/\/www.couleursjapon.com\/blog\/wp-json\/wp\/v2\/users\/1"}],"replies":[{"embeddable":true,"href":"https:\/\/www.couleursjapon.com\/blog\/wp-json\/wp\/v2\/comments?post=196"}],"version-history":[{"count":9,"href":"https:\/\/www.couleursjapon.com\/blog\/wp-json\/wp\/v2\/posts\/196\/revisions"}],"predecessor-version":[{"id":202,"href":"https:\/\/www.couleursjapon.com\/blog\/wp-json\/wp\/v2\/posts\/196\/revisions\/202"}],"wp:attachment":[{"href":"https:\/\/www.couleursjapon.com\/blog\/wp-json\/wp\/v2\/media?parent=196"}],"wp:term":[{"taxonomy":"category","embeddable":true,"href":"https:\/\/www.couleursjapon.com\/blog\/wp-json\/wp\/v2\/categories?post=196"},{"taxonomy":"post_tag","embeddable":true,"href":"https:\/\/www.couleursjapon.com\/blog\/wp-json\/wp\/v2\/tags?post=196"}],"curies":[{"name":"wp","href":"https:\/\/api.w.org\/{rel}","templated":true}]}}