{"id":1696,"date":"2025-09-11T16:00:40","date_gmt":"2025-09-11T15:00:40","guid":{"rendered":"https:\/\/www.couleursjapon.com\/blog\/?p=1696"},"modified":"2025-10-09T20:33:38","modified_gmt":"2025-10-09T19:33:38","slug":"ateliers-broderie-tricot-crochet-couture-et-autres-pour-septembre-et-octobre-2025","status":"publish","type":"post","link":"https:\/\/www.couleursjapon.com\/blog\/ateliers-broderie-tricot-crochet-couture-et-autres-pour-septembre-et-octobre-2025\/","title":{"rendered":"Ateliers broderie, tricot, crochet, couture et autres pour septembre et octobre 2025"},"content":{"rendered":"\n<p>La rentr\u00e9e est pass\u00e9e et les ateliers vont reprendre \u00e0 la boutique de Sierentz (68).<\/p>\n\n\n\n<p>Cette ann\u00e9e je vous propose des ateliers couture et broderie comme d&rsquo;habitude, et St\u00e9phanie \u00ab\u00a0Crazygoodfil\u00a0\u00bb viendra en plus vous proposer des ateliers autour de la laine (tricot, crochet, punch needle, etc.).<\/p>\n\n\n\n<p>Pour tous les ateliers les outils sont pr\u00eat\u00e9s, le reste du mat\u00e9riel (laine, tissu, etc.) est fourni et vous repartez avec vos r\u00e9alisations.<\/p>\n\n\n\n<p>Les pr\u00e9-inscriptions sont obligatoires \u00e0 la boutique ou sur internet. Un montant de 5\u20ac est demand\u00e9 pour la r\u00e9servation de la place, le compl\u00e9ment sera \u00e0 r\u00e9gler lors de l&rsquo;atelier en ch\u00e8ques ou esp\u00e8ces pour les ateliers anim\u00e9s par St\u00e9pahnie, en CB ou esp\u00e8ces pour les ateliers anim\u00e9s par Pascaline (pour un atelier de 30\u20ac, vous versez 5\u20ac lors de l&rsquo;inscription, et 25\u20ac lors de l&rsquo;atelier).<\/p>\n\n\n\n<h2 class=\"wp-block-heading\">Ateliers de septembre<\/h2>\n\n\n\n<ul class=\"wp-block-list\">\n<li>Jeudi 25 septembre de 14h30 \u00e0 16h30 : initiation \u00e0 la laine feutr\u00e9e \u00e0 l&rsquo;aiguille &#8211; 30\u20ac &#8211; anim\u00e9 par St\u00e9phanie<\/li>\n<\/ul>\n\n\n\n<figure class=\"wp-block-gallery has-nested-images columns-default is-cropped wp-block-gallery-1 is-layout-flex wp-block-gallery-is-layout-flex\">\n<figure class=\"wp-block-image size-large\"><img loading=\"lazy\" decoding=\"async\" width=\"1000\" height=\"1000\" data-id=\"1710\" src=\"https:\/\/www.couleursjapon.com\/blog\/wp-content\/uploads\/2025\/09\/laine-feutree-1-2-1000x1000.jpg\" alt=\"\" class=\"wp-image-1710\" srcset=\"https:\/\/www.couleursjapon.com\/blog\/wp-content\/uploads\/2025\/09\/laine-feutree-1-2-1000x1000.jpg 1000w, https:\/\/www.couleursjapon.com\/blog\/wp-content\/uploads\/2025\/09\/laine-feutree-1-2-300x300.jpg 300w, https:\/\/www.couleursjapon.com\/blog\/wp-content\/uploads\/2025\/09\/laine-feutree-1-2-250x250.jpg 250w, https:\/\/www.couleursjapon.com\/blog\/wp-content\/uploads\/2025\/09\/laine-feutree-1-2-768x768.jpg 768w, https:\/\/www.couleursjapon.com\/blog\/wp-content\/uploads\/2025\/09\/laine-feutree-1-2-1536x1536.jpg 1536w, https:\/\/www.couleursjapon.com\/blog\/wp-content\/uploads\/2025\/09\/laine-feutree-1-2-1200x1200.jpg 1200w, https:\/\/www.couleursjapon.com\/blog\/wp-content\/uploads\/2025\/09\/laine-feutree-1-2.jpg 1600w\" sizes=\"auto, (max-width: 709px) 85vw, (max-width: 909px) 67vw, (max-width: 1362px) 62vw, 840px\" \/><\/figure>\n\n\n\n<figure class=\"wp-block-image size-large\"><img loading=\"lazy\" decoding=\"async\" width=\"1000\" height=\"1000\" data-id=\"1711\" src=\"https:\/\/www.couleursjapon.com\/blog\/wp-content\/uploads\/2025\/09\/laine-feutree-2-2-1000x1000.jpg\" alt=\"\" class=\"wp-image-1711\" srcset=\"https:\/\/www.couleursjapon.com\/blog\/wp-content\/uploads\/2025\/09\/laine-feutree-2-2-1000x1000.jpg 1000w, https:\/\/www.couleursjapon.com\/blog\/wp-content\/uploads\/2025\/09\/laine-feutree-2-2-300x300.jpg 300w, https:\/\/www.couleursjapon.com\/blog\/wp-content\/uploads\/2025\/09\/laine-feutree-2-2-250x250.jpg 250w, https:\/\/www.couleursjapon.com\/blog\/wp-content\/uploads\/2025\/09\/laine-feutree-2-2-768x768.jpg 768w, https:\/\/www.couleursjapon.com\/blog\/wp-content\/uploads\/2025\/09\/laine-feutree-2-2-1536x1536.jpg 1536w, https:\/\/www.couleursjapon.com\/blog\/wp-content\/uploads\/2025\/09\/laine-feutree-2-2-1200x1200.jpg 1200w, https:\/\/www.couleursjapon.com\/blog\/wp-content\/uploads\/2025\/09\/laine-feutree-2-2.jpg 1600w\" sizes=\"auto, (max-width: 709px) 85vw, (max-width: 909px) 67vw, (max-width: 1362px) 62vw, 840px\" \/><\/figure>\n<\/figure>\n\n\n\n<p><\/p>\n\n\n\n<p>Samedi 27 septembre de 14h30 \u00e0 16h30 : initiation au crochet &#8211; 30\u20ac. Les enfants sont accept\u00e9s \u00e0 partir de 9 ans si accompagn\u00e9s. Anim\u00e9 par St\u00e9phanie.<\/p>\n\n\n<div class=\"wp-block-image\">\n<figure class=\"aligncenter size-full is-resized\"><img loading=\"lazy\" decoding=\"async\" width=\"576\" height=\"576\" src=\"https:\/\/www.couleursjapon.com\/blog\/wp-content\/uploads\/2025\/09\/decouverte-crochet.webp\" alt=\"\" class=\"wp-image-1709\" style=\"width:194px;height:auto\" srcset=\"https:\/\/www.couleursjapon.com\/blog\/wp-content\/uploads\/2025\/09\/decouverte-crochet.webp 576w, https:\/\/www.couleursjapon.com\/blog\/wp-content\/uploads\/2025\/09\/decouverte-crochet-300x300.webp 300w, https:\/\/www.couleursjapon.com\/blog\/wp-content\/uploads\/2025\/09\/decouverte-crochet-250x250.webp 250w\" sizes=\"auto, (max-width: 576px) 85vw, 576px\" \/><\/figure>\n<\/div>\n\n\n<ul class=\"wp-block-list\">\n<li>Lundi 29 septembre de 14h \u00e0 18h : ma premi\u00e8re veste kimono : atelier couture pour celles qui savent d\u00e9j\u00e0 se servir de leur machine \u00e0 coudre. Nous apprendrons \u00e0 coudre des manches en r\u00e9sorbant l&#8217;embu et \u00e0 poser un c\u00f4l ch\u00e2le &#8211; 65\u20ac incluant le tissu et le patron. Anim\u00e9 par Pascaline.<\/li>\n<\/ul>\n\n\n\n<figure class=\"wp-block-gallery has-nested-images columns-default is-cropped wp-block-gallery-2 is-layout-flex wp-block-gallery-is-layout-flex\">\n<figure class=\"wp-block-image size-large\"><img loading=\"lazy\" decoding=\"async\" width=\"800\" height=\"800\" data-id=\"1716\" src=\"https:\/\/www.couleursjapon.com\/blog\/wp-content\/uploads\/2025\/09\/veste-kimono-v1.webp\" alt=\"\" class=\"wp-image-1716\" srcset=\"https:\/\/www.couleursjapon.com\/blog\/wp-content\/uploads\/2025\/09\/veste-kimono-v1.webp 800w, https:\/\/www.couleursjapon.com\/blog\/wp-content\/uploads\/2025\/09\/veste-kimono-v1-300x300.webp 300w, https:\/\/www.couleursjapon.com\/blog\/wp-content\/uploads\/2025\/09\/veste-kimono-v1-250x250.webp 250w, https:\/\/www.couleursjapon.com\/blog\/wp-content\/uploads\/2025\/09\/veste-kimono-v1-768x768.webp 768w\" sizes=\"auto, (max-width: 709px) 85vw, (max-width: 909px) 67vw, (max-width: 984px) 61vw, (max-width: 1362px) 45vw, 600px\" \/><\/figure>\n\n\n\n<figure class=\"wp-block-image size-large\"><img loading=\"lazy\" decoding=\"async\" width=\"800\" height=\"800\" data-id=\"1717\" src=\"https:\/\/www.couleursjapon.com\/blog\/wp-content\/uploads\/2025\/09\/veste-kimono-v2.webp\" alt=\"\" class=\"wp-image-1717\" srcset=\"https:\/\/www.couleursjapon.com\/blog\/wp-content\/uploads\/2025\/09\/veste-kimono-v2.webp 800w, https:\/\/www.couleursjapon.com\/blog\/wp-content\/uploads\/2025\/09\/veste-kimono-v2-300x300.webp 300w, https:\/\/www.couleursjapon.com\/blog\/wp-content\/uploads\/2025\/09\/veste-kimono-v2-250x250.webp 250w, https:\/\/www.couleursjapon.com\/blog\/wp-content\/uploads\/2025\/09\/veste-kimono-v2-768x768.webp 768w\" sizes=\"auto, (max-width: 709px) 85vw, (max-width: 909px) 67vw, (max-width: 984px) 61vw, (max-width: 1362px) 45vw, 600px\" \/><\/figure>\n<\/figure>\n\n\n\n<h2 class=\"wp-block-heading\">Ateliers d&rsquo;octobre<\/h2>\n\n\n\n<ul class=\"wp-block-list\">\n<li>Jeudi 2 octobre de 9h45 \u00e0 11h15 : initiation au punch needle &#8211; 30\u20ac. Anim\u00e9 par St\u00e9phanie.<\/li>\n<\/ul>\n\n\n\n<figure class=\"wp-block-gallery has-nested-images columns-default is-cropped wp-block-gallery-3 is-layout-flex wp-block-gallery-is-layout-flex\">\n<figure class=\"wp-block-image size-large\"><img loading=\"lazy\" decoding=\"async\" width=\"568\" height=\"424\" data-id=\"1752\" src=\"https:\/\/www.couleursjapon.com\/blog\/wp-content\/uploads\/2025\/09\/Punchmouton.jpg\" alt=\"\" class=\"wp-image-1752\" srcset=\"https:\/\/www.couleursjapon.com\/blog\/wp-content\/uploads\/2025\/09\/Punchmouton.jpg 568w, https:\/\/www.couleursjapon.com\/blog\/wp-content\/uploads\/2025\/09\/Punchmouton-300x224.jpg 300w\" sizes=\"auto, (max-width: 568px) 85vw, 568px\" \/><\/figure>\n\n\n\n<figure class=\"wp-block-image size-large\"><img loading=\"lazy\" decoding=\"async\" width=\"900\" height=\"900\" data-id=\"1754\" src=\"https:\/\/www.couleursjapon.com\/blog\/wp-content\/uploads\/2025\/09\/Punch-debutant.webp\" alt=\"\" class=\"wp-image-1754\" srcset=\"https:\/\/www.couleursjapon.com\/blog\/wp-content\/uploads\/2025\/09\/Punch-debutant.webp 900w, https:\/\/www.couleursjapon.com\/blog\/wp-content\/uploads\/2025\/09\/Punch-debutant-300x300.webp 300w, https:\/\/www.couleursjapon.com\/blog\/wp-content\/uploads\/2025\/09\/Punch-debutant-250x250.webp 250w, https:\/\/www.couleursjapon.com\/blog\/wp-content\/uploads\/2025\/09\/Punch-debutant-768x768.webp 768w\" sizes=\"auto, (max-width: 709px) 85vw, (max-width: 909px) 67vw, (max-width: 1362px) 62vw, 840px\" \/><\/figure>\n<\/figure>\n\n\n\n<p><\/p>\n\n\n\n<ul class=\"wp-block-list\">\n<li>Vendredi 3 octobre de 10h \u00e0 11h :<a href=\"https:\/\/couleursjapon.com\/fr\/accueil\/4229-pre-inscription-initiation-au-sashiko-pre-trace-vendredi-3-octobre-10h00-11h00-sierentz.html\" target=\"_blank\" rel=\"noreferrer noopener\"> <\/a>initiation \u00e0 la broderie sashiko sur support pr\u00e9-trac\u00e9 &#8211; 15\u20ac . Anim\u00e9 par Pascaline.<\/li>\n<\/ul>\n\n\n\n<figure class=\"wp-block-image size-large\"><img loading=\"lazy\" decoding=\"async\" width=\"1000\" height=\"248\" src=\"https:\/\/www.couleursjapon.com\/blog\/wp-content\/uploads\/2025\/09\/atelier-sashiko-1000x248.webp\" alt=\"Sashiko style moy\u00f4zashi\" class=\"wp-image-1768\" srcset=\"https:\/\/www.couleursjapon.com\/blog\/wp-content\/uploads\/2025\/09\/atelier-sashiko-1000x248.webp 1000w, https:\/\/www.couleursjapon.com\/blog\/wp-content\/uploads\/2025\/09\/atelier-sashiko-300x74.webp 300w, https:\/\/www.couleursjapon.com\/blog\/wp-content\/uploads\/2025\/09\/atelier-sashiko-768x190.webp 768w, https:\/\/www.couleursjapon.com\/blog\/wp-content\/uploads\/2025\/09\/atelier-sashiko.webp 1200w\" sizes=\"auto, (max-width: 709px) 85vw, (max-width: 909px) 67vw, (max-width: 1362px) 62vw, 840px\" \/><\/figure>\n\n\n\n<ul class=\"wp-block-list\">\n<li>Mardi 7 octobre de 14h30 \u00e0 16h30 : initiation au crochet &#8211; 30\u20ac. Anim\u00e9 par St\u00e9phanie.<\/li>\n<\/ul>\n\n\n<div class=\"wp-block-image\">\n<figure class=\"aligncenter size-full is-resized\"><img loading=\"lazy\" decoding=\"async\" width=\"576\" height=\"576\" src=\"https:\/\/www.couleursjapon.com\/blog\/wp-content\/uploads\/2025\/09\/decouverte-crochet.webp\" alt=\"\" class=\"wp-image-1709\" style=\"width:161px;height:auto\" srcset=\"https:\/\/www.couleursjapon.com\/blog\/wp-content\/uploads\/2025\/09\/decouverte-crochet.webp 576w, https:\/\/www.couleursjapon.com\/blog\/wp-content\/uploads\/2025\/09\/decouverte-crochet-300x300.webp 300w, https:\/\/www.couleursjapon.com\/blog\/wp-content\/uploads\/2025\/09\/decouverte-crochet-250x250.webp 250w\" sizes=\"auto, (max-width: 576px) 85vw, 576px\" \/><\/figure>\n<\/div>\n\n\n<ul class=\"wp-block-list\">\n<li>Vendredi 10 octobre de 10h \u00e0 11h : <a href=\"https:\/\/couleursjapon.com\/fr\/accueil\/4234-pre-inscription-initiation-au-sashiko-style-hitomezashi-vendredi-10-octobre-10h00-11h00-sierentz.html\" target=\"_blank\" rel=\"noreferrer noopener\">initiation \u00e0 la broderie sashiko style hitomezashi<\/a> &#8211; 18\u20ac. Anim\u00e9 par Pascaline.<\/li>\n<\/ul>\n\n\n\n<figure class=\"wp-block-image size-large\"><img loading=\"lazy\" decoding=\"async\" width=\"1000\" height=\"200\" src=\"https:\/\/www.couleursjapon.com\/blog\/wp-content\/uploads\/2025\/09\/atelier-hitomezashi-1000x200.webp\" alt=\"Sashiko style hitomezashi\" class=\"wp-image-1765\" srcset=\"https:\/\/www.couleursjapon.com\/blog\/wp-content\/uploads\/2025\/09\/atelier-hitomezashi-1000x200.webp 1000w, https:\/\/www.couleursjapon.com\/blog\/wp-content\/uploads\/2025\/09\/atelier-hitomezashi-300x60.webp 300w, https:\/\/www.couleursjapon.com\/blog\/wp-content\/uploads\/2025\/09\/atelier-hitomezashi-768x154.webp 768w, https:\/\/www.couleursjapon.com\/blog\/wp-content\/uploads\/2025\/09\/atelier-hitomezashi.webp 1200w\" sizes=\"auto, (max-width: 709px) 85vw, (max-width: 909px) 67vw, (max-width: 1362px) 62vw, 840px\" \/><\/figure>\n\n\n\n<ul class=\"wp-block-list\">\n<li>Samedi 11 octobre de 14h30 \u00e0 16h30 : <a href=\"https:\/\/couleursjapon.com\/fr\/ateliers\/4237-pre-inscription-atelier-amigurumi-au-crochet-samedi-11-octobre-14h30-16h30-sierentz.html\" target=\"_blank\" rel=\"noreferrer noopener\">atelier amigurumi pour celles et ceux qui savent d\u00e9j\u00e0 un peu crocheter<\/a> &#8211; 30\u20ac. Anim\u00e9 par St\u00e9phanie<\/li>\n<\/ul>\n\n\n<div class=\"wp-block-image\">\n<figure class=\"aligncenter size-full is-resized\"><img loading=\"lazy\" decoding=\"async\" width=\"945\" height=\"944\" src=\"https:\/\/www.couleursjapon.com\/blog\/wp-content\/uploads\/2025\/09\/atelier-amigurumi.webp\" alt=\"\" class=\"wp-image-1776\" style=\"width:186px;height:auto\" srcset=\"https:\/\/www.couleursjapon.com\/blog\/wp-content\/uploads\/2025\/09\/atelier-amigurumi.webp 945w, https:\/\/www.couleursjapon.com\/blog\/wp-content\/uploads\/2025\/09\/atelier-amigurumi-300x300.webp 300w, https:\/\/www.couleursjapon.com\/blog\/wp-content\/uploads\/2025\/09\/atelier-amigurumi-250x250.webp 250w, https:\/\/www.couleursjapon.com\/blog\/wp-content\/uploads\/2025\/09\/atelier-amigurumi-768x767.webp 768w\" sizes=\"auto, (max-width: 709px) 85vw, (max-width: 909px) 67vw, (max-width: 1362px) 62vw, 840px\" \/><\/figure>\n<\/div>\n\n\n<ul class=\"wp-block-list\">\n<li>Lundi 13 octobre de 13h00 \u00e0 18h30 : <a href=\"https:\/\/couleursjapon.com\/fr\/accueil\/4247-pre-inscription-atelier-couture-veste-bomber-lundi-13-octobre-septembre-13h00-18h00-sierentz.html\">je couds mon blouson esprit bomber<\/a>, adapt\u00e9 aux personnes qui savent se servir de leur machine \u00e0 coudre m\u00eame si elles n&rsquo;ont jamais cousu de v\u00eatement &#8211; 70\u20ac (patron et tissus inclus). Anim\u00e9 par Pascaline.<\/li>\n<\/ul>\n\n\n\n<figure class=\"wp-block-gallery has-nested-images columns-default is-cropped wp-block-gallery-4 is-layout-flex wp-block-gallery-is-layout-flex\">\n<figure class=\"wp-block-image size-large\"><img loading=\"lazy\" decoding=\"async\" width=\"1000\" height=\"1000\" data-id=\"1808\" src=\"https:\/\/www.couleursjapon.com\/blog\/wp-content\/uploads\/2025\/09\/IMG_20211014_190232_884-1000x1000.webp\" alt=\"Bomber en tissu japonais\" class=\"wp-image-1808\" srcset=\"https:\/\/www.couleursjapon.com\/blog\/wp-content\/uploads\/2025\/09\/IMG_20211014_190232_884-1000x1000.webp 1000w, https:\/\/www.couleursjapon.com\/blog\/wp-content\/uploads\/2025\/09\/IMG_20211014_190232_884-300x300.webp 300w, https:\/\/www.couleursjapon.com\/blog\/wp-content\/uploads\/2025\/09\/IMG_20211014_190232_884-250x250.webp 250w, https:\/\/www.couleursjapon.com\/blog\/wp-content\/uploads\/2025\/09\/IMG_20211014_190232_884-768x768.webp 768w, https:\/\/www.couleursjapon.com\/blog\/wp-content\/uploads\/2025\/09\/IMG_20211014_190232_884.webp 1080w\" sizes=\"auto, (max-width: 709px) 85vw, (max-width: 909px) 67vw, (max-width: 1362px) 62vw, 840px\" \/><\/figure>\n\n\n\n<figure class=\"wp-block-image size-large\"><img loading=\"lazy\" decoding=\"async\" width=\"800\" height=\"800\" data-id=\"1806\" src=\"https:\/\/www.couleursjapon.com\/blog\/wp-content\/uploads\/2025\/09\/veste-bomber-marina.webp\" alt=\"Bomber en tissu japonais\" class=\"wp-image-1806\" srcset=\"https:\/\/www.couleursjapon.com\/blog\/wp-content\/uploads\/2025\/09\/veste-bomber-marina.webp 800w, https:\/\/www.couleursjapon.com\/blog\/wp-content\/uploads\/2025\/09\/veste-bomber-marina-300x300.webp 300w, https:\/\/www.couleursjapon.com\/blog\/wp-content\/uploads\/2025\/09\/veste-bomber-marina-250x250.webp 250w, https:\/\/www.couleursjapon.com\/blog\/wp-content\/uploads\/2025\/09\/veste-bomber-marina-768x768.webp 768w\" sizes=\"auto, (max-width: 709px) 85vw, (max-width: 909px) 67vw, (max-width: 984px) 61vw, (max-width: 1362px) 45vw, 600px\" \/><\/figure>\n<\/figure>\n\n\n\n<p><\/p>\n\n\n\n<ul class=\"wp-block-list\">\n<li>Jeudi 16 octobre de 9h15 \u00e0 11h15 : <a href=\"https:\/\/couleursjapon.com\/fr\/ateliers\/4238-pre-inscription-atelier-mitaines-au-crochet-tunisien-jeudi-16-octobre-9h15-11h15-sierentz.html\" target=\"_blank\" rel=\"noreferrer noopener\">Initiation au crochet tunisien, les mitaines<\/a> &#8211; 30\u20ac. Anim\u00e9 par St\u00e9phanie.<\/li>\n<\/ul>\n\n\n<div class=\"wp-block-image\">\n<figure class=\"aligncenter size-full is-resized\"><img loading=\"lazy\" decoding=\"async\" width=\"900\" height=\"900\" src=\"https:\/\/www.couleursjapon.com\/blog\/wp-content\/uploads\/2025\/09\/crochet-tunisien.webp\" alt=\"Initiation au crochet tunisien\" class=\"wp-image-1772\" style=\"width:212px;height:auto\" srcset=\"https:\/\/www.couleursjapon.com\/blog\/wp-content\/uploads\/2025\/09\/crochet-tunisien.webp 900w, https:\/\/www.couleursjapon.com\/blog\/wp-content\/uploads\/2025\/09\/crochet-tunisien-300x300.webp 300w, https:\/\/www.couleursjapon.com\/blog\/wp-content\/uploads\/2025\/09\/crochet-tunisien-250x250.webp 250w, https:\/\/www.couleursjapon.com\/blog\/wp-content\/uploads\/2025\/09\/crochet-tunisien-768x768.webp 768w\" sizes=\"auto, (max-width: 709px) 85vw, (max-width: 909px) 67vw, (max-width: 1362px) 62vw, 840px\" \/><\/figure>\n<\/div>\n\n\n<ul class=\"wp-block-list\">\n<li>Vendredi 17 octobre de 10h \u00e0 11h : <a href=\"https:\/\/couleursjapon.com\/fr\/accueil\/4248-pre-inscription-initiation-a-la-broderie-kogin-vendredi-17-octobre-10h00-11h00-sierentz.html\" target=\"_blank\" rel=\"noreferrer noopener\">Initiation \u00e0 la broderie kogin<\/a> &#8211; 15\u20ac. Anim\u00e9 par Pascaline.<\/li>\n<\/ul>\n\n\n<div class=\"wp-block-image\">\n<figure class=\"aligncenter size-full is-resized\"><img loading=\"lazy\" decoding=\"async\" width=\"260\" height=\"260\" src=\"https:\/\/www.couleursjapon.com\/blog\/wp-content\/uploads\/2025\/09\/atelier-kogin.webp\" alt=\"\" class=\"wp-image-1774\" style=\"width:158px;height:auto\" srcset=\"https:\/\/www.couleursjapon.com\/blog\/wp-content\/uploads\/2025\/09\/atelier-kogin.webp 260w, https:\/\/www.couleursjapon.com\/blog\/wp-content\/uploads\/2025\/09\/atelier-kogin-250x250.webp 250w\" sizes=\"auto, (max-width: 260px) 85vw, 260px\" \/><\/figure>\n<\/div>\n\n\n<ul class=\"wp-block-list\">\n<li>Samedi 18 octobre de 16h15 \u00e0 18h15 : Initiation couture machine : <a href=\"https:\/\/couleursjapon.com\/fr\/accueil\/4249-pre-inscription-atelier-couture-debutant-le-sac-tote-samedi-18-octobre-16h15-18h15-sierentz.html\" target=\"_blank\" rel=\"noreferrer noopener\">m<\/a><a href=\"https:\/\/couleursjapon.com\/fr\/accueil\/4249-pre-inscription-atelier-couture-debutant-le-sac-tote-samedi-18-octobre-16h15-18h15-sierentz.html\">on premier sac tote doubl\u00e9<\/a> &#8211; 25\u20ac anim\u00e9 par Pascaline<\/li>\n<\/ul>\n\n\n<div class=\"wp-block-image\">\n<figure class=\"aligncenter size-large is-resized\"><img loading=\"lazy\" decoding=\"async\" width=\"1000\" height=\"1000\" src=\"https:\/\/www.couleursjapon.com\/blog\/wp-content\/uploads\/2025\/09\/IMG_20190904_231337_611-1000x1000.jpg\" alt=\"\" class=\"wp-image-1809\" style=\"width:203px;height:auto\" srcset=\"https:\/\/www.couleursjapon.com\/blog\/wp-content\/uploads\/2025\/09\/IMG_20190904_231337_611-1000x1000.jpg 1000w, https:\/\/www.couleursjapon.com\/blog\/wp-content\/uploads\/2025\/09\/IMG_20190904_231337_611-300x300.jpg 300w, https:\/\/www.couleursjapon.com\/blog\/wp-content\/uploads\/2025\/09\/IMG_20190904_231337_611-250x250.jpg 250w, https:\/\/www.couleursjapon.com\/blog\/wp-content\/uploads\/2025\/09\/IMG_20190904_231337_611-768x768.jpg 768w, https:\/\/www.couleursjapon.com\/blog\/wp-content\/uploads\/2025\/09\/IMG_20190904_231337_611-1200x1200.jpg 1200w, https:\/\/www.couleursjapon.com\/blog\/wp-content\/uploads\/2025\/09\/IMG_20190904_231337_611.jpg 1500w\" sizes=\"auto, (max-width: 709px) 85vw, (max-width: 909px) 67vw, (max-width: 1362px) 62vw, 840px\" \/><\/figure>\n<\/div>\n\n\n<ul class=\"wp-block-list\">\n<li>Mercredi 22 octobre de 14h30 \u00e0 16h : <a href=\"https:\/\/couleursjapon.com\/fr\/accueil\/4250-pre-inscription-atelier-initiation-au-punch-needle-parents-enfants-mercredi-22-octobre-14h30-16h-sierentz.html\" target=\"_blank\" rel=\"noreferrer noopener\">Initiation au punch needle parents-enfants<\/a> &#8211; 30\u20ac. Anim\u00e9 par St\u00e9phanie.<\/li>\n<\/ul>\n\n\n\n<figure class=\"wp-block-gallery has-nested-images columns-default is-cropped wp-block-gallery-5 is-layout-flex wp-block-gallery-is-layout-flex\">\n<figure class=\"wp-block-image size-large\"><img loading=\"lazy\" decoding=\"async\" width=\"1000\" height=\"750\" data-id=\"1753\" src=\"https:\/\/www.couleursjapon.com\/blog\/wp-content\/uploads\/2025\/09\/Punch-debutant-1000x750.jpg\" alt=\"\" class=\"wp-image-1753\" srcset=\"https:\/\/www.couleursjapon.com\/blog\/wp-content\/uploads\/2025\/09\/Punch-debutant-1000x750.jpg 1000w, https:\/\/www.couleursjapon.com\/blog\/wp-content\/uploads\/2025\/09\/Punch-debutant-300x225.jpg 300w, https:\/\/www.couleursjapon.com\/blog\/wp-content\/uploads\/2025\/09\/Punch-debutant-768x576.jpg 768w, https:\/\/www.couleursjapon.com\/blog\/wp-content\/uploads\/2025\/09\/Punch-debutant-1536x1152.jpg 1536w, https:\/\/www.couleursjapon.com\/blog\/wp-content\/uploads\/2025\/09\/Punch-debutant-2048x1536.jpg 2048w, https:\/\/www.couleursjapon.com\/blog\/wp-content\/uploads\/2025\/09\/Punch-debutant-1200x900.jpg 1200w\" sizes=\"auto, (max-width: 709px) 85vw, (max-width: 909px) 67vw, (max-width: 1362px) 62vw, 840px\" \/><\/figure>\n\n\n\n<figure class=\"wp-block-image size-large\"><img loading=\"lazy\" decoding=\"async\" width=\"568\" height=\"424\" data-id=\"1752\" src=\"https:\/\/www.couleursjapon.com\/blog\/wp-content\/uploads\/2025\/09\/Punchmouton.jpg\" alt=\"\" class=\"wp-image-1752\" srcset=\"https:\/\/www.couleursjapon.com\/blog\/wp-content\/uploads\/2025\/09\/Punchmouton.jpg 568w, https:\/\/www.couleursjapon.com\/blog\/wp-content\/uploads\/2025\/09\/Punchmouton-300x224.jpg 300w\" sizes=\"auto, (max-width: 568px) 85vw, 568px\" \/><\/figure>\n<\/figure>\n\n\n\n<p><\/p>\n","protected":false},"excerpt":{"rendered":"<p>La rentr\u00e9e est pass\u00e9e et les ateliers vont reprendre \u00e0 la boutique de Sierentz (68). Cette ann\u00e9e je vous propose des ateliers couture et broderie comme d&rsquo;habitude, et St\u00e9phanie \u00ab\u00a0Crazygoodfil\u00a0\u00bb viendra en plus vous proposer des ateliers autour de la laine (tricot, crochet, punch needle, etc.). Pour tous les ateliers les outils sont pr\u00eat\u00e9s, le &hellip; <a href=\"https:\/\/www.couleursjapon.com\/blog\/ateliers-broderie-tricot-crochet-couture-et-autres-pour-septembre-et-octobre-2025\/\" class=\"more-link\">Continuer la lecture<span class=\"screen-reader-text\"> de &laquo;&nbsp;Ateliers broderie, tricot, crochet, couture et autres pour septembre et octobre 2025&nbsp;&raquo;<\/span><\/a><\/p>\n","protected":false},"author":1,"featured_media":0,"comment_status":"open","ping_status":"open","sticky":false,"template":"","format":"standard","meta":{"footnotes":""},"categories":[166,1],"tags":[],"class_list":["post-1696","post","type-post","status-publish","format-standard","hentry","category-agenda","category-non-classe"],"yoast_head":"<!-- This site is optimized with the Yoast SEO plugin v27.3 - https:\/\/yoast.com\/product\/yoast-seo-wordpress\/ -->\n<title>Ateliers broderie, tricot, crochet, couture et autres pour septembre et octobre 2025 - Couleurs Japon<\/title>\n<meta name=\"description\" content=\"Ateliers broderie, tricot, crochet et couture \u00e0 c\u00f4t\u00e9 de Mulhouse \u00e0 Sierentz dans la boutique Couleurs Japon\" \/>\n<meta name=\"robots\" content=\"index, follow, max-snippet:-1, max-image-preview:large, max-video-preview:-1\" \/>\n<link rel=\"canonical\" href=\"https:\/\/www.couleursjapon.com\/blog\/ateliers-broderie-tricot-crochet-couture-et-autres-pour-septembre-et-octobre-2025\/\" \/>\n<meta property=\"og:locale\" content=\"fr_FR\" \/>\n<meta property=\"og:type\" content=\"article\" \/>\n<meta property=\"og:title\" content=\"Ateliers broderie, tricot, crochet, couture et autres pour septembre et octobre 2025 - Couleurs Japon\" \/>\n<meta property=\"og:description\" content=\"Ateliers broderie, tricot, crochet et couture \u00e0 c\u00f4t\u00e9 de Mulhouse \u00e0 Sierentz dans la boutique Couleurs Japon\" \/>\n<meta property=\"og:url\" content=\"https:\/\/www.couleursjapon.com\/blog\/ateliers-broderie-tricot-crochet-couture-et-autres-pour-septembre-et-octobre-2025\/\" \/>\n<meta property=\"og:site_name\" content=\"Couleurs Japon\" \/>\n<meta property=\"article:publisher\" content=\"https:\/\/www.facebook.com\/CouleursJapon\/\" \/>\n<meta property=\"article:published_time\" content=\"2025-09-11T15:00:40+00:00\" \/>\n<meta property=\"article:modified_time\" content=\"2025-10-09T19:33:38+00:00\" \/>\n<meta property=\"og:image\" content=\"https:\/\/www.couleursjapon.com\/blog\/wp-content\/uploads\/2025\/09\/laine-feutree-1-2.jpg\" \/>\n\t<meta property=\"og:image:width\" content=\"1600\" \/>\n\t<meta property=\"og:image:height\" content=\"1600\" \/>\n\t<meta property=\"og:image:type\" content=\"image\/jpeg\" \/>\n<meta name=\"author\" content=\"Pascaline\" \/>\n<meta name=\"twitter:card\" content=\"summary_large_image\" \/>\n<meta name=\"twitter:label1\" content=\"\u00c9crit par\" \/>\n\t<meta name=\"twitter:data1\" content=\"Pascaline\" \/>\n\t<meta name=\"twitter:label2\" content=\"Dur\u00e9e de lecture estim\u00e9e\" \/>\n\t<meta name=\"twitter:data2\" content=\"6 minutes\" \/>\n<script type=\"application\/ld+json\" class=\"yoast-schema-graph\">{\"@context\":\"https:\\\/\\\/schema.org\",\"@graph\":[{\"@type\":\"Article\",\"@id\":\"https:\\\/\\\/www.couleursjapon.com\\\/blog\\\/ateliers-broderie-tricot-crochet-couture-et-autres-pour-septembre-et-octobre-2025\\\/#article\",\"isPartOf\":{\"@id\":\"https:\\\/\\\/www.couleursjapon.com\\\/blog\\\/ateliers-broderie-tricot-crochet-couture-et-autres-pour-septembre-et-octobre-2025\\\/\"},\"author\":{\"name\":\"Pascaline\",\"@id\":\"https:\\\/\\\/www.couleursjapon.com\\\/blog\\\/#\\\/schema\\\/person\\\/6cfac89a7be4e2bd871f9340169acd3b\"},\"headline\":\"Ateliers broderie, tricot, crochet, couture et autres pour septembre et octobre 2025\",\"datePublished\":\"2025-09-11T15:00:40+00:00\",\"dateModified\":\"2025-10-09T19:33:38+00:00\",\"mainEntityOfPage\":{\"@id\":\"https:\\\/\\\/www.couleursjapon.com\\\/blog\\\/ateliers-broderie-tricot-crochet-couture-et-autres-pour-septembre-et-octobre-2025\\\/\"},\"wordCount\":444,\"commentCount\":0,\"publisher\":{\"@id\":\"https:\\\/\\\/www.couleursjapon.com\\\/blog\\\/#organization\"},\"image\":{\"@id\":\"https:\\\/\\\/www.couleursjapon.com\\\/blog\\\/ateliers-broderie-tricot-crochet-couture-et-autres-pour-septembre-et-octobre-2025\\\/#primaryimage\"},\"thumbnailUrl\":\"https:\\\/\\\/www.couleursjapon.com\\\/blog\\\/wp-content\\\/uploads\\\/2025\\\/09\\\/laine-feutree-1-2-1000x1000.jpg\",\"articleSection\":[\"Agenda\"],\"inLanguage\":\"fr-FR\",\"potentialAction\":[{\"@type\":\"CommentAction\",\"name\":\"Comment\",\"target\":[\"https:\\\/\\\/www.couleursjapon.com\\\/blog\\\/ateliers-broderie-tricot-crochet-couture-et-autres-pour-septembre-et-octobre-2025\\\/#respond\"]}]},{\"@type\":\"WebPage\",\"@id\":\"https:\\\/\\\/www.couleursjapon.com\\\/blog\\\/ateliers-broderie-tricot-crochet-couture-et-autres-pour-septembre-et-octobre-2025\\\/\",\"url\":\"https:\\\/\\\/www.couleursjapon.com\\\/blog\\\/ateliers-broderie-tricot-crochet-couture-et-autres-pour-septembre-et-octobre-2025\\\/\",\"name\":\"Ateliers broderie, tricot, crochet, couture et autres pour septembre et octobre 2025 - Couleurs Japon\",\"isPartOf\":{\"@id\":\"https:\\\/\\\/www.couleursjapon.com\\\/blog\\\/#website\"},\"primaryImageOfPage\":{\"@id\":\"https:\\\/\\\/www.couleursjapon.com\\\/blog\\\/ateliers-broderie-tricot-crochet-couture-et-autres-pour-septembre-et-octobre-2025\\\/#primaryimage\"},\"image\":{\"@id\":\"https:\\\/\\\/www.couleursjapon.com\\\/blog\\\/ateliers-broderie-tricot-crochet-couture-et-autres-pour-septembre-et-octobre-2025\\\/#primaryimage\"},\"thumbnailUrl\":\"https:\\\/\\\/www.couleursjapon.com\\\/blog\\\/wp-content\\\/uploads\\\/2025\\\/09\\\/laine-feutree-1-2-1000x1000.jpg\",\"datePublished\":\"2025-09-11T15:00:40+00:00\",\"dateModified\":\"2025-10-09T19:33:38+00:00\",\"description\":\"Ateliers broderie, tricot, crochet et couture \u00e0 c\u00f4t\u00e9 de Mulhouse \u00e0 Sierentz dans la boutique Couleurs Japon\",\"breadcrumb\":{\"@id\":\"https:\\\/\\\/www.couleursjapon.com\\\/blog\\\/ateliers-broderie-tricot-crochet-couture-et-autres-pour-septembre-et-octobre-2025\\\/#breadcrumb\"},\"inLanguage\":\"fr-FR\",\"potentialAction\":[{\"@type\":\"ReadAction\",\"target\":[\"https:\\\/\\\/www.couleursjapon.com\\\/blog\\\/ateliers-broderie-tricot-crochet-couture-et-autres-pour-septembre-et-octobre-2025\\\/\"]}]},{\"@type\":\"ImageObject\",\"inLanguage\":\"fr-FR\",\"@id\":\"https:\\\/\\\/www.couleursjapon.com\\\/blog\\\/ateliers-broderie-tricot-crochet-couture-et-autres-pour-septembre-et-octobre-2025\\\/#primaryimage\",\"url\":\"https:\\\/\\\/www.couleursjapon.com\\\/blog\\\/wp-content\\\/uploads\\\/2025\\\/09\\\/laine-feutree-1-2.jpg\",\"contentUrl\":\"https:\\\/\\\/www.couleursjapon.com\\\/blog\\\/wp-content\\\/uploads\\\/2025\\\/09\\\/laine-feutree-1-2.jpg\",\"width\":1600,\"height\":1600},{\"@type\":\"BreadcrumbList\",\"@id\":\"https:\\\/\\\/www.couleursjapon.com\\\/blog\\\/ateliers-broderie-tricot-crochet-couture-et-autres-pour-septembre-et-octobre-2025\\\/#breadcrumb\",\"itemListElement\":[{\"@type\":\"ListItem\",\"position\":1,\"name\":\"Accueil\",\"item\":\"https:\\\/\\\/www.couleursjapon.com\\\/blog\\\/\"},{\"@type\":\"ListItem\",\"position\":2,\"name\":\"Ateliers broderie, tricot, crochet, couture et autres pour septembre et octobre 2025\"}]},{\"@type\":\"WebSite\",\"@id\":\"https:\\\/\\\/www.couleursjapon.com\\\/blog\\\/#website\",\"url\":\"https:\\\/\\\/www.couleursjapon.com\\\/blog\\\/\",\"name\":\"Couleurs Japon\",\"description\":\"Tissus japonais\",\"publisher\":{\"@id\":\"https:\\\/\\\/www.couleursjapon.com\\\/blog\\\/#organization\"},\"potentialAction\":[{\"@type\":\"SearchAction\",\"target\":{\"@type\":\"EntryPoint\",\"urlTemplate\":\"https:\\\/\\\/www.couleursjapon.com\\\/blog\\\/?s={search_term_string}\"},\"query-input\":{\"@type\":\"PropertyValueSpecification\",\"valueRequired\":true,\"valueName\":\"search_term_string\"}}],\"inLanguage\":\"fr-FR\"},{\"@type\":\"Organization\",\"@id\":\"https:\\\/\\\/www.couleursjapon.com\\\/blog\\\/#organization\",\"name\":\"Couleurs Japon\",\"url\":\"https:\\\/\\\/www.couleursjapon.com\\\/blog\\\/\",\"logo\":{\"@type\":\"ImageObject\",\"inLanguage\":\"fr-FR\",\"@id\":\"https:\\\/\\\/www.couleursjapon.com\\\/blog\\\/#\\\/schema\\\/logo\\\/image\\\/\",\"url\":\"https:\\\/\\\/www.couleursjapon.com\\\/blog\\\/wp-content\\\/uploads\\\/2020\\\/10\\\/couleurs-japon-logo-1.png\",\"contentUrl\":\"https:\\\/\\\/www.couleursjapon.com\\\/blog\\\/wp-content\\\/uploads\\\/2020\\\/10\\\/couleurs-japon-logo-1.png\",\"width\":400,\"height\":77,\"caption\":\"Couleurs Japon\"},\"image\":{\"@id\":\"https:\\\/\\\/www.couleursjapon.com\\\/blog\\\/#\\\/schema\\\/logo\\\/image\\\/\"},\"sameAs\":[\"https:\\\/\\\/www.facebook.com\\\/CouleursJapon\\\/\",\"https:\\\/\\\/www.instagram.com\\\/couleursjapon\",\"https:\\\/\\\/www.pinterest.fr\\\/couleursjapon\\\/\"]},{\"@type\":\"Person\",\"@id\":\"https:\\\/\\\/www.couleursjapon.com\\\/blog\\\/#\\\/schema\\\/person\\\/6cfac89a7be4e2bd871f9340169acd3b\",\"name\":\"Pascaline\",\"image\":{\"@type\":\"ImageObject\",\"inLanguage\":\"fr-FR\",\"@id\":\"https:\\\/\\\/secure.gravatar.com\\\/avatar\\\/b9c6a29f8912cdfda78bfc45075e0ff0865b74e5ddd9b600e5e618c78b531d8b?s=96&d=mm&r=g\",\"url\":\"https:\\\/\\\/secure.gravatar.com\\\/avatar\\\/b9c6a29f8912cdfda78bfc45075e0ff0865b74e5ddd9b600e5e618c78b531d8b?s=96&d=mm&r=g\",\"contentUrl\":\"https:\\\/\\\/secure.gravatar.com\\\/avatar\\\/b9c6a29f8912cdfda78bfc45075e0ff0865b74e5ddd9b600e5e618c78b531d8b?s=96&d=mm&r=g\",\"caption\":\"Pascaline\"},\"sameAs\":[\"http:\\\/\\\/www.couleursjapon.com\"]}]}<\/script>\n<!-- \/ Yoast SEO plugin. -->","yoast_head_json":{"title":"Ateliers broderie, tricot, crochet, couture et autres pour septembre et octobre 2025 - Couleurs Japon","description":"Ateliers broderie, tricot, crochet et couture \u00e0 c\u00f4t\u00e9 de Mulhouse \u00e0 Sierentz dans la boutique Couleurs Japon","robots":{"index":"index","follow":"follow","max-snippet":"max-snippet:-1","max-image-preview":"max-image-preview:large","max-video-preview":"max-video-preview:-1"},"canonical":"https:\/\/www.couleursjapon.com\/blog\/ateliers-broderie-tricot-crochet-couture-et-autres-pour-septembre-et-octobre-2025\/","og_locale":"fr_FR","og_type":"article","og_title":"Ateliers broderie, tricot, crochet, couture et autres pour septembre et octobre 2025 - Couleurs Japon","og_description":"Ateliers broderie, tricot, crochet et couture \u00e0 c\u00f4t\u00e9 de Mulhouse \u00e0 Sierentz dans la boutique Couleurs Japon","og_url":"https:\/\/www.couleursjapon.com\/blog\/ateliers-broderie-tricot-crochet-couture-et-autres-pour-septembre-et-octobre-2025\/","og_site_name":"Couleurs Japon","article_publisher":"https:\/\/www.facebook.com\/CouleursJapon\/","article_published_time":"2025-09-11T15:00:40+00:00","article_modified_time":"2025-10-09T19:33:38+00:00","og_image":[{"width":1600,"height":1600,"url":"https:\/\/www.couleursjapon.com\/blog\/wp-content\/uploads\/2025\/09\/laine-feutree-1-2.jpg","type":"image\/jpeg"}],"author":"Pascaline","twitter_card":"summary_large_image","twitter_misc":{"\u00c9crit par":"Pascaline","Dur\u00e9e de lecture estim\u00e9e":"6 minutes"},"schema":{"@context":"https:\/\/schema.org","@graph":[{"@type":"Article","@id":"https:\/\/www.couleursjapon.com\/blog\/ateliers-broderie-tricot-crochet-couture-et-autres-pour-septembre-et-octobre-2025\/#article","isPartOf":{"@id":"https:\/\/www.couleursjapon.com\/blog\/ateliers-broderie-tricot-crochet-couture-et-autres-pour-septembre-et-octobre-2025\/"},"author":{"name":"Pascaline","@id":"https:\/\/www.couleursjapon.com\/blog\/#\/schema\/person\/6cfac89a7be4e2bd871f9340169acd3b"},"headline":"Ateliers broderie, tricot, crochet, couture et autres pour septembre et octobre 2025","datePublished":"2025-09-11T15:00:40+00:00","dateModified":"2025-10-09T19:33:38+00:00","mainEntityOfPage":{"@id":"https:\/\/www.couleursjapon.com\/blog\/ateliers-broderie-tricot-crochet-couture-et-autres-pour-septembre-et-octobre-2025\/"},"wordCount":444,"commentCount":0,"publisher":{"@id":"https:\/\/www.couleursjapon.com\/blog\/#organization"},"image":{"@id":"https:\/\/www.couleursjapon.com\/blog\/ateliers-broderie-tricot-crochet-couture-et-autres-pour-septembre-et-octobre-2025\/#primaryimage"},"thumbnailUrl":"https:\/\/www.couleursjapon.com\/blog\/wp-content\/uploads\/2025\/09\/laine-feutree-1-2-1000x1000.jpg","articleSection":["Agenda"],"inLanguage":"fr-FR","potentialAction":[{"@type":"CommentAction","name":"Comment","target":["https:\/\/www.couleursjapon.com\/blog\/ateliers-broderie-tricot-crochet-couture-et-autres-pour-septembre-et-octobre-2025\/#respond"]}]},{"@type":"WebPage","@id":"https:\/\/www.couleursjapon.com\/blog\/ateliers-broderie-tricot-crochet-couture-et-autres-pour-septembre-et-octobre-2025\/","url":"https:\/\/www.couleursjapon.com\/blog\/ateliers-broderie-tricot-crochet-couture-et-autres-pour-septembre-et-octobre-2025\/","name":"Ateliers broderie, tricot, crochet, couture et autres pour septembre et octobre 2025 - Couleurs Japon","isPartOf":{"@id":"https:\/\/www.couleursjapon.com\/blog\/#website"},"primaryImageOfPage":{"@id":"https:\/\/www.couleursjapon.com\/blog\/ateliers-broderie-tricot-crochet-couture-et-autres-pour-septembre-et-octobre-2025\/#primaryimage"},"image":{"@id":"https:\/\/www.couleursjapon.com\/blog\/ateliers-broderie-tricot-crochet-couture-et-autres-pour-septembre-et-octobre-2025\/#primaryimage"},"thumbnailUrl":"https:\/\/www.couleursjapon.com\/blog\/wp-content\/uploads\/2025\/09\/laine-feutree-1-2-1000x1000.jpg","datePublished":"2025-09-11T15:00:40+00:00","dateModified":"2025-10-09T19:33:38+00:00","description":"Ateliers broderie, tricot, crochet et couture \u00e0 c\u00f4t\u00e9 de Mulhouse \u00e0 Sierentz dans la boutique Couleurs Japon","breadcrumb":{"@id":"https:\/\/www.couleursjapon.com\/blog\/ateliers-broderie-tricot-crochet-couture-et-autres-pour-septembre-et-octobre-2025\/#breadcrumb"},"inLanguage":"fr-FR","potentialAction":[{"@type":"ReadAction","target":["https:\/\/www.couleursjapon.com\/blog\/ateliers-broderie-tricot-crochet-couture-et-autres-pour-septembre-et-octobre-2025\/"]}]},{"@type":"ImageObject","inLanguage":"fr-FR","@id":"https:\/\/www.couleursjapon.com\/blog\/ateliers-broderie-tricot-crochet-couture-et-autres-pour-septembre-et-octobre-2025\/#primaryimage","url":"https:\/\/www.couleursjapon.com\/blog\/wp-content\/uploads\/2025\/09\/laine-feutree-1-2.jpg","contentUrl":"https:\/\/www.couleursjapon.com\/blog\/wp-content\/uploads\/2025\/09\/laine-feutree-1-2.jpg","width":1600,"height":1600},{"@type":"BreadcrumbList","@id":"https:\/\/www.couleursjapon.com\/blog\/ateliers-broderie-tricot-crochet-couture-et-autres-pour-septembre-et-octobre-2025\/#breadcrumb","itemListElement":[{"@type":"ListItem","position":1,"name":"Accueil","item":"https:\/\/www.couleursjapon.com\/blog\/"},{"@type":"ListItem","position":2,"name":"Ateliers broderie, tricot, crochet, couture et autres pour septembre et octobre 2025"}]},{"@type":"WebSite","@id":"https:\/\/www.couleursjapon.com\/blog\/#website","url":"https:\/\/www.couleursjapon.com\/blog\/","name":"Couleurs Japon","description":"Tissus japonais","publisher":{"@id":"https:\/\/www.couleursjapon.com\/blog\/#organization"},"potentialAction":[{"@type":"SearchAction","target":{"@type":"EntryPoint","urlTemplate":"https:\/\/www.couleursjapon.com\/blog\/?s={search_term_string}"},"query-input":{"@type":"PropertyValueSpecification","valueRequired":true,"valueName":"search_term_string"}}],"inLanguage":"fr-FR"},{"@type":"Organization","@id":"https:\/\/www.couleursjapon.com\/blog\/#organization","name":"Couleurs Japon","url":"https:\/\/www.couleursjapon.com\/blog\/","logo":{"@type":"ImageObject","inLanguage":"fr-FR","@id":"https:\/\/www.couleursjapon.com\/blog\/#\/schema\/logo\/image\/","url":"https:\/\/www.couleursjapon.com\/blog\/wp-content\/uploads\/2020\/10\/couleurs-japon-logo-1.png","contentUrl":"https:\/\/www.couleursjapon.com\/blog\/wp-content\/uploads\/2020\/10\/couleurs-japon-logo-1.png","width":400,"height":77,"caption":"Couleurs Japon"},"image":{"@id":"https:\/\/www.couleursjapon.com\/blog\/#\/schema\/logo\/image\/"},"sameAs":["https:\/\/www.facebook.com\/CouleursJapon\/","https:\/\/www.instagram.com\/couleursjapon","https:\/\/www.pinterest.fr\/couleursjapon\/"]},{"@type":"Person","@id":"https:\/\/www.couleursjapon.com\/blog\/#\/schema\/person\/6cfac89a7be4e2bd871f9340169acd3b","name":"Pascaline","image":{"@type":"ImageObject","inLanguage":"fr-FR","@id":"https:\/\/secure.gravatar.com\/avatar\/b9c6a29f8912cdfda78bfc45075e0ff0865b74e5ddd9b600e5e618c78b531d8b?s=96&d=mm&r=g","url":"https:\/\/secure.gravatar.com\/avatar\/b9c6a29f8912cdfda78bfc45075e0ff0865b74e5ddd9b600e5e618c78b531d8b?s=96&d=mm&r=g","contentUrl":"https:\/\/secure.gravatar.com\/avatar\/b9c6a29f8912cdfda78bfc45075e0ff0865b74e5ddd9b600e5e618c78b531d8b?s=96&d=mm&r=g","caption":"Pascaline"},"sameAs":["http:\/\/www.couleursjapon.com"]}]}},"_links":{"self":[{"href":"https:\/\/www.couleursjapon.com\/blog\/wp-json\/wp\/v2\/posts\/1696","targetHints":{"allow":["GET"]}}],"collection":[{"href":"https:\/\/www.couleursjapon.com\/blog\/wp-json\/wp\/v2\/posts"}],"about":[{"href":"https:\/\/www.couleursjapon.com\/blog\/wp-json\/wp\/v2\/types\/post"}],"author":[{"embeddable":true,"href":"https:\/\/www.couleursjapon.com\/blog\/wp-json\/wp\/v2\/users\/1"}],"replies":[{"embeddable":true,"href":"https:\/\/www.couleursjapon.com\/blog\/wp-json\/wp\/v2\/comments?post=1696"}],"version-history":[{"count":23,"href":"https:\/\/www.couleursjapon.com\/blog\/wp-json\/wp\/v2\/posts\/1696\/revisions"}],"predecessor-version":[{"id":1810,"href":"https:\/\/www.couleursjapon.com\/blog\/wp-json\/wp\/v2\/posts\/1696\/revisions\/1810"}],"wp:attachment":[{"href":"https:\/\/www.couleursjapon.com\/blog\/wp-json\/wp\/v2\/media?parent=1696"}],"wp:term":[{"taxonomy":"category","embeddable":true,"href":"https:\/\/www.couleursjapon.com\/blog\/wp-json\/wp\/v2\/categories?post=1696"},{"taxonomy":"post_tag","embeddable":true,"href":"https:\/\/www.couleursjapon.com\/blog\/wp-json\/wp\/v2\/tags?post=1696"}],"curies":[{"name":"wp","href":"https:\/\/api.w.org\/{rel}","templated":true}]}}