{"id":1652,"date":"2024-09-03T07:31:08","date_gmt":"2024-09-03T06:31:08","guid":{"rendered":"https:\/\/www.couleursjapon.com\/blog\/?p=1652"},"modified":"2024-09-03T07:32:22","modified_gmt":"2024-09-03T06:32:22","slug":"salons-2024-2025","status":"publish","type":"post","link":"https:\/\/www.couleursjapon.com\/blog\/salons-2024-2025\/","title":{"rendered":"Salons 2024-2025"},"content":{"rendered":"\n<p>L&rsquo;ann\u00e9e scolaire a d\u00e9marr\u00e9 hier, et pour Couleurs Japon c&rsquo;est une nouvelle saison de salons patchwork, tissus japonais, DIY et laines qui s&rsquo;annonce.<\/p>\n\n\n\n<p>Voici donc la liste des salons sur lesquels vous pourrez me retrouver avec les tissus japonais, la broderie, les laines et les papiers japonais. La page sera mise \u00e0 jour si d&rsquo;autres salons s&rsquo;ajoutent au cours de l&rsquo;ann\u00e9e.<\/p>\n\n\n\n<h2 class=\"wp-block-heading\">Carrefour Europ\u00e9en du Patchwork \u00e0 Sainte-Marie-aux-Mines (68) du 12 au 15 septembre 2024<\/h2>\n\n\n\n<p>C&rsquo;est <strong>LE<\/strong> salon de patchwork fran\u00e7ais \u00e0 ne pas rater avec ses extraordinaires expositions r\u00e9parties dans tous les villages alentour (navettes bus disponibles pour faire le tour). Vous me trouverez dans l&rsquo;espace commercial sur le stand VE1-28 (m\u00eame emplacement que l&rsquo;an pass\u00e9) avec les tissus coton japonais (graphiques, fleuris et tiss\u00e9s), la broderie sashiko et la broderie kogin.<\/p>\n\n\n<div class=\"wp-block-image\">\n<figure class=\"aligncenter size-large is-resized\"><img loading=\"lazy\" decoding=\"async\" width=\"707\" height=\"1000\" src=\"https:\/\/www.couleursjapon.com\/blog\/wp-content\/uploads\/2024\/09\/Carrefour-Europeen-du-Patchwork-2024-707x1000.jpg\" alt=\"\" class=\"wp-image-1654\" style=\"width:203px;height:auto\" srcset=\"https:\/\/www.couleursjapon.com\/blog\/wp-content\/uploads\/2024\/09\/Carrefour-Europeen-du-Patchwork-2024-707x1000.jpg 707w, https:\/\/www.couleursjapon.com\/blog\/wp-content\/uploads\/2024\/09\/Carrefour-Europeen-du-Patchwork-2024-212x300.jpg 212w, https:\/\/www.couleursjapon.com\/blog\/wp-content\/uploads\/2024\/09\/Carrefour-Europeen-du-Patchwork-2024-768x1086.jpg 768w, https:\/\/www.couleursjapon.com\/blog\/wp-content\/uploads\/2024\/09\/Carrefour-Europeen-du-Patchwork-2024-1086x1536.jpg 1086w, https:\/\/www.couleursjapon.com\/blog\/wp-content\/uploads\/2024\/09\/Carrefour-Europeen-du-Patchwork-2024-1448x2048.jpg 1448w, https:\/\/www.couleursjapon.com\/blog\/wp-content\/uploads\/2024\/09\/Carrefour-Europeen-du-Patchwork-2024-1200x1697.jpg 1200w, https:\/\/www.couleursjapon.com\/blog\/wp-content\/uploads\/2024\/09\/Carrefour-Europeen-du-Patchwork-2024.jpg 1754w\" sizes=\"auto, (max-width: 709px) 85vw, (max-width: 909px) 67vw, (max-width: 984px) 61vw, (max-width: 1362px) 45vw, 600px\" \/><\/figure>\n<\/div>\n\n\n<p>Plus d&rsquo;informations sur <a href=\"https:\/\/www.patchwork-europe.eu\/\">https:\/\/www.patchwork-europe.eu\/<\/a><\/p>\n\n\n\n<h2 class=\"wp-block-heading\">Mille et une id\u00e9es Besan\u00e7on (25) du 25 au 27 octobre 2024<\/h2>\n\n\n\n<p>Un salon qui existe depuis plusieurs ann\u00e9es mais qui est une nouveaut\u00e9 pour moi (certaines m&rsquo;ont d\u00e9j\u00e0 rencontr\u00e9e sur celui de Dijon qui malheureusement n&rsquo;existe plus). Je viendrai avec les tissus japonais coton, le sashiko et les papiers japonais.<\/p>\n\n\n<div class=\"wp-block-image\">\n<figure class=\"aligncenter size-large is-resized\"><img loading=\"lazy\" decoding=\"async\" width=\"1000\" height=\"1000\" src=\"https:\/\/www.couleursjapon.com\/blog\/wp-content\/uploads\/2024\/09\/Visuel_Insta-Besancon_2024-1000x1000.png\" alt=\"\" class=\"wp-image-1656\" style=\"width:235px;height:auto\" srcset=\"https:\/\/www.couleursjapon.com\/blog\/wp-content\/uploads\/2024\/09\/Visuel_Insta-Besancon_2024-1000x1000.png 1000w, https:\/\/www.couleursjapon.com\/blog\/wp-content\/uploads\/2024\/09\/Visuel_Insta-Besancon_2024-300x300.png 300w, https:\/\/www.couleursjapon.com\/blog\/wp-content\/uploads\/2024\/09\/Visuel_Insta-Besancon_2024-250x250.png 250w, https:\/\/www.couleursjapon.com\/blog\/wp-content\/uploads\/2024\/09\/Visuel_Insta-Besancon_2024-768x768.png 768w, https:\/\/www.couleursjapon.com\/blog\/wp-content\/uploads\/2024\/09\/Visuel_Insta-Besancon_2024.png 1080w\" sizes=\"auto, (max-width: 709px) 85vw, (max-width: 909px) 67vw, (max-width: 1362px) 62vw, 840px\" \/><\/figure>\n<\/div>\n\n\n<p>Plus d&rsquo;informations sur <a href=\"https:\/\/www.mille-et-une-idees.fr\/besan%C3%A7on\">https:\/\/www.mille-et-une-idees.fr\/besan%C3%A7on<\/a><\/p>\n\n\n\n<h2 class=\"wp-block-heading\">Salon des Loisirs cr\u00e9atifs de Saint-Di\u00e9 (88) du 15 au 17 novembre 2024<\/h2>\n\n\n\n<p>Je serai de retour sur ce joli petit salon \u00e0 l&rsquo;entr\u00e9e gratuite et aux jolies expositions avec les tissus et le sashiko.<\/p>\n\n\n<div class=\"wp-block-image\">\n<figure class=\"aligncenter size-full\"><img loading=\"lazy\" decoding=\"async\" width=\"201\" height=\"110\" src=\"https:\/\/www.couleursjapon.com\/blog\/wp-content\/uploads\/2024\/09\/salon-loisirs-creatifs-saint-die.png\" alt=\"\" class=\"wp-image-1655\"\/><\/figure>\n<\/div>\n\n\n<p>Plus d&rsquo;informations sur : <a href=\"https:\/\/salonloisirscreatifs.fr\/\">https:\/\/salonloisirscreatifs.fr\/<\/a><\/p>\n\n\n\n<h2 class=\"wp-block-heading\">Cr\u00e9ativa Metz (57) du 6 au 9 f\u00e9vrier 2025<\/h2>\n\n\n\n<p>Le rendez-vous des loisirs cr\u00e9atifs de Metz. Comme les ann\u00e9es pass\u00e9es je viendrai avec les tissus japonais (traditionnels, graphiques, faux unis), le sashiko et les papiers japonais.<\/p>\n\n\n\n<h2 class=\"wp-block-heading\">Mille et une id\u00e9es Mulhouse (68) du 21 au 23 f\u00e9vrier 2025<\/h2>\n\n\n\n<p>Un tout nouveau salon de loisirs cr\u00e9atifs au Parc des Expositions de Mulhouse. Je viendrai avec les tissus, la broderie sashiko et les papiers japonais, mais sur le salon vous pourrez trouver de tout en loisirs cr\u00e9atifs sur les autres stands : laines, scrapbooking, machines, perles, etc.<\/p>\n\n\n<div class=\"wp-block-image\">\n<figure class=\"aligncenter size-large is-resized\"><img loading=\"lazy\" decoding=\"async\" width=\"1000\" height=\"1000\" src=\"https:\/\/www.couleursjapon.com\/blog\/wp-content\/uploads\/2024\/09\/Visuel_Insta_Mulhouse_2025_bandeau_rose-1000x1000.png\" alt=\"\" class=\"wp-image-1657\" style=\"width:265px;height:auto\" srcset=\"https:\/\/www.couleursjapon.com\/blog\/wp-content\/uploads\/2024\/09\/Visuel_Insta_Mulhouse_2025_bandeau_rose-1000x1000.png 1000w, https:\/\/www.couleursjapon.com\/blog\/wp-content\/uploads\/2024\/09\/Visuel_Insta_Mulhouse_2025_bandeau_rose-300x300.png 300w, https:\/\/www.couleursjapon.com\/blog\/wp-content\/uploads\/2024\/09\/Visuel_Insta_Mulhouse_2025_bandeau_rose-250x250.png 250w, https:\/\/www.couleursjapon.com\/blog\/wp-content\/uploads\/2024\/09\/Visuel_Insta_Mulhouse_2025_bandeau_rose-768x768.png 768w, https:\/\/www.couleursjapon.com\/blog\/wp-content\/uploads\/2024\/09\/Visuel_Insta_Mulhouse_2025_bandeau_rose.png 1080w\" sizes=\"auto, (max-width: 709px) 85vw, (max-width: 909px) 67vw, (max-width: 1362px) 62vw, 840px\" \/><\/figure>\n<\/div>\n\n\n<h2 class=\"wp-block-heading\">Rock and Wool \u00e0 Wittelsheim (68) les 15 et 16 mars 2025<\/h2>\n\n\n\n<p>Salon tricot avec les laines japonaises Daruma et Ito. Cette ann\u00e9e nouveaut\u00e9 : une nuit du tricot aura lieu le samedi soir pour tricoter jusqu&rsquo;au bout de la nuit !<\/p>\n\n\n\n<h2 class=\"wp-block-heading\">Mode et Tissus \u00e0 Sainte-Marie-aux-Mines (68) du 20 au 23 mars 2025<\/h2>\n\n\n\n<p>Salon tissus plut\u00f4t orient\u00e9 couture contrairement \u00e0 celui de septembre qui est d\u00e9di\u00e9 au patchwork. J&rsquo;y viendrai en collaboration avec <a href=\"https:\/\/tissus-pop.com\">Tissus Pop<\/a> et sur le stand vous pourrez retrouver les tissus japonais coton classiques, la double gaze, les cotons fins, et plein de jerseys.<\/p>\n","protected":false},"excerpt":{"rendered":"<p>L&rsquo;ann\u00e9e scolaire a d\u00e9marr\u00e9 hier, et pour Couleurs Japon c&rsquo;est une nouvelle saison de salons patchwork, tissus japonais, DIY et laines qui s&rsquo;annonce. Voici donc la liste des salons sur lesquels vous pourrez me retrouver avec les tissus japonais, la broderie, les laines et les papiers japonais. La page sera mise \u00e0 jour si d&rsquo;autres &hellip; <a href=\"https:\/\/www.couleursjapon.com\/blog\/salons-2024-2025\/\" class=\"more-link\">Continuer la lecture<span class=\"screen-reader-text\"> de &laquo;&nbsp;Salons 2024-2025&nbsp;&raquo;<\/span><\/a><\/p>\n","protected":false},"author":1,"featured_media":0,"comment_status":"open","ping_status":"open","sticky":false,"template":"","format":"standard","meta":{"footnotes":""},"categories":[7,166],"tags":[],"class_list":["post-1652","post","type-post","status-publish","format-standard","hentry","category-actualites","category-agenda"],"yoast_head":"<!-- This site is optimized with the Yoast SEO plugin v27.3 - https:\/\/yoast.com\/product\/yoast-seo-wordpress\/ -->\n<title>Salons 2024-2025 - Couleurs Japon<\/title>\n<meta name=\"description\" content=\"Retrouvez Couleurs Japon avec ses tissus japonais, le sashiko, le kogin et les papiers japonais sur salons patchwork, couture, DIY et laines\" \/>\n<meta name=\"robots\" content=\"index, follow, max-snippet:-1, max-image-preview:large, max-video-preview:-1\" \/>\n<link rel=\"canonical\" href=\"https:\/\/www.couleursjapon.com\/blog\/salons-2024-2025\/\" \/>\n<meta property=\"og:locale\" content=\"fr_FR\" \/>\n<meta property=\"og:type\" content=\"article\" \/>\n<meta property=\"og:title\" content=\"Salons 2024-2025 - Couleurs Japon\" \/>\n<meta property=\"og:description\" content=\"Retrouvez Couleurs Japon avec ses tissus japonais, le sashiko, le kogin et les papiers japonais sur salons patchwork, couture, DIY et laines\" \/>\n<meta property=\"og:url\" content=\"https:\/\/www.couleursjapon.com\/blog\/salons-2024-2025\/\" \/>\n<meta property=\"og:site_name\" content=\"Couleurs Japon\" \/>\n<meta property=\"article:publisher\" content=\"https:\/\/www.facebook.com\/CouleursJapon\/\" \/>\n<meta property=\"article:published_time\" content=\"2024-09-03T06:31:08+00:00\" \/>\n<meta property=\"article:modified_time\" content=\"2024-09-03T06:32:22+00:00\" \/>\n<meta property=\"og:image\" content=\"https:\/\/www.couleursjapon.com\/blog\/wp-content\/uploads\/2024\/09\/Carrefour-Europeen-du-Patchwork-2024-707x1000.jpg\" \/>\n<meta name=\"author\" content=\"Pascaline\" \/>\n<meta name=\"twitter:card\" content=\"summary_large_image\" \/>\n<meta name=\"twitter:label1\" content=\"\u00c9crit par\" \/>\n\t<meta name=\"twitter:data1\" content=\"Pascaline\" \/>\n\t<meta name=\"twitter:label2\" content=\"Dur\u00e9e de lecture estim\u00e9e\" \/>\n\t<meta name=\"twitter:data2\" content=\"3 minutes\" \/>\n<script type=\"application\/ld+json\" class=\"yoast-schema-graph\">{\"@context\":\"https:\\\/\\\/schema.org\",\"@graph\":[{\"@type\":\"Article\",\"@id\":\"https:\\\/\\\/www.couleursjapon.com\\\/blog\\\/salons-2024-2025\\\/#article\",\"isPartOf\":{\"@id\":\"https:\\\/\\\/www.couleursjapon.com\\\/blog\\\/salons-2024-2025\\\/\"},\"author\":{\"name\":\"Pascaline\",\"@id\":\"https:\\\/\\\/www.couleursjapon.com\\\/blog\\\/#\\\/schema\\\/person\\\/6cfac89a7be4e2bd871f9340169acd3b\"},\"headline\":\"Salons 2024-2025\",\"datePublished\":\"2024-09-03T06:31:08+00:00\",\"dateModified\":\"2024-09-03T06:32:22+00:00\",\"mainEntityOfPage\":{\"@id\":\"https:\\\/\\\/www.couleursjapon.com\\\/blog\\\/salons-2024-2025\\\/\"},\"wordCount\":444,\"commentCount\":0,\"publisher\":{\"@id\":\"https:\\\/\\\/www.couleursjapon.com\\\/blog\\\/#organization\"},\"image\":{\"@id\":\"https:\\\/\\\/www.couleursjapon.com\\\/blog\\\/salons-2024-2025\\\/#primaryimage\"},\"thumbnailUrl\":\"https:\\\/\\\/www.couleursjapon.com\\\/blog\\\/wp-content\\\/uploads\\\/2024\\\/09\\\/Carrefour-Europeen-du-Patchwork-2024-707x1000.jpg\",\"articleSection\":[\"Actualit\u00e9s\\\/News\",\"Agenda\"],\"inLanguage\":\"fr-FR\",\"potentialAction\":[{\"@type\":\"CommentAction\",\"name\":\"Comment\",\"target\":[\"https:\\\/\\\/www.couleursjapon.com\\\/blog\\\/salons-2024-2025\\\/#respond\"]}]},{\"@type\":\"WebPage\",\"@id\":\"https:\\\/\\\/www.couleursjapon.com\\\/blog\\\/salons-2024-2025\\\/\",\"url\":\"https:\\\/\\\/www.couleursjapon.com\\\/blog\\\/salons-2024-2025\\\/\",\"name\":\"Salons 2024-2025 - Couleurs Japon\",\"isPartOf\":{\"@id\":\"https:\\\/\\\/www.couleursjapon.com\\\/blog\\\/#website\"},\"primaryImageOfPage\":{\"@id\":\"https:\\\/\\\/www.couleursjapon.com\\\/blog\\\/salons-2024-2025\\\/#primaryimage\"},\"image\":{\"@id\":\"https:\\\/\\\/www.couleursjapon.com\\\/blog\\\/salons-2024-2025\\\/#primaryimage\"},\"thumbnailUrl\":\"https:\\\/\\\/www.couleursjapon.com\\\/blog\\\/wp-content\\\/uploads\\\/2024\\\/09\\\/Carrefour-Europeen-du-Patchwork-2024-707x1000.jpg\",\"datePublished\":\"2024-09-03T06:31:08+00:00\",\"dateModified\":\"2024-09-03T06:32:22+00:00\",\"description\":\"Retrouvez Couleurs Japon avec ses tissus japonais, le sashiko, le kogin et les papiers japonais sur salons patchwork, couture, DIY et laines\",\"breadcrumb\":{\"@id\":\"https:\\\/\\\/www.couleursjapon.com\\\/blog\\\/salons-2024-2025\\\/#breadcrumb\"},\"inLanguage\":\"fr-FR\",\"potentialAction\":[{\"@type\":\"ReadAction\",\"target\":[\"https:\\\/\\\/www.couleursjapon.com\\\/blog\\\/salons-2024-2025\\\/\"]}]},{\"@type\":\"ImageObject\",\"inLanguage\":\"fr-FR\",\"@id\":\"https:\\\/\\\/www.couleursjapon.com\\\/blog\\\/salons-2024-2025\\\/#primaryimage\",\"url\":\"https:\\\/\\\/www.couleursjapon.com\\\/blog\\\/wp-content\\\/uploads\\\/2024\\\/09\\\/Carrefour-Europeen-du-Patchwork-2024.jpg\",\"contentUrl\":\"https:\\\/\\\/www.couleursjapon.com\\\/blog\\\/wp-content\\\/uploads\\\/2024\\\/09\\\/Carrefour-Europeen-du-Patchwork-2024.jpg\",\"width\":1754,\"height\":2480},{\"@type\":\"BreadcrumbList\",\"@id\":\"https:\\\/\\\/www.couleursjapon.com\\\/blog\\\/salons-2024-2025\\\/#breadcrumb\",\"itemListElement\":[{\"@type\":\"ListItem\",\"position\":1,\"name\":\"Accueil\",\"item\":\"https:\\\/\\\/www.couleursjapon.com\\\/blog\\\/\"},{\"@type\":\"ListItem\",\"position\":2,\"name\":\"Salons 2024-2025\"}]},{\"@type\":\"WebSite\",\"@id\":\"https:\\\/\\\/www.couleursjapon.com\\\/blog\\\/#website\",\"url\":\"https:\\\/\\\/www.couleursjapon.com\\\/blog\\\/\",\"name\":\"Couleurs Japon\",\"description\":\"Tissus japonais\",\"publisher\":{\"@id\":\"https:\\\/\\\/www.couleursjapon.com\\\/blog\\\/#organization\"},\"potentialAction\":[{\"@type\":\"SearchAction\",\"target\":{\"@type\":\"EntryPoint\",\"urlTemplate\":\"https:\\\/\\\/www.couleursjapon.com\\\/blog\\\/?s={search_term_string}\"},\"query-input\":{\"@type\":\"PropertyValueSpecification\",\"valueRequired\":true,\"valueName\":\"search_term_string\"}}],\"inLanguage\":\"fr-FR\"},{\"@type\":\"Organization\",\"@id\":\"https:\\\/\\\/www.couleursjapon.com\\\/blog\\\/#organization\",\"name\":\"Couleurs Japon\",\"url\":\"https:\\\/\\\/www.couleursjapon.com\\\/blog\\\/\",\"logo\":{\"@type\":\"ImageObject\",\"inLanguage\":\"fr-FR\",\"@id\":\"https:\\\/\\\/www.couleursjapon.com\\\/blog\\\/#\\\/schema\\\/logo\\\/image\\\/\",\"url\":\"https:\\\/\\\/www.couleursjapon.com\\\/blog\\\/wp-content\\\/uploads\\\/2020\\\/10\\\/couleurs-japon-logo-1.png\",\"contentUrl\":\"https:\\\/\\\/www.couleursjapon.com\\\/blog\\\/wp-content\\\/uploads\\\/2020\\\/10\\\/couleurs-japon-logo-1.png\",\"width\":400,\"height\":77,\"caption\":\"Couleurs Japon\"},\"image\":{\"@id\":\"https:\\\/\\\/www.couleursjapon.com\\\/blog\\\/#\\\/schema\\\/logo\\\/image\\\/\"},\"sameAs\":[\"https:\\\/\\\/www.facebook.com\\\/CouleursJapon\\\/\",\"https:\\\/\\\/www.instagram.com\\\/couleursjapon\",\"https:\\\/\\\/www.pinterest.fr\\\/couleursjapon\\\/\"]},{\"@type\":\"Person\",\"@id\":\"https:\\\/\\\/www.couleursjapon.com\\\/blog\\\/#\\\/schema\\\/person\\\/6cfac89a7be4e2bd871f9340169acd3b\",\"name\":\"Pascaline\",\"image\":{\"@type\":\"ImageObject\",\"inLanguage\":\"fr-FR\",\"@id\":\"https:\\\/\\\/secure.gravatar.com\\\/avatar\\\/b9c6a29f8912cdfda78bfc45075e0ff0865b74e5ddd9b600e5e618c78b531d8b?s=96&d=mm&r=g\",\"url\":\"https:\\\/\\\/secure.gravatar.com\\\/avatar\\\/b9c6a29f8912cdfda78bfc45075e0ff0865b74e5ddd9b600e5e618c78b531d8b?s=96&d=mm&r=g\",\"contentUrl\":\"https:\\\/\\\/secure.gravatar.com\\\/avatar\\\/b9c6a29f8912cdfda78bfc45075e0ff0865b74e5ddd9b600e5e618c78b531d8b?s=96&d=mm&r=g\",\"caption\":\"Pascaline\"},\"sameAs\":[\"http:\\\/\\\/www.couleursjapon.com\"]}]}<\/script>\n<!-- \/ Yoast SEO plugin. -->","yoast_head_json":{"title":"Salons 2024-2025 - Couleurs Japon","description":"Retrouvez Couleurs Japon avec ses tissus japonais, le sashiko, le kogin et les papiers japonais sur salons patchwork, couture, DIY et laines","robots":{"index":"index","follow":"follow","max-snippet":"max-snippet:-1","max-image-preview":"max-image-preview:large","max-video-preview":"max-video-preview:-1"},"canonical":"https:\/\/www.couleursjapon.com\/blog\/salons-2024-2025\/","og_locale":"fr_FR","og_type":"article","og_title":"Salons 2024-2025 - Couleurs Japon","og_description":"Retrouvez Couleurs Japon avec ses tissus japonais, le sashiko, le kogin et les papiers japonais sur salons patchwork, couture, DIY et laines","og_url":"https:\/\/www.couleursjapon.com\/blog\/salons-2024-2025\/","og_site_name":"Couleurs Japon","article_publisher":"https:\/\/www.facebook.com\/CouleursJapon\/","article_published_time":"2024-09-03T06:31:08+00:00","article_modified_time":"2024-09-03T06:32:22+00:00","og_image":[{"url":"https:\/\/www.couleursjapon.com\/blog\/wp-content\/uploads\/2024\/09\/Carrefour-Europeen-du-Patchwork-2024-707x1000.jpg","type":"","width":"","height":""}],"author":"Pascaline","twitter_card":"summary_large_image","twitter_misc":{"\u00c9crit par":"Pascaline","Dur\u00e9e de lecture estim\u00e9e":"3 minutes"},"schema":{"@context":"https:\/\/schema.org","@graph":[{"@type":"Article","@id":"https:\/\/www.couleursjapon.com\/blog\/salons-2024-2025\/#article","isPartOf":{"@id":"https:\/\/www.couleursjapon.com\/blog\/salons-2024-2025\/"},"author":{"name":"Pascaline","@id":"https:\/\/www.couleursjapon.com\/blog\/#\/schema\/person\/6cfac89a7be4e2bd871f9340169acd3b"},"headline":"Salons 2024-2025","datePublished":"2024-09-03T06:31:08+00:00","dateModified":"2024-09-03T06:32:22+00:00","mainEntityOfPage":{"@id":"https:\/\/www.couleursjapon.com\/blog\/salons-2024-2025\/"},"wordCount":444,"commentCount":0,"publisher":{"@id":"https:\/\/www.couleursjapon.com\/blog\/#organization"},"image":{"@id":"https:\/\/www.couleursjapon.com\/blog\/salons-2024-2025\/#primaryimage"},"thumbnailUrl":"https:\/\/www.couleursjapon.com\/blog\/wp-content\/uploads\/2024\/09\/Carrefour-Europeen-du-Patchwork-2024-707x1000.jpg","articleSection":["Actualit\u00e9s\/News","Agenda"],"inLanguage":"fr-FR","potentialAction":[{"@type":"CommentAction","name":"Comment","target":["https:\/\/www.couleursjapon.com\/blog\/salons-2024-2025\/#respond"]}]},{"@type":"WebPage","@id":"https:\/\/www.couleursjapon.com\/blog\/salons-2024-2025\/","url":"https:\/\/www.couleursjapon.com\/blog\/salons-2024-2025\/","name":"Salons 2024-2025 - Couleurs Japon","isPartOf":{"@id":"https:\/\/www.couleursjapon.com\/blog\/#website"},"primaryImageOfPage":{"@id":"https:\/\/www.couleursjapon.com\/blog\/salons-2024-2025\/#primaryimage"},"image":{"@id":"https:\/\/www.couleursjapon.com\/blog\/salons-2024-2025\/#primaryimage"},"thumbnailUrl":"https:\/\/www.couleursjapon.com\/blog\/wp-content\/uploads\/2024\/09\/Carrefour-Europeen-du-Patchwork-2024-707x1000.jpg","datePublished":"2024-09-03T06:31:08+00:00","dateModified":"2024-09-03T06:32:22+00:00","description":"Retrouvez Couleurs Japon avec ses tissus japonais, le sashiko, le kogin et les papiers japonais sur salons patchwork, couture, DIY et laines","breadcrumb":{"@id":"https:\/\/www.couleursjapon.com\/blog\/salons-2024-2025\/#breadcrumb"},"inLanguage":"fr-FR","potentialAction":[{"@type":"ReadAction","target":["https:\/\/www.couleursjapon.com\/blog\/salons-2024-2025\/"]}]},{"@type":"ImageObject","inLanguage":"fr-FR","@id":"https:\/\/www.couleursjapon.com\/blog\/salons-2024-2025\/#primaryimage","url":"https:\/\/www.couleursjapon.com\/blog\/wp-content\/uploads\/2024\/09\/Carrefour-Europeen-du-Patchwork-2024.jpg","contentUrl":"https:\/\/www.couleursjapon.com\/blog\/wp-content\/uploads\/2024\/09\/Carrefour-Europeen-du-Patchwork-2024.jpg","width":1754,"height":2480},{"@type":"BreadcrumbList","@id":"https:\/\/www.couleursjapon.com\/blog\/salons-2024-2025\/#breadcrumb","itemListElement":[{"@type":"ListItem","position":1,"name":"Accueil","item":"https:\/\/www.couleursjapon.com\/blog\/"},{"@type":"ListItem","position":2,"name":"Salons 2024-2025"}]},{"@type":"WebSite","@id":"https:\/\/www.couleursjapon.com\/blog\/#website","url":"https:\/\/www.couleursjapon.com\/blog\/","name":"Couleurs Japon","description":"Tissus japonais","publisher":{"@id":"https:\/\/www.couleursjapon.com\/blog\/#organization"},"potentialAction":[{"@type":"SearchAction","target":{"@type":"EntryPoint","urlTemplate":"https:\/\/www.couleursjapon.com\/blog\/?s={search_term_string}"},"query-input":{"@type":"PropertyValueSpecification","valueRequired":true,"valueName":"search_term_string"}}],"inLanguage":"fr-FR"},{"@type":"Organization","@id":"https:\/\/www.couleursjapon.com\/blog\/#organization","name":"Couleurs Japon","url":"https:\/\/www.couleursjapon.com\/blog\/","logo":{"@type":"ImageObject","inLanguage":"fr-FR","@id":"https:\/\/www.couleursjapon.com\/blog\/#\/schema\/logo\/image\/","url":"https:\/\/www.couleursjapon.com\/blog\/wp-content\/uploads\/2020\/10\/couleurs-japon-logo-1.png","contentUrl":"https:\/\/www.couleursjapon.com\/blog\/wp-content\/uploads\/2020\/10\/couleurs-japon-logo-1.png","width":400,"height":77,"caption":"Couleurs Japon"},"image":{"@id":"https:\/\/www.couleursjapon.com\/blog\/#\/schema\/logo\/image\/"},"sameAs":["https:\/\/www.facebook.com\/CouleursJapon\/","https:\/\/www.instagram.com\/couleursjapon","https:\/\/www.pinterest.fr\/couleursjapon\/"]},{"@type":"Person","@id":"https:\/\/www.couleursjapon.com\/blog\/#\/schema\/person\/6cfac89a7be4e2bd871f9340169acd3b","name":"Pascaline","image":{"@type":"ImageObject","inLanguage":"fr-FR","@id":"https:\/\/secure.gravatar.com\/avatar\/b9c6a29f8912cdfda78bfc45075e0ff0865b74e5ddd9b600e5e618c78b531d8b?s=96&d=mm&r=g","url":"https:\/\/secure.gravatar.com\/avatar\/b9c6a29f8912cdfda78bfc45075e0ff0865b74e5ddd9b600e5e618c78b531d8b?s=96&d=mm&r=g","contentUrl":"https:\/\/secure.gravatar.com\/avatar\/b9c6a29f8912cdfda78bfc45075e0ff0865b74e5ddd9b600e5e618c78b531d8b?s=96&d=mm&r=g","caption":"Pascaline"},"sameAs":["http:\/\/www.couleursjapon.com"]}]}},"_links":{"self":[{"href":"https:\/\/www.couleursjapon.com\/blog\/wp-json\/wp\/v2\/posts\/1652","targetHints":{"allow":["GET"]}}],"collection":[{"href":"https:\/\/www.couleursjapon.com\/blog\/wp-json\/wp\/v2\/posts"}],"about":[{"href":"https:\/\/www.couleursjapon.com\/blog\/wp-json\/wp\/v2\/types\/post"}],"author":[{"embeddable":true,"href":"https:\/\/www.couleursjapon.com\/blog\/wp-json\/wp\/v2\/users\/1"}],"replies":[{"embeddable":true,"href":"https:\/\/www.couleursjapon.com\/blog\/wp-json\/wp\/v2\/comments?post=1652"}],"version-history":[{"count":2,"href":"https:\/\/www.couleursjapon.com\/blog\/wp-json\/wp\/v2\/posts\/1652\/revisions"}],"predecessor-version":[{"id":1658,"href":"https:\/\/www.couleursjapon.com\/blog\/wp-json\/wp\/v2\/posts\/1652\/revisions\/1658"}],"wp:attachment":[{"href":"https:\/\/www.couleursjapon.com\/blog\/wp-json\/wp\/v2\/media?parent=1652"}],"wp:term":[{"taxonomy":"category","embeddable":true,"href":"https:\/\/www.couleursjapon.com\/blog\/wp-json\/wp\/v2\/categories?post=1652"},{"taxonomy":"post_tag","embeddable":true,"href":"https:\/\/www.couleursjapon.com\/blog\/wp-json\/wp\/v2\/tags?post=1652"}],"curies":[{"name":"wp","href":"https:\/\/api.w.org\/{rel}","templated":true}]}}