{"id":1542,"date":"2023-04-26T10:35:03","date_gmt":"2023-04-26T09:35:03","guid":{"rendered":"https:\/\/www.couleursjapon.com\/blog\/?p=1542"},"modified":"2023-05-04T17:25:10","modified_gmt":"2023-05-04T16:25:10","slug":"salon-patchwork-pour-lamour-du-fil-2023","status":"publish","type":"post","link":"https:\/\/www.couleursjapon.com\/blog\/salon-patchwork-pour-lamour-du-fil-2023\/","title":{"rendered":"Salon patchwork : pour l&rsquo;Amour du Fil 2023"},"content":{"rendered":"\n<p>D&rsquo;habitude quand je participe \u00e0 un salon, j&rsquo;expose et je ne peux ni voir les expositions, ni prendre part aux ateliers. Pour la premi\u00e8re fois depuis tr\u00e8s longtemps, je suis all\u00e9e \u00e0 un salon de tissu et patchwork en tant que visiteur. Et j&rsquo;ai pu en profiter \u00e0 fond. Voici donc mon petit compte-rendu personnel du salon <em>Pour l&rsquo;Amour du fil<\/em> qui s&rsquo;est tenu du 19 au 22 avril 2023.<\/p>\n\n\n\n<h2 class=\"wp-block-heading\">Le salon<\/h2>\n\n\n\n<p>Le salon avait lieu sur 4 jours, du mercredi au samedi. Il est organis\u00e9 par les <em><a href=\"https:\/\/www.quiltmania.com\/\" target=\"_blank\" rel=\"noreferrer noopener\">Editions Quiltmania<\/a><\/em>, un gage de qualit\u00e9. Pour ma part j&rsquo;y suis le dernier jour, et les all\u00e9es \u00e9taient relativement calmes, ce qui m&rsquo;a permis de profiter des expositions et des stands en toute tranquillit\u00e9. Mercredi et jeudi la foule \u00e9tait apparemment beaucoup plus compacte.<\/p>\n\n\n\n<p>Si vous voulez plus de choix sur les stands, je vous conseille de venir les premiers jours. Mais si vous pr\u00e9f\u00e9rez le calme, le dernier jour sera plus int\u00e9ressant pour vous.<\/p>\n\n\n\n<figure class=\"wp-block-gallery has-nested-images columns-default is-cropped wp-block-gallery-1 is-layout-flex wp-block-gallery-is-layout-flex\">\n<figure class=\"wp-block-image size-large\"><img loading=\"lazy\" decoding=\"async\" width=\"800\" height=\"800\" data-id=\"1546\" src=\"https:\/\/www.couleursjapon.com\/blog\/wp-content\/uploads\/2023\/04\/stands-pour-l-Amour-du-Fil-2023.jpg\" alt=\"\" class=\"wp-image-1546\" srcset=\"https:\/\/www.couleursjapon.com\/blog\/wp-content\/uploads\/2023\/04\/stands-pour-l-Amour-du-Fil-2023.jpg 800w, https:\/\/www.couleursjapon.com\/blog\/wp-content\/uploads\/2023\/04\/stands-pour-l-Amour-du-Fil-2023-300x300.jpg 300w, https:\/\/www.couleursjapon.com\/blog\/wp-content\/uploads\/2023\/04\/stands-pour-l-Amour-du-Fil-2023-250x250.jpg 250w, https:\/\/www.couleursjapon.com\/blog\/wp-content\/uploads\/2023\/04\/stands-pour-l-Amour-du-Fil-2023-768x768.jpg 768w\" sizes=\"auto, (max-width: 709px) 85vw, (max-width: 909px) 67vw, (max-width: 984px) 61vw, (max-width: 1362px) 45vw, 600px\" \/><\/figure>\n<\/figure>\n\n\n\n<p class=\"has-text-align-center\">Une partie du salon pour l&rsquo;<em>Amour du Fil<\/em> vue depuis les salles d&rsquo;atelier<\/p>\n\n\n\n<p>Le hall \u00e9tait bien agenc\u00e9, les stands tr\u00e8s vari\u00e9s, de qualit\u00e9 et tr\u00e8s jolis avec leur fond rose p\u00e2le. Beaucoup de stands de patchwork, mais aussi de la couture vestimentaire (patrons et tissus), de la broderie et un peu de laine. J&rsquo;ai vraiment appr\u00e9ci\u00e9 le c\u00f4t\u00e9 haut de gamme et la pr\u00e9sentation du salon.<\/p>\n\n\n\n<h2 class=\"wp-block-heading\">Les expositions<\/h2>\n\n\n\n<p>Par rapport au <em><a href=\"https:\/\/www.patchwork-europe.eu\/\" target=\"_blank\" rel=\"noreferrer noopener\">Carrefour Europ\u00e9en du Patchwork<\/a> <\/em>\u00e0 Sainte-Marie-aux-Mines, il y a moins d&rsquo;expositions (mais tout de m\u00eame beaucoup plus qu&rsquo;\u00e0 Paris). Par contre elles sont toutes regroup\u00e9es sur le m\u00eame lieu, ce qui est pratique, et elles \u00e9taient tr\u00e8s vari\u00e9es et de qualit\u00e9.<\/p>\n\n\n\n<p>La mise en sc\u00e8ne avec des meubles, plantes et mannequin m&rsquo;a beaucoup plus, j&rsquo;ai trouv\u00e9 que \u00e7a rendait les \u0153uvres plus vivantes.<\/p>\n\n\n\n<figure class=\"wp-block-gallery has-nested-images columns-default is-cropped wp-block-gallery-2 is-layout-flex wp-block-gallery-is-layout-flex\">\n<figure class=\"wp-block-image size-full\"><img loading=\"lazy\" decoding=\"async\" width=\"800\" height=\"800\" data-id=\"1548\" src=\"https:\/\/www.couleursjapon.com\/blog\/wp-content\/uploads\/2023\/04\/exposition-patchwork-traditionnel-Pays-Bas-2-rotated.jpg\" alt=\"\" class=\"wp-image-1548\" srcset=\"https:\/\/www.couleursjapon.com\/blog\/wp-content\/uploads\/2023\/04\/exposition-patchwork-traditionnel-Pays-Bas-2-rotated.jpg 800w, https:\/\/www.couleursjapon.com\/blog\/wp-content\/uploads\/2023\/04\/exposition-patchwork-traditionnel-Pays-Bas-2-300x300.jpg 300w, https:\/\/www.couleursjapon.com\/blog\/wp-content\/uploads\/2023\/04\/exposition-patchwork-traditionnel-Pays-Bas-2-250x250.jpg 250w, https:\/\/www.couleursjapon.com\/blog\/wp-content\/uploads\/2023\/04\/exposition-patchwork-traditionnel-Pays-Bas-2-768x768.jpg 768w\" sizes=\"auto, (max-width: 709px) 85vw, (max-width: 909px) 67vw, (max-width: 984px) 61vw, (max-width: 1362px) 45vw, 600px\" \/><\/figure>\n\n\n\n<figure class=\"wp-block-image size-full\"><img loading=\"lazy\" decoding=\"async\" width=\"800\" height=\"800\" data-id=\"1549\" src=\"https:\/\/www.couleursjapon.com\/blog\/wp-content\/uploads\/2023\/04\/exposition-patchwork-traditionnel-Pays-Bas-3.jpg\" alt=\"\" class=\"wp-image-1549\" srcset=\"https:\/\/www.couleursjapon.com\/blog\/wp-content\/uploads\/2023\/04\/exposition-patchwork-traditionnel-Pays-Bas-3.jpg 800w, https:\/\/www.couleursjapon.com\/blog\/wp-content\/uploads\/2023\/04\/exposition-patchwork-traditionnel-Pays-Bas-3-300x300.jpg 300w, https:\/\/www.couleursjapon.com\/blog\/wp-content\/uploads\/2023\/04\/exposition-patchwork-traditionnel-Pays-Bas-3-250x250.jpg 250w, https:\/\/www.couleursjapon.com\/blog\/wp-content\/uploads\/2023\/04\/exposition-patchwork-traditionnel-Pays-Bas-3-768x768.jpg 768w\" sizes=\"auto, (max-width: 709px) 85vw, (max-width: 909px) 67vw, (max-width: 984px) 61vw, (max-width: 1362px) 45vw, 600px\" \/><\/figure>\n\n\n\n<figure class=\"wp-block-image size-full\"><img loading=\"lazy\" decoding=\"async\" width=\"800\" height=\"800\" data-id=\"1547\" src=\"https:\/\/www.couleursjapon.com\/blog\/wp-content\/uploads\/2023\/04\/exposition-patchwork-traditionnel-Pays-Bas-4.jpg\" alt=\"\" class=\"wp-image-1547\" srcset=\"https:\/\/www.couleursjapon.com\/blog\/wp-content\/uploads\/2023\/04\/exposition-patchwork-traditionnel-Pays-Bas-4.jpg 800w, https:\/\/www.couleursjapon.com\/blog\/wp-content\/uploads\/2023\/04\/exposition-patchwork-traditionnel-Pays-Bas-4-300x300.jpg 300w, https:\/\/www.couleursjapon.com\/blog\/wp-content\/uploads\/2023\/04\/exposition-patchwork-traditionnel-Pays-Bas-4-250x250.jpg 250w, https:\/\/www.couleursjapon.com\/blog\/wp-content\/uploads\/2023\/04\/exposition-patchwork-traditionnel-Pays-Bas-4-768x768.jpg 768w\" sizes=\"auto, (max-width: 709px) 85vw, (max-width: 909px) 67vw, (max-width: 984px) 61vw, (max-width: 1362px) 45vw, 600px\" \/><\/figure>\n\n\n\n<figure class=\"wp-block-image size-full\"><img loading=\"lazy\" decoding=\"async\" width=\"800\" height=\"800\" data-id=\"1550\" src=\"https:\/\/www.couleursjapon.com\/blog\/wp-content\/uploads\/2023\/04\/exposition-patchwork-traditionnel-Pays-Bas.jpg\" alt=\"\" class=\"wp-image-1550\" srcset=\"https:\/\/www.couleursjapon.com\/blog\/wp-content\/uploads\/2023\/04\/exposition-patchwork-traditionnel-Pays-Bas.jpg 800w, https:\/\/www.couleursjapon.com\/blog\/wp-content\/uploads\/2023\/04\/exposition-patchwork-traditionnel-Pays-Bas-300x300.jpg 300w, https:\/\/www.couleursjapon.com\/blog\/wp-content\/uploads\/2023\/04\/exposition-patchwork-traditionnel-Pays-Bas-250x250.jpg 250w, https:\/\/www.couleursjapon.com\/blog\/wp-content\/uploads\/2023\/04\/exposition-patchwork-traditionnel-Pays-Bas-768x768.jpg 768w\" sizes=\"auto, (max-width: 709px) 85vw, (max-width: 909px) 67vw, (max-width: 984px) 61vw, (max-width: 1362px) 45vw, 600px\" \/><\/figure>\n<\/figure>\n\n\n\n<p class=\"has-text-align-center\">Exposition de patchworks traditionnels des Pays-Bas, le pays phare de cette ann\u00e9e sur le salon<\/p>\n\n\n\n<figure class=\"wp-block-gallery has-nested-images columns-default is-cropped wp-block-gallery-3 is-layout-flex wp-block-gallery-is-layout-flex\">\n<figure class=\"wp-block-image size-large\"><img loading=\"lazy\" decoding=\"async\" width=\"800\" height=\"800\" data-id=\"1554\" src=\"https:\/\/www.couleursjapon.com\/blog\/wp-content\/uploads\/2023\/04\/exposition-patchwork-contemporain-Pays-Bas-5.jpg\" alt=\"\" class=\"wp-image-1554\" srcset=\"https:\/\/www.couleursjapon.com\/blog\/wp-content\/uploads\/2023\/04\/exposition-patchwork-contemporain-Pays-Bas-5.jpg 800w, https:\/\/www.couleursjapon.com\/blog\/wp-content\/uploads\/2023\/04\/exposition-patchwork-contemporain-Pays-Bas-5-300x300.jpg 300w, https:\/\/www.couleursjapon.com\/blog\/wp-content\/uploads\/2023\/04\/exposition-patchwork-contemporain-Pays-Bas-5-250x250.jpg 250w, https:\/\/www.couleursjapon.com\/blog\/wp-content\/uploads\/2023\/04\/exposition-patchwork-contemporain-Pays-Bas-5-768x768.jpg 768w\" sizes=\"auto, (max-width: 709px) 85vw, (max-width: 909px) 67vw, (max-width: 984px) 61vw, (max-width: 1362px) 45vw, 600px\" \/><\/figure>\n\n\n\n<figure class=\"wp-block-image size-large\"><img loading=\"lazy\" decoding=\"async\" width=\"800\" height=\"800\" data-id=\"1552\" src=\"https:\/\/www.couleursjapon.com\/blog\/wp-content\/uploads\/2023\/04\/exposition-patchwork-contemporain-Pays-Bas-rotated.jpg\" alt=\"\" class=\"wp-image-1552\" srcset=\"https:\/\/www.couleursjapon.com\/blog\/wp-content\/uploads\/2023\/04\/exposition-patchwork-contemporain-Pays-Bas-rotated.jpg 800w, https:\/\/www.couleursjapon.com\/blog\/wp-content\/uploads\/2023\/04\/exposition-patchwork-contemporain-Pays-Bas-300x300.jpg 300w, https:\/\/www.couleursjapon.com\/blog\/wp-content\/uploads\/2023\/04\/exposition-patchwork-contemporain-Pays-Bas-250x250.jpg 250w, https:\/\/www.couleursjapon.com\/blog\/wp-content\/uploads\/2023\/04\/exposition-patchwork-contemporain-Pays-Bas-768x768.jpg 768w\" sizes=\"auto, (max-width: 709px) 85vw, (max-width: 909px) 67vw, (max-width: 984px) 61vw, (max-width: 1362px) 45vw, 600px\" \/><\/figure>\n\n\n\n<figure class=\"wp-block-image size-large\"><img loading=\"lazy\" decoding=\"async\" width=\"800\" height=\"800\" data-id=\"1551\" src=\"https:\/\/www.couleursjapon.com\/blog\/wp-content\/uploads\/2023\/04\/exposition-patchwork-contemporain-Pays-Bas-4-rotated.jpg\" alt=\"\" class=\"wp-image-1551\" srcset=\"https:\/\/www.couleursjapon.com\/blog\/wp-content\/uploads\/2023\/04\/exposition-patchwork-contemporain-Pays-Bas-4-rotated.jpg 800w, https:\/\/www.couleursjapon.com\/blog\/wp-content\/uploads\/2023\/04\/exposition-patchwork-contemporain-Pays-Bas-4-300x300.jpg 300w, https:\/\/www.couleursjapon.com\/blog\/wp-content\/uploads\/2023\/04\/exposition-patchwork-contemporain-Pays-Bas-4-250x250.jpg 250w, https:\/\/www.couleursjapon.com\/blog\/wp-content\/uploads\/2023\/04\/exposition-patchwork-contemporain-Pays-Bas-4-768x768.jpg 768w\" sizes=\"auto, (max-width: 709px) 85vw, (max-width: 909px) 67vw, (max-width: 984px) 61vw, (max-width: 1362px) 45vw, 600px\" \/><\/figure>\n\n\n\n<figure class=\"wp-block-image size-large\"><img loading=\"lazy\" decoding=\"async\" width=\"800\" height=\"800\" data-id=\"1553\" src=\"https:\/\/www.couleursjapon.com\/blog\/wp-content\/uploads\/2023\/04\/exposition-patchwork-contemporain-Pays-Bas-2-rotated.jpg\" alt=\"\" class=\"wp-image-1553\" srcset=\"https:\/\/www.couleursjapon.com\/blog\/wp-content\/uploads\/2023\/04\/exposition-patchwork-contemporain-Pays-Bas-2-rotated.jpg 800w, https:\/\/www.couleursjapon.com\/blog\/wp-content\/uploads\/2023\/04\/exposition-patchwork-contemporain-Pays-Bas-2-300x300.jpg 300w, https:\/\/www.couleursjapon.com\/blog\/wp-content\/uploads\/2023\/04\/exposition-patchwork-contemporain-Pays-Bas-2-250x250.jpg 250w, https:\/\/www.couleursjapon.com\/blog\/wp-content\/uploads\/2023\/04\/exposition-patchwork-contemporain-Pays-Bas-2-768x768.jpg 768w\" sizes=\"auto, (max-width: 709px) 85vw, (max-width: 909px) 67vw, (max-width: 984px) 61vw, (max-width: 1362px) 45vw, 600px\" \/><\/figure>\n\n\n\n<figure class=\"wp-block-image size-large\"><img loading=\"lazy\" decoding=\"async\" width=\"800\" height=\"800\" data-id=\"1555\" src=\"https:\/\/www.couleursjapon.com\/blog\/wp-content\/uploads\/2023\/04\/exposition-patchwork-contemporain-Pays-Bas-3-rotated.jpg\" alt=\"\" class=\"wp-image-1555\" srcset=\"https:\/\/www.couleursjapon.com\/blog\/wp-content\/uploads\/2023\/04\/exposition-patchwork-contemporain-Pays-Bas-3-rotated.jpg 800w, https:\/\/www.couleursjapon.com\/blog\/wp-content\/uploads\/2023\/04\/exposition-patchwork-contemporain-Pays-Bas-3-300x300.jpg 300w, https:\/\/www.couleursjapon.com\/blog\/wp-content\/uploads\/2023\/04\/exposition-patchwork-contemporain-Pays-Bas-3-250x250.jpg 250w, https:\/\/www.couleursjapon.com\/blog\/wp-content\/uploads\/2023\/04\/exposition-patchwork-contemporain-Pays-Bas-3-768x768.jpg 768w\" sizes=\"auto, (max-width: 709px) 85vw, (max-width: 909px) 67vw, (max-width: 984px) 61vw, (max-width: 1362px) 45vw, 600px\" \/><\/figure>\n<\/figure>\n\n\n\n<p class=\"has-text-align-center\">Exposition de patchworks contemporains des Pays-Bas<\/p>\n\n\n\n<figure class=\"wp-block-gallery has-nested-images columns-default is-cropped wp-block-gallery-4 is-layout-flex wp-block-gallery-is-layout-flex\">\n<figure class=\"wp-block-image size-large\"><img loading=\"lazy\" decoding=\"async\" width=\"800\" height=\"800\" data-id=\"1561\" src=\"https:\/\/www.couleursjapon.com\/blog\/wp-content\/uploads\/2023\/04\/Willyne-Hammerstein-et-Hilde-Hoogwaerts-3-rotated.jpg\" alt=\"\" class=\"wp-image-1561\" srcset=\"https:\/\/www.couleursjapon.com\/blog\/wp-content\/uploads\/2023\/04\/Willyne-Hammerstein-et-Hilde-Hoogwaerts-3-rotated.jpg 800w, https:\/\/www.couleursjapon.com\/blog\/wp-content\/uploads\/2023\/04\/Willyne-Hammerstein-et-Hilde-Hoogwaerts-3-300x300.jpg 300w, https:\/\/www.couleursjapon.com\/blog\/wp-content\/uploads\/2023\/04\/Willyne-Hammerstein-et-Hilde-Hoogwaerts-3-250x250.jpg 250w, https:\/\/www.couleursjapon.com\/blog\/wp-content\/uploads\/2023\/04\/Willyne-Hammerstein-et-Hilde-Hoogwaerts-3-768x768.jpg 768w\" sizes=\"auto, (max-width: 709px) 85vw, (max-width: 909px) 67vw, (max-width: 984px) 61vw, (max-width: 1362px) 45vw, 600px\" \/><\/figure>\n\n\n\n<figure class=\"wp-block-image size-large\"><img loading=\"lazy\" decoding=\"async\" width=\"1000\" height=\"1000\" data-id=\"1564\" src=\"https:\/\/www.couleursjapon.com\/blog\/wp-content\/uploads\/2023\/04\/Willyne-Hammerstein-et-Hilde-Hoogwaerts-2-rotated.jpg\" alt=\"\" class=\"wp-image-1564\" srcset=\"https:\/\/www.couleursjapon.com\/blog\/wp-content\/uploads\/2023\/04\/Willyne-Hammerstein-et-Hilde-Hoogwaerts-2-rotated.jpg 1000w, https:\/\/www.couleursjapon.com\/blog\/wp-content\/uploads\/2023\/04\/Willyne-Hammerstein-et-Hilde-Hoogwaerts-2-300x300.jpg 300w, https:\/\/www.couleursjapon.com\/blog\/wp-content\/uploads\/2023\/04\/Willyne-Hammerstein-et-Hilde-Hoogwaerts-2-250x250.jpg 250w, https:\/\/www.couleursjapon.com\/blog\/wp-content\/uploads\/2023\/04\/Willyne-Hammerstein-et-Hilde-Hoogwaerts-2-768x768.jpg 768w\" sizes=\"auto, (max-width: 709px) 85vw, (max-width: 909px) 67vw, (max-width: 1362px) 62vw, 840px\" \/><\/figure>\n\n\n\n<figure class=\"wp-block-image size-large\"><img loading=\"lazy\" decoding=\"async\" width=\"800\" height=\"800\" data-id=\"1562\" src=\"https:\/\/www.couleursjapon.com\/blog\/wp-content\/uploads\/2023\/04\/Willyne-Hammerstein-et-Hilde-Hoogwaerts.jpg\" alt=\"\" class=\"wp-image-1562\" srcset=\"https:\/\/www.couleursjapon.com\/blog\/wp-content\/uploads\/2023\/04\/Willyne-Hammerstein-et-Hilde-Hoogwaerts.jpg 800w, https:\/\/www.couleursjapon.com\/blog\/wp-content\/uploads\/2023\/04\/Willyne-Hammerstein-et-Hilde-Hoogwaerts-300x300.jpg 300w, https:\/\/www.couleursjapon.com\/blog\/wp-content\/uploads\/2023\/04\/Willyne-Hammerstein-et-Hilde-Hoogwaerts-250x250.jpg 250w, https:\/\/www.couleursjapon.com\/blog\/wp-content\/uploads\/2023\/04\/Willyne-Hammerstein-et-Hilde-Hoogwaerts-768x768.jpg 768w\" sizes=\"auto, (max-width: 709px) 85vw, (max-width: 909px) 67vw, (max-width: 984px) 61vw, (max-width: 1362px) 45vw, 600px\" \/><\/figure>\n\n\n\n<figure class=\"wp-block-image size-large\"><img loading=\"lazy\" decoding=\"async\" width=\"800\" height=\"800\" data-id=\"1560\" src=\"https:\/\/www.couleursjapon.com\/blog\/wp-content\/uploads\/2023\/04\/Willyne-Hammerstein-et-Hilde-Hoogwaerts-4-rotated.jpg\" alt=\"\" class=\"wp-image-1560\" srcset=\"https:\/\/www.couleursjapon.com\/blog\/wp-content\/uploads\/2023\/04\/Willyne-Hammerstein-et-Hilde-Hoogwaerts-4-rotated.jpg 800w, https:\/\/www.couleursjapon.com\/blog\/wp-content\/uploads\/2023\/04\/Willyne-Hammerstein-et-Hilde-Hoogwaerts-4-300x300.jpg 300w, https:\/\/www.couleursjapon.com\/blog\/wp-content\/uploads\/2023\/04\/Willyne-Hammerstein-et-Hilde-Hoogwaerts-4-250x250.jpg 250w, https:\/\/www.couleursjapon.com\/blog\/wp-content\/uploads\/2023\/04\/Willyne-Hammerstein-et-Hilde-Hoogwaerts-4-768x768.jpg 768w\" sizes=\"auto, (max-width: 709px) 85vw, (max-width: 909px) 67vw, (max-width: 984px) 61vw, (max-width: 1362px) 45vw, 600px\" \/><\/figure>\n\n\n\n<figure class=\"wp-block-image size-large\"><img loading=\"lazy\" decoding=\"async\" width=\"800\" height=\"800\" data-id=\"1563\" src=\"https:\/\/www.couleursjapon.com\/blog\/wp-content\/uploads\/2023\/04\/Willyne-Hammerstein-et-Hilde-Hoogwaerts-5-rotated.jpg\" alt=\"\" class=\"wp-image-1563\" srcset=\"https:\/\/www.couleursjapon.com\/blog\/wp-content\/uploads\/2023\/04\/Willyne-Hammerstein-et-Hilde-Hoogwaerts-5-rotated.jpg 800w, https:\/\/www.couleursjapon.com\/blog\/wp-content\/uploads\/2023\/04\/Willyne-Hammerstein-et-Hilde-Hoogwaerts-5-300x300.jpg 300w, https:\/\/www.couleursjapon.com\/blog\/wp-content\/uploads\/2023\/04\/Willyne-Hammerstein-et-Hilde-Hoogwaerts-5-250x250.jpg 250w, https:\/\/www.couleursjapon.com\/blog\/wp-content\/uploads\/2023\/04\/Willyne-Hammerstein-et-Hilde-Hoogwaerts-5-768x768.jpg 768w\" sizes=\"auto, (max-width: 709px) 85vw, (max-width: 909px) 67vw, (max-width: 984px) 61vw, (max-width: 1362px) 45vw, 600px\" \/><\/figure>\n\n\n\n<figure class=\"wp-block-image size-large\"><img loading=\"lazy\" decoding=\"async\" width=\"800\" height=\"800\" data-id=\"1559\" src=\"https:\/\/www.couleursjapon.com\/blog\/wp-content\/uploads\/2023\/04\/Willyne-Hammerstein-et-Hilde-Hoogwaerts-6-rotated.jpg\" alt=\"\" class=\"wp-image-1559\" srcset=\"https:\/\/www.couleursjapon.com\/blog\/wp-content\/uploads\/2023\/04\/Willyne-Hammerstein-et-Hilde-Hoogwaerts-6-rotated.jpg 800w, https:\/\/www.couleursjapon.com\/blog\/wp-content\/uploads\/2023\/04\/Willyne-Hammerstein-et-Hilde-Hoogwaerts-6-300x300.jpg 300w, https:\/\/www.couleursjapon.com\/blog\/wp-content\/uploads\/2023\/04\/Willyne-Hammerstein-et-Hilde-Hoogwaerts-6-250x250.jpg 250w, https:\/\/www.couleursjapon.com\/blog\/wp-content\/uploads\/2023\/04\/Willyne-Hammerstein-et-Hilde-Hoogwaerts-6-768x768.jpg 768w\" sizes=\"auto, (max-width: 709px) 85vw, (max-width: 909px) 67vw, (max-width: 984px) 61vw, (max-width: 1362px) 45vw, 600px\" \/><\/figure>\n<\/figure>\n\n\n\n<p class=\"has-text-align-center\"><a href=\"https:\/\/www.quiltmania.com\/categorie-produit\/par-designer\/les-livres-de-willyne-hammerstein\/\" target=\"_blank\" rel=\"noreferrer noopener\">Willyne Hammerstein<\/a> et <a href=\"https:\/\/hildehoogwaerts.com\/\" target=\"_blank\" rel=\"noreferrer noopener\">Hil<\/a><a href=\"https:\/\/hildehoogwaerts.com\/home\" target=\"_blank\" rel=\"noreferrer noopener\">de Hoogwaerts<\/a><\/p>\n\n\n\n<figure class=\"wp-block-gallery has-nested-images columns-default is-cropped wp-block-gallery-5 is-layout-flex wp-block-gallery-is-layout-flex\">\n<figure class=\"wp-block-image size-large\"><img loading=\"lazy\" decoding=\"async\" width=\"800\" height=\"800\" data-id=\"1567\" src=\"https:\/\/www.couleursjapon.com\/blog\/wp-content\/uploads\/2023\/04\/The-Best-of-Quilt-Nihon-3-rotated.jpg\" alt=\"\" class=\"wp-image-1567\" srcset=\"https:\/\/www.couleursjapon.com\/blog\/wp-content\/uploads\/2023\/04\/The-Best-of-Quilt-Nihon-3-rotated.jpg 800w, https:\/\/www.couleursjapon.com\/blog\/wp-content\/uploads\/2023\/04\/The-Best-of-Quilt-Nihon-3-300x300.jpg 300w, https:\/\/www.couleursjapon.com\/blog\/wp-content\/uploads\/2023\/04\/The-Best-of-Quilt-Nihon-3-250x250.jpg 250w, https:\/\/www.couleursjapon.com\/blog\/wp-content\/uploads\/2023\/04\/The-Best-of-Quilt-Nihon-3-768x768.jpg 768w\" sizes=\"auto, (max-width: 709px) 85vw, (max-width: 909px) 67vw, (max-width: 984px) 61vw, (max-width: 1362px) 45vw, 600px\" \/><\/figure>\n\n\n\n<figure class=\"wp-block-image size-large\"><img loading=\"lazy\" decoding=\"async\" width=\"800\" height=\"800\" data-id=\"1566\" src=\"https:\/\/www.couleursjapon.com\/blog\/wp-content\/uploads\/2023\/04\/The-Best-of-Quilt-Nihon-2-rotated.jpg\" alt=\"\" class=\"wp-image-1566\" srcset=\"https:\/\/www.couleursjapon.com\/blog\/wp-content\/uploads\/2023\/04\/The-Best-of-Quilt-Nihon-2-rotated.jpg 800w, https:\/\/www.couleursjapon.com\/blog\/wp-content\/uploads\/2023\/04\/The-Best-of-Quilt-Nihon-2-300x300.jpg 300w, https:\/\/www.couleursjapon.com\/blog\/wp-content\/uploads\/2023\/04\/The-Best-of-Quilt-Nihon-2-250x250.jpg 250w, https:\/\/www.couleursjapon.com\/blog\/wp-content\/uploads\/2023\/04\/The-Best-of-Quilt-Nihon-2-768x768.jpg 768w\" sizes=\"auto, (max-width: 709px) 85vw, (max-width: 909px) 67vw, (max-width: 984px) 61vw, (max-width: 1362px) 45vw, 600px\" \/><\/figure>\n\n\n\n<figure class=\"wp-block-image size-large\"><img loading=\"lazy\" decoding=\"async\" width=\"800\" height=\"800\" data-id=\"1569\" src=\"https:\/\/www.couleursjapon.com\/blog\/wp-content\/uploads\/2023\/04\/The-Best-of-Quilt-Nihon-4-rotated.jpg\" alt=\"\" class=\"wp-image-1569\" srcset=\"https:\/\/www.couleursjapon.com\/blog\/wp-content\/uploads\/2023\/04\/The-Best-of-Quilt-Nihon-4-rotated.jpg 800w, https:\/\/www.couleursjapon.com\/blog\/wp-content\/uploads\/2023\/04\/The-Best-of-Quilt-Nihon-4-300x300.jpg 300w, https:\/\/www.couleursjapon.com\/blog\/wp-content\/uploads\/2023\/04\/The-Best-of-Quilt-Nihon-4-250x250.jpg 250w, https:\/\/www.couleursjapon.com\/blog\/wp-content\/uploads\/2023\/04\/The-Best-of-Quilt-Nihon-4-768x768.jpg 768w\" sizes=\"auto, (max-width: 709px) 85vw, (max-width: 909px) 67vw, (max-width: 984px) 61vw, (max-width: 1362px) 45vw, 600px\" \/><\/figure>\n\n\n\n<figure class=\"wp-block-image size-large\"><img loading=\"lazy\" decoding=\"async\" width=\"800\" height=\"800\" data-id=\"1570\" src=\"https:\/\/www.couleursjapon.com\/blog\/wp-content\/uploads\/2023\/04\/The-Best-of-Quilt-Nihon-rotated.jpg\" alt=\"\" class=\"wp-image-1570\" srcset=\"https:\/\/www.couleursjapon.com\/blog\/wp-content\/uploads\/2023\/04\/The-Best-of-Quilt-Nihon-rotated.jpg 800w, https:\/\/www.couleursjapon.com\/blog\/wp-content\/uploads\/2023\/04\/The-Best-of-Quilt-Nihon-300x300.jpg 300w, https:\/\/www.couleursjapon.com\/blog\/wp-content\/uploads\/2023\/04\/The-Best-of-Quilt-Nihon-250x250.jpg 250w, https:\/\/www.couleursjapon.com\/blog\/wp-content\/uploads\/2023\/04\/The-Best-of-Quilt-Nihon-768x768.jpg 768w\" sizes=\"auto, (max-width: 709px) 85vw, (max-width: 909px) 67vw, (max-width: 984px) 61vw, (max-width: 1362px) 45vw, 600px\" \/><\/figure>\n\n\n\n<figure class=\"wp-block-image size-large\"><img loading=\"lazy\" decoding=\"async\" width=\"800\" height=\"800\" data-id=\"1571\" src=\"https:\/\/www.couleursjapon.com\/blog\/wp-content\/uploads\/2023\/04\/The-Best-of-Quilt-Nihon-5-rotated.jpg\" alt=\"\" class=\"wp-image-1571\" srcset=\"https:\/\/www.couleursjapon.com\/blog\/wp-content\/uploads\/2023\/04\/The-Best-of-Quilt-Nihon-5-rotated.jpg 800w, https:\/\/www.couleursjapon.com\/blog\/wp-content\/uploads\/2023\/04\/The-Best-of-Quilt-Nihon-5-300x300.jpg 300w, https:\/\/www.couleursjapon.com\/blog\/wp-content\/uploads\/2023\/04\/The-Best-of-Quilt-Nihon-5-250x250.jpg 250w, https:\/\/www.couleursjapon.com\/blog\/wp-content\/uploads\/2023\/04\/The-Best-of-Quilt-Nihon-5-768x768.jpg 768w\" sizes=\"auto, (max-width: 709px) 85vw, (max-width: 909px) 67vw, (max-width: 984px) 61vw, (max-width: 1362px) 45vw, 600px\" \/><\/figure>\n\n\n\n<figure class=\"wp-block-image size-large\"><img loading=\"lazy\" decoding=\"async\" width=\"800\" height=\"800\" data-id=\"1568\" src=\"https:\/\/www.couleursjapon.com\/blog\/wp-content\/uploads\/2023\/04\/The-Best-of-Quilt-Nihon-6-rotated.jpg\" alt=\"\" class=\"wp-image-1568\" srcset=\"https:\/\/www.couleursjapon.com\/blog\/wp-content\/uploads\/2023\/04\/The-Best-of-Quilt-Nihon-6-rotated.jpg 800w, https:\/\/www.couleursjapon.com\/blog\/wp-content\/uploads\/2023\/04\/The-Best-of-Quilt-Nihon-6-300x300.jpg 300w, https:\/\/www.couleursjapon.com\/blog\/wp-content\/uploads\/2023\/04\/The-Best-of-Quilt-Nihon-6-250x250.jpg 250w, https:\/\/www.couleursjapon.com\/blog\/wp-content\/uploads\/2023\/04\/The-Best-of-Quilt-Nihon-6-768x768.jpg 768w\" sizes=\"auto, (max-width: 709px) 85vw, (max-width: 909px) 67vw, (max-width: 984px) 61vw, (max-width: 1362px) 45vw, 600px\" \/><\/figure>\n<\/figure>\n\n\n\n<p class=\"has-text-align-center\">The Best of Quilt Nihon 2021<\/p>\n\n\n\n<figure class=\"wp-block-gallery has-nested-images columns-default is-cropped wp-block-gallery-6 is-layout-flex wp-block-gallery-is-layout-flex\">\n<figure class=\"wp-block-image size-large\"><img loading=\"lazy\" decoding=\"async\" width=\"800\" height=\"800\" data-id=\"1573\" src=\"https:\/\/www.couleursjapon.com\/blog\/wp-content\/uploads\/2023\/04\/Boeunju-NantesJu-2.jpg\" alt=\"\" class=\"wp-image-1573\" srcset=\"https:\/\/www.couleursjapon.com\/blog\/wp-content\/uploads\/2023\/04\/Boeunju-NantesJu-2.jpg 800w, https:\/\/www.couleursjapon.com\/blog\/wp-content\/uploads\/2023\/04\/Boeunju-NantesJu-2-300x300.jpg 300w, https:\/\/www.couleursjapon.com\/blog\/wp-content\/uploads\/2023\/04\/Boeunju-NantesJu-2-250x250.jpg 250w, https:\/\/www.couleursjapon.com\/blog\/wp-content\/uploads\/2023\/04\/Boeunju-NantesJu-2-768x768.jpg 768w\" sizes=\"auto, (max-width: 709px) 85vw, (max-width: 909px) 67vw, (max-width: 984px) 61vw, (max-width: 1362px) 45vw, 600px\" \/><\/figure>\n\n\n\n<figure class=\"wp-block-image size-large\"><img loading=\"lazy\" decoding=\"async\" width=\"800\" height=\"800\" data-id=\"1576\" src=\"https:\/\/www.couleursjapon.com\/blog\/wp-content\/uploads\/2023\/04\/Boeunju-NantesJu-4.jpg\" alt=\"\" class=\"wp-image-1576\" srcset=\"https:\/\/www.couleursjapon.com\/blog\/wp-content\/uploads\/2023\/04\/Boeunju-NantesJu-4.jpg 800w, https:\/\/www.couleursjapon.com\/blog\/wp-content\/uploads\/2023\/04\/Boeunju-NantesJu-4-300x300.jpg 300w, https:\/\/www.couleursjapon.com\/blog\/wp-content\/uploads\/2023\/04\/Boeunju-NantesJu-4-250x250.jpg 250w, https:\/\/www.couleursjapon.com\/blog\/wp-content\/uploads\/2023\/04\/Boeunju-NantesJu-4-768x768.jpg 768w\" sizes=\"auto, (max-width: 709px) 85vw, (max-width: 909px) 67vw, (max-width: 984px) 61vw, (max-width: 1362px) 45vw, 600px\" \/><\/figure>\n\n\n\n<figure class=\"wp-block-image size-large\"><img loading=\"lazy\" decoding=\"async\" width=\"800\" height=\"800\" data-id=\"1575\" src=\"https:\/\/www.couleursjapon.com\/blog\/wp-content\/uploads\/2023\/04\/Boeunju-NantesJu.jpg\" alt=\"\" class=\"wp-image-1575\" srcset=\"https:\/\/www.couleursjapon.com\/blog\/wp-content\/uploads\/2023\/04\/Boeunju-NantesJu.jpg 800w, https:\/\/www.couleursjapon.com\/blog\/wp-content\/uploads\/2023\/04\/Boeunju-NantesJu-300x300.jpg 300w, https:\/\/www.couleursjapon.com\/blog\/wp-content\/uploads\/2023\/04\/Boeunju-NantesJu-250x250.jpg 250w, https:\/\/www.couleursjapon.com\/blog\/wp-content\/uploads\/2023\/04\/Boeunju-NantesJu-768x768.jpg 768w\" sizes=\"auto, (max-width: 709px) 85vw, (max-width: 909px) 67vw, (max-width: 984px) 61vw, (max-width: 1362px) 45vw, 600px\" \/><\/figure>\n<\/figure>\n\n\n\n<p class=\"has-text-align-center\">Les sacs brod\u00e9s extraordinaires de la cor\u00e9enne Boeunju, alias <a href=\"https:\/\/www.instagram.com\/nantes.joo\/\" target=\"_blank\" rel=\"noreferrer noopener\">NantesJoo<\/a><\/p>\n\n\n\n<figure class=\"wp-block-gallery has-nested-images columns-default is-cropped wp-block-gallery-7 is-layout-flex wp-block-gallery-is-layout-flex\">\n<figure class=\"wp-block-image size-large\"><img loading=\"lazy\" decoding=\"async\" width=\"800\" height=\"800\" data-id=\"1579\" src=\"https:\/\/www.couleursjapon.com\/blog\/wp-content\/uploads\/2023\/04\/Di-Greig-3-rotated.jpg\" alt=\"\" class=\"wp-image-1579\" srcset=\"https:\/\/www.couleursjapon.com\/blog\/wp-content\/uploads\/2023\/04\/Di-Greig-3-rotated.jpg 800w, https:\/\/www.couleursjapon.com\/blog\/wp-content\/uploads\/2023\/04\/Di-Greig-3-300x300.jpg 300w, https:\/\/www.couleursjapon.com\/blog\/wp-content\/uploads\/2023\/04\/Di-Greig-3-250x250.jpg 250w, https:\/\/www.couleursjapon.com\/blog\/wp-content\/uploads\/2023\/04\/Di-Greig-3-768x768.jpg 768w\" sizes=\"auto, (max-width: 709px) 85vw, (max-width: 909px) 67vw, (max-width: 984px) 61vw, (max-width: 1362px) 45vw, 600px\" \/><\/figure>\n\n\n\n<figure class=\"wp-block-image size-large\"><img loading=\"lazy\" decoding=\"async\" width=\"800\" height=\"800\" data-id=\"1578\" src=\"https:\/\/www.couleursjapon.com\/blog\/wp-content\/uploads\/2023\/04\/Di-Greig-2.jpg\" alt=\"\" class=\"wp-image-1578\" srcset=\"https:\/\/www.couleursjapon.com\/blog\/wp-content\/uploads\/2023\/04\/Di-Greig-2.jpg 800w, https:\/\/www.couleursjapon.com\/blog\/wp-content\/uploads\/2023\/04\/Di-Greig-2-300x300.jpg 300w, https:\/\/www.couleursjapon.com\/blog\/wp-content\/uploads\/2023\/04\/Di-Greig-2-250x250.jpg 250w, https:\/\/www.couleursjapon.com\/blog\/wp-content\/uploads\/2023\/04\/Di-Greig-2-768x768.jpg 768w\" sizes=\"auto, (max-width: 709px) 85vw, (max-width: 909px) 67vw, (max-width: 984px) 61vw, (max-width: 1362px) 45vw, 600px\" \/><\/figure>\n\n\n\n<figure class=\"wp-block-image size-large\"><img loading=\"lazy\" decoding=\"async\" width=\"800\" height=\"800\" data-id=\"1580\" src=\"https:\/\/www.couleursjapon.com\/blog\/wp-content\/uploads\/2023\/04\/Di-Greig.jpg\" alt=\"\" class=\"wp-image-1580\" srcset=\"https:\/\/www.couleursjapon.com\/blog\/wp-content\/uploads\/2023\/04\/Di-Greig.jpg 800w, https:\/\/www.couleursjapon.com\/blog\/wp-content\/uploads\/2023\/04\/Di-Greig-300x300.jpg 300w, https:\/\/www.couleursjapon.com\/blog\/wp-content\/uploads\/2023\/04\/Di-Greig-250x250.jpg 250w, https:\/\/www.couleursjapon.com\/blog\/wp-content\/uploads\/2023\/04\/Di-Greig-768x768.jpg 768w\" sizes=\"auto, (max-width: 709px) 85vw, (max-width: 909px) 67vw, (max-width: 984px) 61vw, (max-width: 1362px) 45vw, 600px\" \/><\/figure>\n<\/figure>\n\n\n\n<p class=\"has-text-align-center\"><em>Simply Neutral<\/em> par l&rsquo;artiste australienne Di Greig<\/p>\n\n\n\n<figure class=\"wp-block-gallery has-nested-images columns-default is-cropped wp-block-gallery-8 is-layout-flex wp-block-gallery-is-layout-flex\">\n<figure class=\"wp-block-image size-large\"><img loading=\"lazy\" decoding=\"async\" width=\"800\" height=\"800\" data-id=\"1586\" src=\"https:\/\/www.couleursjapon.com\/blog\/wp-content\/uploads\/2023\/04\/Galla-3-1.jpg\" alt=\"\" class=\"wp-image-1586\" srcset=\"https:\/\/www.couleursjapon.com\/blog\/wp-content\/uploads\/2023\/04\/Galla-3-1.jpg 800w, https:\/\/www.couleursjapon.com\/blog\/wp-content\/uploads\/2023\/04\/Galla-3-1-300x300.jpg 300w, https:\/\/www.couleursjapon.com\/blog\/wp-content\/uploads\/2023\/04\/Galla-3-1-250x250.jpg 250w, https:\/\/www.couleursjapon.com\/blog\/wp-content\/uploads\/2023\/04\/Galla-3-1-768x768.jpg 768w\" sizes=\"auto, (max-width: 709px) 85vw, (max-width: 909px) 67vw, (max-width: 984px) 61vw, (max-width: 1362px) 45vw, 600px\" \/><\/figure>\n\n\n\n<figure class=\"wp-block-image size-large\"><img loading=\"lazy\" decoding=\"async\" width=\"800\" height=\"800\" data-id=\"1587\" src=\"https:\/\/www.couleursjapon.com\/blog\/wp-content\/uploads\/2023\/04\/Galla-1-rotated.jpg\" alt=\"\" class=\"wp-image-1587\" srcset=\"https:\/\/www.couleursjapon.com\/blog\/wp-content\/uploads\/2023\/04\/Galla-1-rotated.jpg 800w, https:\/\/www.couleursjapon.com\/blog\/wp-content\/uploads\/2023\/04\/Galla-1-300x300.jpg 300w, https:\/\/www.couleursjapon.com\/blog\/wp-content\/uploads\/2023\/04\/Galla-1-250x250.jpg 250w, https:\/\/www.couleursjapon.com\/blog\/wp-content\/uploads\/2023\/04\/Galla-1-768x768.jpg 768w\" sizes=\"auto, (max-width: 709px) 85vw, (max-width: 909px) 67vw, (max-width: 984px) 61vw, (max-width: 1362px) 45vw, 600px\" \/><\/figure>\n\n\n\n<figure class=\"wp-block-image size-large\"><img loading=\"lazy\" decoding=\"async\" width=\"800\" height=\"800\" data-id=\"1585\" src=\"https:\/\/www.couleursjapon.com\/blog\/wp-content\/uploads\/2023\/04\/Galla-2-1.jpg\" alt=\"\" class=\"wp-image-1585\" srcset=\"https:\/\/www.couleursjapon.com\/blog\/wp-content\/uploads\/2023\/04\/Galla-2-1.jpg 800w, https:\/\/www.couleursjapon.com\/blog\/wp-content\/uploads\/2023\/04\/Galla-2-1-300x300.jpg 300w, https:\/\/www.couleursjapon.com\/blog\/wp-content\/uploads\/2023\/04\/Galla-2-1-250x250.jpg 250w, https:\/\/www.couleursjapon.com\/blog\/wp-content\/uploads\/2023\/04\/Galla-2-1-768x768.jpg 768w\" sizes=\"auto, (max-width: 709px) 85vw, (max-width: 909px) 67vw, (max-width: 984px) 61vw, (max-width: 1362px) 45vw, 600px\" \/><\/figure>\n<\/figure>\n\n\n\n<p class=\"has-text-align-center\">Exposition de <a href=\"https:\/\/textile.galla.fr\/\" target=\"_blank\" rel=\"noreferrer noopener\">Galla Grotto<\/a><\/p>\n\n\n\n<p>Ceci est juste un petit extrait d&rsquo;une petite partie des expositions, il y avait bien plus \u00e0 voir. Si vous en avez la possibilit\u00e9 n&rsquo;h\u00e9sitez pas \u00e0 aller sur les salons et autres expositions en France ou ailleurs par vous-m\u00eame. Vous devriez aussi trouver des comptes-rendus bien plus d\u00e9taill\u00e9s et mieux photographi\u00e9s dans les magazines <em>Quiltmania<\/em>, <em>Simply Vintage<\/em> et <em>Simply Modern<\/em>. Je vous encourage \u00e0 lire ces magazines riches en projets, comptes-rendus et inspirations.<\/p>\n\n\n\n<h2 class=\"wp-block-heading\">Les ateliers<\/h2>\n\n\n\n<p>J&rsquo;ai trouv\u00e9 qu&rsquo;avec la pr\u00e9sentation soign\u00e9e du salon, c&rsquo;\u00e9tait vraiment son point fort avec :<\/p>\n\n\n\n<ul class=\"wp-block-list\">\n<li>des ateliers vari\u00e9s, \u00e0 r\u00e9server \u00e0 l&rsquo;avance, avec des artistes et des exposants<\/li>\n\n\n\n<li>mais aussi des Make &amp; Take : petits ateliers gratuits directement sur place et sans r\u00e9servation<\/li>\n\n\n\n<li>et des conf\u00e9rences ouvertes et gratuites aussi.<\/li>\n<\/ul>\n\n\n\n<p>Pour ma part j&rsquo;ai particip\u00e9 \u00e0 l&rsquo;atelier <em>Miniature avec le personnage de Galla<\/em> du samedi matin. Ci-dessous des exemple et mon travail en cours.<\/p>\n\n\n\n<figure class=\"wp-block-gallery has-nested-images columns-default is-cropped wp-block-gallery-9 is-layout-flex wp-block-gallery-is-layout-flex\">\n<figure class=\"wp-block-image size-large\"><img loading=\"lazy\" decoding=\"async\" width=\"545\" height=\"800\" data-id=\"1600\" src=\"https:\/\/www.couleursjapon.com\/blog\/wp-content\/uploads\/2023\/04\/atelier-Galla-3.jpg\" alt=\"\" class=\"wp-image-1600\" srcset=\"https:\/\/www.couleursjapon.com\/blog\/wp-content\/uploads\/2023\/04\/atelier-Galla-3.jpg 545w, https:\/\/www.couleursjapon.com\/blog\/wp-content\/uploads\/2023\/04\/atelier-Galla-3-204x300.jpg 204w\" sizes=\"auto, (max-width: 545px) 85vw, 545px\" \/><\/figure>\n\n\n\n<figure class=\"wp-block-image size-large\"><img loading=\"lazy\" decoding=\"async\" width=\"578\" height=\"800\" data-id=\"1602\" src=\"https:\/\/www.couleursjapon.com\/blog\/wp-content\/uploads\/2023\/04\/atelier-Galla-4.jpg\" alt=\"\" class=\"wp-image-1602\" srcset=\"https:\/\/www.couleursjapon.com\/blog\/wp-content\/uploads\/2023\/04\/atelier-Galla-4.jpg 578w, https:\/\/www.couleursjapon.com\/blog\/wp-content\/uploads\/2023\/04\/atelier-Galla-4-217x300.jpg 217w\" sizes=\"auto, (max-width: 578px) 85vw, 578px\" \/><\/figure>\n\n\n\n<figure class=\"wp-block-image size-large\"><img loading=\"lazy\" decoding=\"async\" width=\"800\" height=\"800\" data-id=\"1601\" src=\"https:\/\/www.couleursjapon.com\/blog\/wp-content\/uploads\/2023\/04\/atelier-Galla-rotated.jpg\" alt=\"\" class=\"wp-image-1601\" srcset=\"https:\/\/www.couleursjapon.com\/blog\/wp-content\/uploads\/2023\/04\/atelier-Galla-rotated.jpg 800w, https:\/\/www.couleursjapon.com\/blog\/wp-content\/uploads\/2023\/04\/atelier-Galla-300x300.jpg 300w, https:\/\/www.couleursjapon.com\/blog\/wp-content\/uploads\/2023\/04\/atelier-Galla-250x250.jpg 250w, https:\/\/www.couleursjapon.com\/blog\/wp-content\/uploads\/2023\/04\/atelier-Galla-768x768.jpg 768w\" sizes=\"auto, (max-width: 709px) 85vw, (max-width: 909px) 67vw, (max-width: 984px) 61vw, (max-width: 1362px) 45vw, 600px\" \/><\/figure>\n\n\n\n<figure class=\"wp-block-image size-large\"><img loading=\"lazy\" decoding=\"async\" width=\"800\" height=\"800\" data-id=\"1603\" src=\"https:\/\/www.couleursjapon.com\/blog\/wp-content\/uploads\/2023\/04\/atelier-Galla-2.jpg\" alt=\"\" class=\"wp-image-1603\" srcset=\"https:\/\/www.couleursjapon.com\/blog\/wp-content\/uploads\/2023\/04\/atelier-Galla-2.jpg 800w, https:\/\/www.couleursjapon.com\/blog\/wp-content\/uploads\/2023\/04\/atelier-Galla-2-300x300.jpg 300w, https:\/\/www.couleursjapon.com\/blog\/wp-content\/uploads\/2023\/04\/atelier-Galla-2-250x250.jpg 250w, https:\/\/www.couleursjapon.com\/blog\/wp-content\/uploads\/2023\/04\/atelier-Galla-2-768x768.jpg 768w\" sizes=\"auto, (max-width: 709px) 85vw, (max-width: 909px) 67vw, (max-width: 984px) 61vw, (max-width: 1362px) 45vw, 600px\" \/><\/figure>\n<\/figure>\n\n\n\n<p><\/p>\n\n\n\n<p>J&rsquo;ai aussi profit\u00e9 du Make &amp; Take <em>Going Round in Circles<\/em> propos\u00e9 par <em><a href=\"https:\/\/www.instagram.com\/hermader\/?hl=fr\" target=\"_blank\" rel=\"noreferrer noopener\">Herma de Ruiter<\/a><\/em> avec <em>Wonderfil<\/em>. Une exposition de ses cr\u00e9ations \u00e9tait \u00e9galement pr\u00e9sent\u00e9e sur le stand de Wonderfil. Je vous en reparlerai <a href=\"https:\/\/www.couleursjapon.com\/blog\/going-round-in-circles-initiation-creative-au-boro\/\" target=\"_blank\" rel=\"noreferrer noopener\">plus en d\u00e9tail dans un autre article<\/a>.<\/p>\n\n\n\n<figure class=\"wp-block-gallery has-nested-images columns-default is-cropped wp-block-gallery-10 is-layout-flex wp-block-gallery-is-layout-flex\">\n<figure class=\"wp-block-image size-large\"><img loading=\"lazy\" decoding=\"async\" width=\"800\" height=\"800\" data-id=\"1597\" src=\"https:\/\/www.couleursjapon.com\/blog\/wp-content\/uploads\/2023\/04\/Herma-de-Ruiter-4-rotated.jpg\" alt=\"\" class=\"wp-image-1597\" srcset=\"https:\/\/www.couleursjapon.com\/blog\/wp-content\/uploads\/2023\/04\/Herma-de-Ruiter-4-rotated.jpg 800w, https:\/\/www.couleursjapon.com\/blog\/wp-content\/uploads\/2023\/04\/Herma-de-Ruiter-4-300x300.jpg 300w, https:\/\/www.couleursjapon.com\/blog\/wp-content\/uploads\/2023\/04\/Herma-de-Ruiter-4-250x250.jpg 250w, https:\/\/www.couleursjapon.com\/blog\/wp-content\/uploads\/2023\/04\/Herma-de-Ruiter-4-768x768.jpg 768w\" sizes=\"auto, (max-width: 709px) 85vw, (max-width: 909px) 67vw, (max-width: 984px) 61vw, (max-width: 1362px) 45vw, 600px\" \/><\/figure>\n\n\n\n<figure class=\"wp-block-image size-large\"><img loading=\"lazy\" decoding=\"async\" width=\"800\" height=\"800\" data-id=\"1595\" src=\"https:\/\/www.couleursjapon.com\/blog\/wp-content\/uploads\/2023\/04\/Herma-de-Ruiter-rotated.jpg\" alt=\"\" class=\"wp-image-1595\" srcset=\"https:\/\/www.couleursjapon.com\/blog\/wp-content\/uploads\/2023\/04\/Herma-de-Ruiter-rotated.jpg 800w, https:\/\/www.couleursjapon.com\/blog\/wp-content\/uploads\/2023\/04\/Herma-de-Ruiter-300x300.jpg 300w, https:\/\/www.couleursjapon.com\/blog\/wp-content\/uploads\/2023\/04\/Herma-de-Ruiter-250x250.jpg 250w, https:\/\/www.couleursjapon.com\/blog\/wp-content\/uploads\/2023\/04\/Herma-de-Ruiter-768x768.jpg 768w\" sizes=\"auto, (max-width: 709px) 85vw, (max-width: 909px) 67vw, (max-width: 984px) 61vw, (max-width: 1362px) 45vw, 600px\" \/><\/figure>\n\n\n\n<figure class=\"wp-block-image size-large\"><img loading=\"lazy\" decoding=\"async\" width=\"800\" height=\"800\" data-id=\"1594\" src=\"https:\/\/www.couleursjapon.com\/blog\/wp-content\/uploads\/2023\/04\/Herma-de-Ruiter-5-rotated.jpg\" alt=\"\" class=\"wp-image-1594\" srcset=\"https:\/\/www.couleursjapon.com\/blog\/wp-content\/uploads\/2023\/04\/Herma-de-Ruiter-5-rotated.jpg 800w, https:\/\/www.couleursjapon.com\/blog\/wp-content\/uploads\/2023\/04\/Herma-de-Ruiter-5-300x300.jpg 300w, https:\/\/www.couleursjapon.com\/blog\/wp-content\/uploads\/2023\/04\/Herma-de-Ruiter-5-250x250.jpg 250w, https:\/\/www.couleursjapon.com\/blog\/wp-content\/uploads\/2023\/04\/Herma-de-Ruiter-5-768x768.jpg 768w\" sizes=\"auto, (max-width: 709px) 85vw, (max-width: 909px) 67vw, (max-width: 984px) 61vw, (max-width: 1362px) 45vw, 600px\" \/><\/figure>\n\n\n\n<figure class=\"wp-block-image size-large\"><img loading=\"lazy\" decoding=\"async\" width=\"1000\" height=\"1000\" data-id=\"1598\" src=\"https:\/\/www.couleursjapon.com\/blog\/wp-content\/uploads\/2023\/04\/Herma-de-Ruiter-2-1000x1000.jpg\" alt=\"\" class=\"wp-image-1598\" srcset=\"https:\/\/www.couleursjapon.com\/blog\/wp-content\/uploads\/2023\/04\/Herma-de-Ruiter-2-1000x1000.jpg 1000w, https:\/\/www.couleursjapon.com\/blog\/wp-content\/uploads\/2023\/04\/Herma-de-Ruiter-2-300x300.jpg 300w, https:\/\/www.couleursjapon.com\/blog\/wp-content\/uploads\/2023\/04\/Herma-de-Ruiter-2-250x250.jpg 250w, https:\/\/www.couleursjapon.com\/blog\/wp-content\/uploads\/2023\/04\/Herma-de-Ruiter-2-768x768.jpg 768w, https:\/\/www.couleursjapon.com\/blog\/wp-content\/uploads\/2023\/04\/Herma-de-Ruiter-2-1536x1536.jpg 1536w, https:\/\/www.couleursjapon.com\/blog\/wp-content\/uploads\/2023\/04\/Herma-de-Ruiter-2-2048x2048.jpg 2048w, https:\/\/www.couleursjapon.com\/blog\/wp-content\/uploads\/2023\/04\/Herma-de-Ruiter-2-1200x1200.jpg 1200w\" sizes=\"auto, (max-width: 709px) 85vw, (max-width: 909px) 67vw, (max-width: 1362px) 62vw, 840px\" \/><\/figure>\n\n\n\n<figure class=\"wp-block-image size-large\"><img loading=\"lazy\" decoding=\"async\" width=\"800\" height=\"800\" data-id=\"1596\" src=\"https:\/\/www.couleursjapon.com\/blog\/wp-content\/uploads\/2023\/04\/Herma-de-Ruiter-3-rotated.jpg\" alt=\"\" class=\"wp-image-1596\" srcset=\"https:\/\/www.couleursjapon.com\/blog\/wp-content\/uploads\/2023\/04\/Herma-de-Ruiter-3-rotated.jpg 800w, https:\/\/www.couleursjapon.com\/blog\/wp-content\/uploads\/2023\/04\/Herma-de-Ruiter-3-300x300.jpg 300w, https:\/\/www.couleursjapon.com\/blog\/wp-content\/uploads\/2023\/04\/Herma-de-Ruiter-3-250x250.jpg 250w, https:\/\/www.couleursjapon.com\/blog\/wp-content\/uploads\/2023\/04\/Herma-de-Ruiter-3-768x768.jpg 768w\" sizes=\"auto, (max-width: 709px) 85vw, (max-width: 909px) 67vw, (max-width: 984px) 61vw, (max-width: 1362px) 45vw, 600px\" \/><\/figure>\n<\/figure>\n","protected":false},"excerpt":{"rendered":"<p>Retrouvez mon compte-rendu du salon Pour l&rsquo;Amour du fil 2023 : expositions patchwork, ateliers, stands.<\/p>\n","protected":false},"author":1,"featured_media":1545,"comment_status":"open","ping_status":"open","sticky":false,"template":"","format":"standard","meta":{"footnotes":""},"categories":[7],"tags":[359,469,25,42],"class_list":["post-1542","post","type-post","status-publish","format-standard","has-post-thumbnail","hentry","category-actualites","tag-patchwork","tag-pour-lamour-du-fil","tag-salon","tag-tissu"],"yoast_head":"<!-- This site is optimized with the Yoast SEO plugin v27.3 - https:\/\/yoast.com\/product\/yoast-seo-wordpress\/ -->\n<title>Salon patchwork : pour l&#039;Amour du Fil 2023 - Couleurs Japon<\/title>\n<meta name=\"description\" content=\"Retrouvez mon compte rendu du salon patchwork et arts du fil Pour l&#039;Amour du Fil 2023 : une \u00e9dition tr\u00e8s r\u00e9ussie\" \/>\n<meta name=\"robots\" content=\"index, follow, max-snippet:-1, max-image-preview:large, max-video-preview:-1\" \/>\n<link rel=\"canonical\" href=\"https:\/\/www.couleursjapon.com\/blog\/salon-patchwork-pour-lamour-du-fil-2023\/\" \/>\n<meta property=\"og:locale\" content=\"fr_FR\" \/>\n<meta property=\"og:type\" content=\"article\" \/>\n<meta property=\"og:title\" content=\"Salon patchwork : pour l&#039;Amour du Fil 2023 - Couleurs Japon\" \/>\n<meta property=\"og:description\" content=\"Retrouvez mon compte rendu du salon patchwork et arts du fil Pour l&#039;Amour du Fil 2023 : une \u00e9dition tr\u00e8s r\u00e9ussie\" \/>\n<meta property=\"og:url\" content=\"https:\/\/www.couleursjapon.com\/blog\/salon-patchwork-pour-lamour-du-fil-2023\/\" \/>\n<meta property=\"og:site_name\" content=\"Couleurs Japon\" \/>\n<meta property=\"article:publisher\" content=\"https:\/\/www.facebook.com\/CouleursJapon\/\" \/>\n<meta property=\"article:published_time\" content=\"2023-04-26T09:35:03+00:00\" \/>\n<meta property=\"article:modified_time\" content=\"2023-05-04T16:25:10+00:00\" \/>\n<meta property=\"og:image\" content=\"https:\/\/www.couleursjapon.com\/blog\/wp-content\/uploads\/2023\/04\/stands-Amour-du-Fil-2023-scaled.jpg\" \/>\n\t<meta property=\"og:image:width\" content=\"2560\" \/>\n\t<meta property=\"og:image:height\" content=\"2560\" \/>\n\t<meta property=\"og:image:type\" content=\"image\/jpeg\" \/>\n<meta name=\"author\" content=\"Pascaline\" \/>\n<meta name=\"twitter:card\" content=\"summary_large_image\" \/>\n<meta name=\"twitter:label1\" content=\"\u00c9crit par\" \/>\n\t<meta name=\"twitter:data1\" content=\"Pascaline\" \/>\n\t<meta name=\"twitter:label2\" content=\"Dur\u00e9e de lecture estim\u00e9e\" \/>\n\t<meta name=\"twitter:data2\" content=\"11 minutes\" \/>\n<script type=\"application\/ld+json\" class=\"yoast-schema-graph\">{\"@context\":\"https:\\\/\\\/schema.org\",\"@graph\":[{\"@type\":\"Article\",\"@id\":\"https:\\\/\\\/www.couleursjapon.com\\\/blog\\\/salon-patchwork-pour-lamour-du-fil-2023\\\/#article\",\"isPartOf\":{\"@id\":\"https:\\\/\\\/www.couleursjapon.com\\\/blog\\\/salon-patchwork-pour-lamour-du-fil-2023\\\/\"},\"author\":{\"name\":\"Pascaline\",\"@id\":\"https:\\\/\\\/www.couleursjapon.com\\\/blog\\\/#\\\/schema\\\/person\\\/6cfac89a7be4e2bd871f9340169acd3b\"},\"headline\":\"Salon patchwork : pour l&rsquo;Amour du Fil 2023\",\"datePublished\":\"2023-04-26T09:35:03+00:00\",\"dateModified\":\"2023-05-04T16:25:10+00:00\",\"mainEntityOfPage\":{\"@id\":\"https:\\\/\\\/www.couleursjapon.com\\\/blog\\\/salon-patchwork-pour-lamour-du-fil-2023\\\/\"},\"wordCount\":597,\"commentCount\":0,\"publisher\":{\"@id\":\"https:\\\/\\\/www.couleursjapon.com\\\/blog\\\/#organization\"},\"image\":{\"@id\":\"https:\\\/\\\/www.couleursjapon.com\\\/blog\\\/salon-patchwork-pour-lamour-du-fil-2023\\\/#primaryimage\"},\"thumbnailUrl\":\"https:\\\/\\\/www.couleursjapon.com\\\/blog\\\/wp-content\\\/uploads\\\/2023\\\/04\\\/stands-Amour-du-Fil-2023-scaled.jpg\",\"keywords\":[\"patchwork\",\"Pour l&#039;Amour du Fil\",\"salon\",\"tissu\"],\"articleSection\":[\"Actualit\u00e9s\\\/News\"],\"inLanguage\":\"fr-FR\",\"potentialAction\":[{\"@type\":\"CommentAction\",\"name\":\"Comment\",\"target\":[\"https:\\\/\\\/www.couleursjapon.com\\\/blog\\\/salon-patchwork-pour-lamour-du-fil-2023\\\/#respond\"]}]},{\"@type\":\"WebPage\",\"@id\":\"https:\\\/\\\/www.couleursjapon.com\\\/blog\\\/salon-patchwork-pour-lamour-du-fil-2023\\\/\",\"url\":\"https:\\\/\\\/www.couleursjapon.com\\\/blog\\\/salon-patchwork-pour-lamour-du-fil-2023\\\/\",\"name\":\"Salon patchwork : pour l'Amour du Fil 2023 - Couleurs Japon\",\"isPartOf\":{\"@id\":\"https:\\\/\\\/www.couleursjapon.com\\\/blog\\\/#website\"},\"primaryImageOfPage\":{\"@id\":\"https:\\\/\\\/www.couleursjapon.com\\\/blog\\\/salon-patchwork-pour-lamour-du-fil-2023\\\/#primaryimage\"},\"image\":{\"@id\":\"https:\\\/\\\/www.couleursjapon.com\\\/blog\\\/salon-patchwork-pour-lamour-du-fil-2023\\\/#primaryimage\"},\"thumbnailUrl\":\"https:\\\/\\\/www.couleursjapon.com\\\/blog\\\/wp-content\\\/uploads\\\/2023\\\/04\\\/stands-Amour-du-Fil-2023-scaled.jpg\",\"datePublished\":\"2023-04-26T09:35:03+00:00\",\"dateModified\":\"2023-05-04T16:25:10+00:00\",\"description\":\"Retrouvez mon compte rendu du salon patchwork et arts du fil Pour l'Amour du Fil 2023 : une \u00e9dition tr\u00e8s r\u00e9ussie\",\"breadcrumb\":{\"@id\":\"https:\\\/\\\/www.couleursjapon.com\\\/blog\\\/salon-patchwork-pour-lamour-du-fil-2023\\\/#breadcrumb\"},\"inLanguage\":\"fr-FR\",\"potentialAction\":[{\"@type\":\"ReadAction\",\"target\":[\"https:\\\/\\\/www.couleursjapon.com\\\/blog\\\/salon-patchwork-pour-lamour-du-fil-2023\\\/\"]}]},{\"@type\":\"ImageObject\",\"inLanguage\":\"fr-FR\",\"@id\":\"https:\\\/\\\/www.couleursjapon.com\\\/blog\\\/salon-patchwork-pour-lamour-du-fil-2023\\\/#primaryimage\",\"url\":\"https:\\\/\\\/www.couleursjapon.com\\\/blog\\\/wp-content\\\/uploads\\\/2023\\\/04\\\/stands-Amour-du-Fil-2023-scaled.jpg\",\"contentUrl\":\"https:\\\/\\\/www.couleursjapon.com\\\/blog\\\/wp-content\\\/uploads\\\/2023\\\/04\\\/stands-Amour-du-Fil-2023-scaled.jpg\",\"width\":2560,\"height\":2560,\"caption\":\"Pour l'Amour du Fil 2023\"},{\"@type\":\"BreadcrumbList\",\"@id\":\"https:\\\/\\\/www.couleursjapon.com\\\/blog\\\/salon-patchwork-pour-lamour-du-fil-2023\\\/#breadcrumb\",\"itemListElement\":[{\"@type\":\"ListItem\",\"position\":1,\"name\":\"Accueil\",\"item\":\"https:\\\/\\\/www.couleursjapon.com\\\/blog\\\/\"},{\"@type\":\"ListItem\",\"position\":2,\"name\":\"Salon patchwork : pour l&rsquo;Amour du Fil 2023\"}]},{\"@type\":\"WebSite\",\"@id\":\"https:\\\/\\\/www.couleursjapon.com\\\/blog\\\/#website\",\"url\":\"https:\\\/\\\/www.couleursjapon.com\\\/blog\\\/\",\"name\":\"Couleurs Japon\",\"description\":\"Tissus japonais\",\"publisher\":{\"@id\":\"https:\\\/\\\/www.couleursjapon.com\\\/blog\\\/#organization\"},\"potentialAction\":[{\"@type\":\"SearchAction\",\"target\":{\"@type\":\"EntryPoint\",\"urlTemplate\":\"https:\\\/\\\/www.couleursjapon.com\\\/blog\\\/?s={search_term_string}\"},\"query-input\":{\"@type\":\"PropertyValueSpecification\",\"valueRequired\":true,\"valueName\":\"search_term_string\"}}],\"inLanguage\":\"fr-FR\"},{\"@type\":\"Organization\",\"@id\":\"https:\\\/\\\/www.couleursjapon.com\\\/blog\\\/#organization\",\"name\":\"Couleurs Japon\",\"url\":\"https:\\\/\\\/www.couleursjapon.com\\\/blog\\\/\",\"logo\":{\"@type\":\"ImageObject\",\"inLanguage\":\"fr-FR\",\"@id\":\"https:\\\/\\\/www.couleursjapon.com\\\/blog\\\/#\\\/schema\\\/logo\\\/image\\\/\",\"url\":\"https:\\\/\\\/www.couleursjapon.com\\\/blog\\\/wp-content\\\/uploads\\\/2020\\\/10\\\/couleurs-japon-logo-1.png\",\"contentUrl\":\"https:\\\/\\\/www.couleursjapon.com\\\/blog\\\/wp-content\\\/uploads\\\/2020\\\/10\\\/couleurs-japon-logo-1.png\",\"width\":400,\"height\":77,\"caption\":\"Couleurs Japon\"},\"image\":{\"@id\":\"https:\\\/\\\/www.couleursjapon.com\\\/blog\\\/#\\\/schema\\\/logo\\\/image\\\/\"},\"sameAs\":[\"https:\\\/\\\/www.facebook.com\\\/CouleursJapon\\\/\",\"https:\\\/\\\/www.instagram.com\\\/couleursjapon\",\"https:\\\/\\\/www.pinterest.fr\\\/couleursjapon\\\/\"]},{\"@type\":\"Person\",\"@id\":\"https:\\\/\\\/www.couleursjapon.com\\\/blog\\\/#\\\/schema\\\/person\\\/6cfac89a7be4e2bd871f9340169acd3b\",\"name\":\"Pascaline\",\"image\":{\"@type\":\"ImageObject\",\"inLanguage\":\"fr-FR\",\"@id\":\"https:\\\/\\\/secure.gravatar.com\\\/avatar\\\/b9c6a29f8912cdfda78bfc45075e0ff0865b74e5ddd9b600e5e618c78b531d8b?s=96&d=mm&r=g\",\"url\":\"https:\\\/\\\/secure.gravatar.com\\\/avatar\\\/b9c6a29f8912cdfda78bfc45075e0ff0865b74e5ddd9b600e5e618c78b531d8b?s=96&d=mm&r=g\",\"contentUrl\":\"https:\\\/\\\/secure.gravatar.com\\\/avatar\\\/b9c6a29f8912cdfda78bfc45075e0ff0865b74e5ddd9b600e5e618c78b531d8b?s=96&d=mm&r=g\",\"caption\":\"Pascaline\"},\"sameAs\":[\"http:\\\/\\\/www.couleursjapon.com\"]}]}<\/script>\n<!-- \/ Yoast SEO plugin. -->","yoast_head_json":{"title":"Salon patchwork : pour l'Amour du Fil 2023 - Couleurs Japon","description":"Retrouvez mon compte rendu du salon patchwork et arts du fil Pour l'Amour du Fil 2023 : une \u00e9dition tr\u00e8s r\u00e9ussie","robots":{"index":"index","follow":"follow","max-snippet":"max-snippet:-1","max-image-preview":"max-image-preview:large","max-video-preview":"max-video-preview:-1"},"canonical":"https:\/\/www.couleursjapon.com\/blog\/salon-patchwork-pour-lamour-du-fil-2023\/","og_locale":"fr_FR","og_type":"article","og_title":"Salon patchwork : pour l'Amour du Fil 2023 - Couleurs Japon","og_description":"Retrouvez mon compte rendu du salon patchwork et arts du fil Pour l'Amour du Fil 2023 : une \u00e9dition tr\u00e8s r\u00e9ussie","og_url":"https:\/\/www.couleursjapon.com\/blog\/salon-patchwork-pour-lamour-du-fil-2023\/","og_site_name":"Couleurs Japon","article_publisher":"https:\/\/www.facebook.com\/CouleursJapon\/","article_published_time":"2023-04-26T09:35:03+00:00","article_modified_time":"2023-05-04T16:25:10+00:00","og_image":[{"width":2560,"height":2560,"url":"https:\/\/www.couleursjapon.com\/blog\/wp-content\/uploads\/2023\/04\/stands-Amour-du-Fil-2023-scaled.jpg","type":"image\/jpeg"}],"author":"Pascaline","twitter_card":"summary_large_image","twitter_misc":{"\u00c9crit par":"Pascaline","Dur\u00e9e de lecture estim\u00e9e":"11 minutes"},"schema":{"@context":"https:\/\/schema.org","@graph":[{"@type":"Article","@id":"https:\/\/www.couleursjapon.com\/blog\/salon-patchwork-pour-lamour-du-fil-2023\/#article","isPartOf":{"@id":"https:\/\/www.couleursjapon.com\/blog\/salon-patchwork-pour-lamour-du-fil-2023\/"},"author":{"name":"Pascaline","@id":"https:\/\/www.couleursjapon.com\/blog\/#\/schema\/person\/6cfac89a7be4e2bd871f9340169acd3b"},"headline":"Salon patchwork : pour l&rsquo;Amour du Fil 2023","datePublished":"2023-04-26T09:35:03+00:00","dateModified":"2023-05-04T16:25:10+00:00","mainEntityOfPage":{"@id":"https:\/\/www.couleursjapon.com\/blog\/salon-patchwork-pour-lamour-du-fil-2023\/"},"wordCount":597,"commentCount":0,"publisher":{"@id":"https:\/\/www.couleursjapon.com\/blog\/#organization"},"image":{"@id":"https:\/\/www.couleursjapon.com\/blog\/salon-patchwork-pour-lamour-du-fil-2023\/#primaryimage"},"thumbnailUrl":"https:\/\/www.couleursjapon.com\/blog\/wp-content\/uploads\/2023\/04\/stands-Amour-du-Fil-2023-scaled.jpg","keywords":["patchwork","Pour l&#039;Amour du Fil","salon","tissu"],"articleSection":["Actualit\u00e9s\/News"],"inLanguage":"fr-FR","potentialAction":[{"@type":"CommentAction","name":"Comment","target":["https:\/\/www.couleursjapon.com\/blog\/salon-patchwork-pour-lamour-du-fil-2023\/#respond"]}]},{"@type":"WebPage","@id":"https:\/\/www.couleursjapon.com\/blog\/salon-patchwork-pour-lamour-du-fil-2023\/","url":"https:\/\/www.couleursjapon.com\/blog\/salon-patchwork-pour-lamour-du-fil-2023\/","name":"Salon patchwork : pour l'Amour du Fil 2023 - Couleurs Japon","isPartOf":{"@id":"https:\/\/www.couleursjapon.com\/blog\/#website"},"primaryImageOfPage":{"@id":"https:\/\/www.couleursjapon.com\/blog\/salon-patchwork-pour-lamour-du-fil-2023\/#primaryimage"},"image":{"@id":"https:\/\/www.couleursjapon.com\/blog\/salon-patchwork-pour-lamour-du-fil-2023\/#primaryimage"},"thumbnailUrl":"https:\/\/www.couleursjapon.com\/blog\/wp-content\/uploads\/2023\/04\/stands-Amour-du-Fil-2023-scaled.jpg","datePublished":"2023-04-26T09:35:03+00:00","dateModified":"2023-05-04T16:25:10+00:00","description":"Retrouvez mon compte rendu du salon patchwork et arts du fil Pour l'Amour du Fil 2023 : une \u00e9dition tr\u00e8s r\u00e9ussie","breadcrumb":{"@id":"https:\/\/www.couleursjapon.com\/blog\/salon-patchwork-pour-lamour-du-fil-2023\/#breadcrumb"},"inLanguage":"fr-FR","potentialAction":[{"@type":"ReadAction","target":["https:\/\/www.couleursjapon.com\/blog\/salon-patchwork-pour-lamour-du-fil-2023\/"]}]},{"@type":"ImageObject","inLanguage":"fr-FR","@id":"https:\/\/www.couleursjapon.com\/blog\/salon-patchwork-pour-lamour-du-fil-2023\/#primaryimage","url":"https:\/\/www.couleursjapon.com\/blog\/wp-content\/uploads\/2023\/04\/stands-Amour-du-Fil-2023-scaled.jpg","contentUrl":"https:\/\/www.couleursjapon.com\/blog\/wp-content\/uploads\/2023\/04\/stands-Amour-du-Fil-2023-scaled.jpg","width":2560,"height":2560,"caption":"Pour l'Amour du Fil 2023"},{"@type":"BreadcrumbList","@id":"https:\/\/www.couleursjapon.com\/blog\/salon-patchwork-pour-lamour-du-fil-2023\/#breadcrumb","itemListElement":[{"@type":"ListItem","position":1,"name":"Accueil","item":"https:\/\/www.couleursjapon.com\/blog\/"},{"@type":"ListItem","position":2,"name":"Salon patchwork : pour l&rsquo;Amour du Fil 2023"}]},{"@type":"WebSite","@id":"https:\/\/www.couleursjapon.com\/blog\/#website","url":"https:\/\/www.couleursjapon.com\/blog\/","name":"Couleurs Japon","description":"Tissus japonais","publisher":{"@id":"https:\/\/www.couleursjapon.com\/blog\/#organization"},"potentialAction":[{"@type":"SearchAction","target":{"@type":"EntryPoint","urlTemplate":"https:\/\/www.couleursjapon.com\/blog\/?s={search_term_string}"},"query-input":{"@type":"PropertyValueSpecification","valueRequired":true,"valueName":"search_term_string"}}],"inLanguage":"fr-FR"},{"@type":"Organization","@id":"https:\/\/www.couleursjapon.com\/blog\/#organization","name":"Couleurs Japon","url":"https:\/\/www.couleursjapon.com\/blog\/","logo":{"@type":"ImageObject","inLanguage":"fr-FR","@id":"https:\/\/www.couleursjapon.com\/blog\/#\/schema\/logo\/image\/","url":"https:\/\/www.couleursjapon.com\/blog\/wp-content\/uploads\/2020\/10\/couleurs-japon-logo-1.png","contentUrl":"https:\/\/www.couleursjapon.com\/blog\/wp-content\/uploads\/2020\/10\/couleurs-japon-logo-1.png","width":400,"height":77,"caption":"Couleurs Japon"},"image":{"@id":"https:\/\/www.couleursjapon.com\/blog\/#\/schema\/logo\/image\/"},"sameAs":["https:\/\/www.facebook.com\/CouleursJapon\/","https:\/\/www.instagram.com\/couleursjapon","https:\/\/www.pinterest.fr\/couleursjapon\/"]},{"@type":"Person","@id":"https:\/\/www.couleursjapon.com\/blog\/#\/schema\/person\/6cfac89a7be4e2bd871f9340169acd3b","name":"Pascaline","image":{"@type":"ImageObject","inLanguage":"fr-FR","@id":"https:\/\/secure.gravatar.com\/avatar\/b9c6a29f8912cdfda78bfc45075e0ff0865b74e5ddd9b600e5e618c78b531d8b?s=96&d=mm&r=g","url":"https:\/\/secure.gravatar.com\/avatar\/b9c6a29f8912cdfda78bfc45075e0ff0865b74e5ddd9b600e5e618c78b531d8b?s=96&d=mm&r=g","contentUrl":"https:\/\/secure.gravatar.com\/avatar\/b9c6a29f8912cdfda78bfc45075e0ff0865b74e5ddd9b600e5e618c78b531d8b?s=96&d=mm&r=g","caption":"Pascaline"},"sameAs":["http:\/\/www.couleursjapon.com"]}]}},"_links":{"self":[{"href":"https:\/\/www.couleursjapon.com\/blog\/wp-json\/wp\/v2\/posts\/1542","targetHints":{"allow":["GET"]}}],"collection":[{"href":"https:\/\/www.couleursjapon.com\/blog\/wp-json\/wp\/v2\/posts"}],"about":[{"href":"https:\/\/www.couleursjapon.com\/blog\/wp-json\/wp\/v2\/types\/post"}],"author":[{"embeddable":true,"href":"https:\/\/www.couleursjapon.com\/blog\/wp-json\/wp\/v2\/users\/1"}],"replies":[{"embeddable":true,"href":"https:\/\/www.couleursjapon.com\/blog\/wp-json\/wp\/v2\/comments?post=1542"}],"version-history":[{"count":28,"href":"https:\/\/www.couleursjapon.com\/blog\/wp-json\/wp\/v2\/posts\/1542\/revisions"}],"predecessor-version":[{"id":1635,"href":"https:\/\/www.couleursjapon.com\/blog\/wp-json\/wp\/v2\/posts\/1542\/revisions\/1635"}],"wp:featuredmedia":[{"embeddable":true,"href":"https:\/\/www.couleursjapon.com\/blog\/wp-json\/wp\/v2\/media\/1545"}],"wp:attachment":[{"href":"https:\/\/www.couleursjapon.com\/blog\/wp-json\/wp\/v2\/media?parent=1542"}],"wp:term":[{"taxonomy":"category","embeddable":true,"href":"https:\/\/www.couleursjapon.com\/blog\/wp-json\/wp\/v2\/categories?post=1542"},{"taxonomy":"post_tag","embeddable":true,"href":"https:\/\/www.couleursjapon.com\/blog\/wp-json\/wp\/v2\/tags?post=1542"}],"curies":[{"name":"wp","href":"https:\/\/api.w.org\/{rel}","templated":true}]}}