{"id":1523,"date":"2022-05-05T16:29:43","date_gmt":"2022-05-05T15:29:43","guid":{"rendered":"https:\/\/www.couleursjapon.com\/blog\/?p=1523"},"modified":"2023-04-26T11:17:47","modified_gmt":"2023-04-26T10:17:47","slug":"knit-at-motoco-les-21-et-22-mai-2022-a-mulhouse-laines-japonaises","status":"publish","type":"post","link":"https:\/\/www.couleursjapon.com\/blog\/knit-at-motoco-les-21-et-22-mai-2022-a-mulhouse-laines-japonaises\/","title":{"rendered":"Knit at Motoco les 21 et 22 mai 2022 \u00e0 Mulhouse &#8211; laines japonaises"},"content":{"rendered":"\n<p>Retrouvez Couleurs Japon et ses laines japonaises les 21 et 22 mai \u00e0 Mulhouse pour l&rsquo;exposition Knit at Motoco.<\/p>\n\n\n<div class=\"wp-block-image\">\n<figure class=\"aligncenter size-full\"><img loading=\"lazy\" decoding=\"async\" width=\"398\" height=\"600\" src=\"https:\/\/www.couleursjapon.com\/blog\/wp-content\/uploads\/2022\/05\/affiche-Knit-at-Motoco.jpg\" alt=\"\" class=\"wp-image-1526\" srcset=\"https:\/\/www.couleursjapon.com\/blog\/wp-content\/uploads\/2022\/05\/affiche-Knit-at-Motoco.jpg 398w, https:\/\/www.couleursjapon.com\/blog\/wp-content\/uploads\/2022\/05\/affiche-Knit-at-Motoco-199x300.jpg 199w\" sizes=\"auto, (max-width: 398px) 85vw, 398px\" \/><figcaption class=\"wp-element-caption\">Knit at Motoco &#8211; 21 et 22 mai 2022<\/figcaption><\/figure>\n<\/div>\n\n\n<p>Un \u00e9v\u00e9nement autour de la laine, du tricot et du crochet avec des exposants, des ateliers, des initiations gratuites, une conf\u00e9rence, une nuit du tricot le samedi soir (d\u00e9j\u00e0 complet) et des foods trucks.<\/p>\n\n\n\n<p>Lieu : Motoco, 13 rue de Pfastatt, 68200 Mulhouse<\/p>\n\n\n\n<p>Horaires : samedi de 9h30 \u00e0 18h00 et dimanche de 9h30 \u00e0 17h00<\/p>\n\n\n\n<p>Entr\u00e9e : 4\u20ac la journ\u00e9e et 6\u20ac le week-end.<\/p>\n\n\n\n<p>Lien vers les billets d&rsquo;entr\u00e9e et l&rsquo;inscription aux cours : <a href=\"https:\/\/www.helloasso.com\/associations\/fil-a-lier\/evenements\/knit-at-motoco-2022\" target=\"_blank\" rel=\"noreferrer noopener\">https:\/\/www.helloasso.com\/associations\/fil-a-lier\/evenements\/knit-at-motoco-2022<\/a><\/p>\n\n\n<div class=\"wp-block-image\">\n<figure class=\"aligncenter size-large is-resized\"><img loading=\"lazy\" decoding=\"async\" src=\"https:\/\/www.couleursjapon.com\/blog\/wp-content\/uploads\/2022\/05\/knit-at-motoco-1000x1000.png\" alt=\"D\u00e9couvrez les laines japonais de Couleurs Japon\" class=\"wp-image-1524\" width=\"435\" height=\"435\" srcset=\"https:\/\/www.couleursjapon.com\/blog\/wp-content\/uploads\/2022\/05\/knit-at-motoco-1000x1000.png 1000w, https:\/\/www.couleursjapon.com\/blog\/wp-content\/uploads\/2022\/05\/knit-at-motoco-300x300.png 300w, https:\/\/www.couleursjapon.com\/blog\/wp-content\/uploads\/2022\/05\/knit-at-motoco-250x250.png 250w, https:\/\/www.couleursjapon.com\/blog\/wp-content\/uploads\/2022\/05\/knit-at-motoco-768x768.png 768w, https:\/\/www.couleursjapon.com\/blog\/wp-content\/uploads\/2022\/05\/knit-at-motoco.png 1180w\" sizes=\"auto, (max-width: 435px) 85vw, 435px\" \/><figcaption class=\"wp-element-caption\">Retrouvez Couleurs Japon et ses laines japonaises les 21 et 22 mai \u00e0 Mulhouse pour Knit at Motoco<\/figcaption><\/figure>\n<\/div>\n\n\n<p>Retrouvez entre autres sur le stand <a href=\"https:\/\/couleursjapon.com\/fr\/148-genmou\" target=\"_blank\" rel=\"noreferrer noopener\">Genmou<\/a>, 2 fils de merinos enroul\u00e9s autour de laine brute pour un toucher incroyablement doux. D\u00e9couvrez aussi Geek, la laine l\u00e9g\u00e8re aux m\u00e9langes de 2 couleurs pop pour des cr\u00e9ations originales. Laine fil\u00e9e et teinte \u00e0 Bishu dans la pr\u00e9fecture d&rsquo;Aishi, le haut lieu de la laine japonaise.<\/p>\n\n\n\n<p><br>Pour compl\u00e9ter vos projets, j&rsquo;aurais \u00e9galement en nouveaut\u00e9 de jolis boutons made in France pour de jolies finitions. Je proposerai aussi quelques accessoires tricots.<\/p>\n\n\n\n<p>Les autres exposants : <a href=\"https:\/\/aurinkokehra.fi\/?lang=fr\" target=\"_blank\" rel=\"noreferrer noopener\">Aurinkokehra<\/a>, <a href=\"https:\/\/www.bynightcreations.com\/laine-tous-les-produits\" target=\"_blank\" rel=\"noreferrer noopener\">By Night<\/a>, <a href=\"https:\/\/www.camelir.com\/\" target=\"_blank\" rel=\"noreferrer noopener\">Camelir<\/a>, <a href=\"https:\/\/www.instagram.com\/celinekesicboutique\/?hl=fr\" target=\"_blank\" rel=\"noreferrer noopener\">C\u00e9line Kesic Boutique<\/a>, <a href=\"https:\/\/elineetlaines.bigcartel.com\/\" target=\"_blank\" rel=\"noreferrer noopener\">Eline et Laines<\/a>, <a href=\"https:\/\/www.fleursdelaine.fr\/\" target=\"_blank\" rel=\"noreferrer noopener\">Fleurs de laine<\/a>, <a href=\"https:\/\/www.instantsdelouise.fr\/fr\/home\/\" target=\"_blank\" rel=\"noreferrer noopener\">Instant de Louise<\/a>, <a href=\"https:\/\/fr-fr.facebook.com\/sophie.kamalaine\/\" target=\"_blank\" rel=\"noreferrer noopener\">Kamalaine<\/a>, <a href=\"https:\/\/www.keitostudio.fr\/\" target=\"_blank\" rel=\"noreferrer noopener\">Keito Studio<\/a>, <a href=\"https:\/\/www.lacavealaine.com\/\" target=\"_blank\" rel=\"noreferrer noopener\">La Cave \u00e0 Laine<\/a>, <a href=\"http:\/\/fermesousleshiez.fr\/\" target=\"_blank\" rel=\"noreferrer noopener\">La Ferme sous les Hiez<\/a>, <a href=\"https:\/\/lainesandco.com\/\" target=\"_blank\" rel=\"noreferrer noopener\">Laines &amp; Co, Madlaine<\/a>, <a href=\"https:\/\/www.pennylaneyarns.com\/\" target=\"_blank\" rel=\"noreferrer noopener\">Penny Lane<\/a>, <a href=\"https:\/\/fr-fr.facebook.com\/Vilaines\/\" target=\"_blank\" rel=\"noreferrer noopener\">(vi)laines&nbsp;<\/a><\/p>\n","protected":false},"excerpt":{"rendered":"<p>Retrouvez Couleurs Japon et ses laines japonaises les 21 et 22 mai \u00e0 Mulhouse pour l&rsquo;exposition Knit at Motoco. Un \u00e9v\u00e9nement autour de la laine, du tricot et du crochet avec des exposants, des ateliers, des initiations gratuites, une conf\u00e9rence, une nuit du tricot le samedi soir (d\u00e9j\u00e0 complet) et des foods trucks. Lieu : &hellip; <a href=\"https:\/\/www.couleursjapon.com\/blog\/knit-at-motoco-les-21-et-22-mai-2022-a-mulhouse-laines-japonaises\/\" class=\"more-link\">Continuer la lecture<span class=\"screen-reader-text\"> de &laquo;&nbsp;Knit at Motoco les 21 et 22 mai 2022 \u00e0 Mulhouse &#8211; laines japonaises&nbsp;&raquo;<\/span><\/a><\/p>\n","protected":false},"author":1,"featured_media":0,"comment_status":"open","ping_status":"open","sticky":false,"template":"","format":"standard","meta":{"footnotes":""},"categories":[166],"tags":[],"class_list":["post-1523","post","type-post","status-publish","format-standard","hentry","category-agenda"],"yoast_head":"<!-- This site is optimized with the Yoast SEO plugin v27.3 - https:\/\/yoast.com\/product\/yoast-seo-wordpress\/ -->\n<title>Knit at Motoco les 21 et 22 mai 2022 \u00e0 Mulhouse - laines japonaises - Couleurs Japon<\/title>\n<meta name=\"description\" content=\"Retrouvez Couleurs Japon les 21 et 22 mai 2022 \u00e0 Motoco (Mulhouse - 68) avec les laines japonaises pour une expo pleine de bonne humeur !\" \/>\n<meta name=\"robots\" content=\"index, follow, max-snippet:-1, max-image-preview:large, max-video-preview:-1\" \/>\n<link rel=\"canonical\" href=\"https:\/\/www.couleursjapon.com\/blog\/knit-at-motoco-les-21-et-22-mai-2022-a-mulhouse-laines-japonaises\/\" \/>\n<meta property=\"og:locale\" content=\"fr_FR\" \/>\n<meta property=\"og:type\" content=\"article\" \/>\n<meta property=\"og:title\" content=\"Laines japonaises \u00e0 Knit at Motoco\" \/>\n<meta property=\"og:description\" content=\"Retrouvez Couleurs Japon et ses laines japonaises sur le salon Knit at Motoco les 21 et 22 mai \u00e0 Mulhouse (68)\" \/>\n<meta property=\"og:url\" content=\"https:\/\/www.couleursjapon.com\/blog\/knit-at-motoco-les-21-et-22-mai-2022-a-mulhouse-laines-japonaises\/\" \/>\n<meta property=\"og:site_name\" content=\"Couleurs Japon\" \/>\n<meta property=\"article:publisher\" content=\"https:\/\/www.facebook.com\/CouleursJapon\/\" \/>\n<meta property=\"article:published_time\" content=\"2022-05-05T15:29:43+00:00\" \/>\n<meta property=\"article:modified_time\" content=\"2023-04-26T10:17:47+00:00\" \/>\n<meta property=\"og:image\" content=\"https:\/\/www.couleursjapon.com\/blog\/wp-content\/uploads\/2022\/05\/knit-at-motoco.png\" \/>\n\t<meta property=\"og:image:width\" content=\"1180\" \/>\n\t<meta property=\"og:image:height\" content=\"1180\" \/>\n\t<meta property=\"og:image:type\" content=\"image\/png\" \/>\n<meta name=\"author\" content=\"Pascaline\" \/>\n<meta name=\"twitter:card\" content=\"summary_large_image\" \/>\n<meta name=\"twitter:title\" content=\"Des laines japonaises \u00e0 Mulhouse\" \/>\n<meta name=\"twitter:description\" content=\"Retrouvez Couleurs Japon et ses laines japonaises sur le salon Knit at Motoco les 21 et 22 mai \u00e0 Mulhouse (68)\" \/>\n<meta name=\"twitter:image\" content=\"https:\/\/www.couleursjapon.com\/blog\/wp-content\/uploads\/2022\/05\/knit-at-motoco.png\" \/>\n<meta name=\"twitter:label1\" content=\"\u00c9crit par\" \/>\n\t<meta name=\"twitter:data1\" content=\"Pascaline\" \/>\n\t<meta name=\"twitter:label2\" content=\"Dur\u00e9e de lecture estim\u00e9e\" \/>\n\t<meta name=\"twitter:data2\" content=\"2 minutes\" \/>\n<script type=\"application\/ld+json\" class=\"yoast-schema-graph\">{\"@context\":\"https:\\\/\\\/schema.org\",\"@graph\":[{\"@type\":\"Article\",\"@id\":\"https:\\\/\\\/www.couleursjapon.com\\\/blog\\\/knit-at-motoco-les-21-et-22-mai-2022-a-mulhouse-laines-japonaises\\\/#article\",\"isPartOf\":{\"@id\":\"https:\\\/\\\/www.couleursjapon.com\\\/blog\\\/knit-at-motoco-les-21-et-22-mai-2022-a-mulhouse-laines-japonaises\\\/\"},\"author\":{\"name\":\"Pascaline\",\"@id\":\"https:\\\/\\\/www.couleursjapon.com\\\/blog\\\/#\\\/schema\\\/person\\\/6cfac89a7be4e2bd871f9340169acd3b\"},\"headline\":\"Knit at Motoco les 21 et 22 mai 2022 \u00e0 Mulhouse &#8211; laines japonaises\",\"datePublished\":\"2022-05-05T15:29:43+00:00\",\"dateModified\":\"2023-04-26T10:17:47+00:00\",\"mainEntityOfPage\":{\"@id\":\"https:\\\/\\\/www.couleursjapon.com\\\/blog\\\/knit-at-motoco-les-21-et-22-mai-2022-a-mulhouse-laines-japonaises\\\/\"},\"wordCount\":255,\"commentCount\":0,\"publisher\":{\"@id\":\"https:\\\/\\\/www.couleursjapon.com\\\/blog\\\/#organization\"},\"image\":{\"@id\":\"https:\\\/\\\/www.couleursjapon.com\\\/blog\\\/knit-at-motoco-les-21-et-22-mai-2022-a-mulhouse-laines-japonaises\\\/#primaryimage\"},\"thumbnailUrl\":\"https:\\\/\\\/www.couleursjapon.com\\\/blog\\\/wp-content\\\/uploads\\\/2022\\\/05\\\/affiche-Knit-at-Motoco.jpg\",\"articleSection\":[\"Agenda\"],\"inLanguage\":\"fr-FR\",\"potentialAction\":[{\"@type\":\"CommentAction\",\"name\":\"Comment\",\"target\":[\"https:\\\/\\\/www.couleursjapon.com\\\/blog\\\/knit-at-motoco-les-21-et-22-mai-2022-a-mulhouse-laines-japonaises\\\/#respond\"]}]},{\"@type\":\"WebPage\",\"@id\":\"https:\\\/\\\/www.couleursjapon.com\\\/blog\\\/knit-at-motoco-les-21-et-22-mai-2022-a-mulhouse-laines-japonaises\\\/\",\"url\":\"https:\\\/\\\/www.couleursjapon.com\\\/blog\\\/knit-at-motoco-les-21-et-22-mai-2022-a-mulhouse-laines-japonaises\\\/\",\"name\":\"Knit at Motoco les 21 et 22 mai 2022 \u00e0 Mulhouse - laines japonaises - Couleurs Japon\",\"isPartOf\":{\"@id\":\"https:\\\/\\\/www.couleursjapon.com\\\/blog\\\/#website\"},\"primaryImageOfPage\":{\"@id\":\"https:\\\/\\\/www.couleursjapon.com\\\/blog\\\/knit-at-motoco-les-21-et-22-mai-2022-a-mulhouse-laines-japonaises\\\/#primaryimage\"},\"image\":{\"@id\":\"https:\\\/\\\/www.couleursjapon.com\\\/blog\\\/knit-at-motoco-les-21-et-22-mai-2022-a-mulhouse-laines-japonaises\\\/#primaryimage\"},\"thumbnailUrl\":\"https:\\\/\\\/www.couleursjapon.com\\\/blog\\\/wp-content\\\/uploads\\\/2022\\\/05\\\/affiche-Knit-at-Motoco.jpg\",\"datePublished\":\"2022-05-05T15:29:43+00:00\",\"dateModified\":\"2023-04-26T10:17:47+00:00\",\"description\":\"Retrouvez Couleurs Japon les 21 et 22 mai 2022 \u00e0 Motoco (Mulhouse - 68) avec les laines japonaises pour une expo pleine de bonne humeur !\",\"breadcrumb\":{\"@id\":\"https:\\\/\\\/www.couleursjapon.com\\\/blog\\\/knit-at-motoco-les-21-et-22-mai-2022-a-mulhouse-laines-japonaises\\\/#breadcrumb\"},\"inLanguage\":\"fr-FR\",\"potentialAction\":[{\"@type\":\"ReadAction\",\"target\":[\"https:\\\/\\\/www.couleursjapon.com\\\/blog\\\/knit-at-motoco-les-21-et-22-mai-2022-a-mulhouse-laines-japonaises\\\/\"]}]},{\"@type\":\"ImageObject\",\"inLanguage\":\"fr-FR\",\"@id\":\"https:\\\/\\\/www.couleursjapon.com\\\/blog\\\/knit-at-motoco-les-21-et-22-mai-2022-a-mulhouse-laines-japonaises\\\/#primaryimage\",\"url\":\"https:\\\/\\\/www.couleursjapon.com\\\/blog\\\/wp-content\\\/uploads\\\/2022\\\/05\\\/affiche-Knit-at-Motoco.jpg\",\"contentUrl\":\"https:\\\/\\\/www.couleursjapon.com\\\/blog\\\/wp-content\\\/uploads\\\/2022\\\/05\\\/affiche-Knit-at-Motoco.jpg\",\"width\":398,\"height\":600},{\"@type\":\"BreadcrumbList\",\"@id\":\"https:\\\/\\\/www.couleursjapon.com\\\/blog\\\/knit-at-motoco-les-21-et-22-mai-2022-a-mulhouse-laines-japonaises\\\/#breadcrumb\",\"itemListElement\":[{\"@type\":\"ListItem\",\"position\":1,\"name\":\"Accueil\",\"item\":\"https:\\\/\\\/www.couleursjapon.com\\\/blog\\\/\"},{\"@type\":\"ListItem\",\"position\":2,\"name\":\"Knit at Motoco les 21 et 22 mai 2022 \u00e0 Mulhouse &#8211; laines japonaises\"}]},{\"@type\":\"WebSite\",\"@id\":\"https:\\\/\\\/www.couleursjapon.com\\\/blog\\\/#website\",\"url\":\"https:\\\/\\\/www.couleursjapon.com\\\/blog\\\/\",\"name\":\"Couleurs Japon\",\"description\":\"Tissus japonais\",\"publisher\":{\"@id\":\"https:\\\/\\\/www.couleursjapon.com\\\/blog\\\/#organization\"},\"potentialAction\":[{\"@type\":\"SearchAction\",\"target\":{\"@type\":\"EntryPoint\",\"urlTemplate\":\"https:\\\/\\\/www.couleursjapon.com\\\/blog\\\/?s={search_term_string}\"},\"query-input\":{\"@type\":\"PropertyValueSpecification\",\"valueRequired\":true,\"valueName\":\"search_term_string\"}}],\"inLanguage\":\"fr-FR\"},{\"@type\":\"Organization\",\"@id\":\"https:\\\/\\\/www.couleursjapon.com\\\/blog\\\/#organization\",\"name\":\"Couleurs Japon\",\"url\":\"https:\\\/\\\/www.couleursjapon.com\\\/blog\\\/\",\"logo\":{\"@type\":\"ImageObject\",\"inLanguage\":\"fr-FR\",\"@id\":\"https:\\\/\\\/www.couleursjapon.com\\\/blog\\\/#\\\/schema\\\/logo\\\/image\\\/\",\"url\":\"https:\\\/\\\/www.couleursjapon.com\\\/blog\\\/wp-content\\\/uploads\\\/2020\\\/10\\\/couleurs-japon-logo-1.png\",\"contentUrl\":\"https:\\\/\\\/www.couleursjapon.com\\\/blog\\\/wp-content\\\/uploads\\\/2020\\\/10\\\/couleurs-japon-logo-1.png\",\"width\":400,\"height\":77,\"caption\":\"Couleurs Japon\"},\"image\":{\"@id\":\"https:\\\/\\\/www.couleursjapon.com\\\/blog\\\/#\\\/schema\\\/logo\\\/image\\\/\"},\"sameAs\":[\"https:\\\/\\\/www.facebook.com\\\/CouleursJapon\\\/\",\"https:\\\/\\\/www.instagram.com\\\/couleursjapon\",\"https:\\\/\\\/www.pinterest.fr\\\/couleursjapon\\\/\"]},{\"@type\":\"Person\",\"@id\":\"https:\\\/\\\/www.couleursjapon.com\\\/blog\\\/#\\\/schema\\\/person\\\/6cfac89a7be4e2bd871f9340169acd3b\",\"name\":\"Pascaline\",\"image\":{\"@type\":\"ImageObject\",\"inLanguage\":\"fr-FR\",\"@id\":\"https:\\\/\\\/secure.gravatar.com\\\/avatar\\\/b9c6a29f8912cdfda78bfc45075e0ff0865b74e5ddd9b600e5e618c78b531d8b?s=96&d=mm&r=g\",\"url\":\"https:\\\/\\\/secure.gravatar.com\\\/avatar\\\/b9c6a29f8912cdfda78bfc45075e0ff0865b74e5ddd9b600e5e618c78b531d8b?s=96&d=mm&r=g\",\"contentUrl\":\"https:\\\/\\\/secure.gravatar.com\\\/avatar\\\/b9c6a29f8912cdfda78bfc45075e0ff0865b74e5ddd9b600e5e618c78b531d8b?s=96&d=mm&r=g\",\"caption\":\"Pascaline\"},\"sameAs\":[\"http:\\\/\\\/www.couleursjapon.com\"]}]}<\/script>\n<!-- \/ Yoast SEO plugin. -->","yoast_head_json":{"title":"Knit at Motoco les 21 et 22 mai 2022 \u00e0 Mulhouse - laines japonaises - Couleurs Japon","description":"Retrouvez Couleurs Japon les 21 et 22 mai 2022 \u00e0 Motoco (Mulhouse - 68) avec les laines japonaises pour une expo pleine de bonne humeur !","robots":{"index":"index","follow":"follow","max-snippet":"max-snippet:-1","max-image-preview":"max-image-preview:large","max-video-preview":"max-video-preview:-1"},"canonical":"https:\/\/www.couleursjapon.com\/blog\/knit-at-motoco-les-21-et-22-mai-2022-a-mulhouse-laines-japonaises\/","og_locale":"fr_FR","og_type":"article","og_title":"Laines japonaises \u00e0 Knit at Motoco","og_description":"Retrouvez Couleurs Japon et ses laines japonaises sur le salon Knit at Motoco les 21 et 22 mai \u00e0 Mulhouse (68)","og_url":"https:\/\/www.couleursjapon.com\/blog\/knit-at-motoco-les-21-et-22-mai-2022-a-mulhouse-laines-japonaises\/","og_site_name":"Couleurs Japon","article_publisher":"https:\/\/www.facebook.com\/CouleursJapon\/","article_published_time":"2022-05-05T15:29:43+00:00","article_modified_time":"2023-04-26T10:17:47+00:00","og_image":[{"width":1180,"height":1180,"url":"https:\/\/www.couleursjapon.com\/blog\/wp-content\/uploads\/2022\/05\/knit-at-motoco.png","type":"image\/png"}],"author":"Pascaline","twitter_card":"summary_large_image","twitter_title":"Des laines japonaises \u00e0 Mulhouse","twitter_description":"Retrouvez Couleurs Japon et ses laines japonaises sur le salon Knit at Motoco les 21 et 22 mai \u00e0 Mulhouse (68)","twitter_image":"https:\/\/www.couleursjapon.com\/blog\/wp-content\/uploads\/2022\/05\/knit-at-motoco.png","twitter_misc":{"\u00c9crit par":"Pascaline","Dur\u00e9e de lecture estim\u00e9e":"2 minutes"},"schema":{"@context":"https:\/\/schema.org","@graph":[{"@type":"Article","@id":"https:\/\/www.couleursjapon.com\/blog\/knit-at-motoco-les-21-et-22-mai-2022-a-mulhouse-laines-japonaises\/#article","isPartOf":{"@id":"https:\/\/www.couleursjapon.com\/blog\/knit-at-motoco-les-21-et-22-mai-2022-a-mulhouse-laines-japonaises\/"},"author":{"name":"Pascaline","@id":"https:\/\/www.couleursjapon.com\/blog\/#\/schema\/person\/6cfac89a7be4e2bd871f9340169acd3b"},"headline":"Knit at Motoco les 21 et 22 mai 2022 \u00e0 Mulhouse &#8211; laines japonaises","datePublished":"2022-05-05T15:29:43+00:00","dateModified":"2023-04-26T10:17:47+00:00","mainEntityOfPage":{"@id":"https:\/\/www.couleursjapon.com\/blog\/knit-at-motoco-les-21-et-22-mai-2022-a-mulhouse-laines-japonaises\/"},"wordCount":255,"commentCount":0,"publisher":{"@id":"https:\/\/www.couleursjapon.com\/blog\/#organization"},"image":{"@id":"https:\/\/www.couleursjapon.com\/blog\/knit-at-motoco-les-21-et-22-mai-2022-a-mulhouse-laines-japonaises\/#primaryimage"},"thumbnailUrl":"https:\/\/www.couleursjapon.com\/blog\/wp-content\/uploads\/2022\/05\/affiche-Knit-at-Motoco.jpg","articleSection":["Agenda"],"inLanguage":"fr-FR","potentialAction":[{"@type":"CommentAction","name":"Comment","target":["https:\/\/www.couleursjapon.com\/blog\/knit-at-motoco-les-21-et-22-mai-2022-a-mulhouse-laines-japonaises\/#respond"]}]},{"@type":"WebPage","@id":"https:\/\/www.couleursjapon.com\/blog\/knit-at-motoco-les-21-et-22-mai-2022-a-mulhouse-laines-japonaises\/","url":"https:\/\/www.couleursjapon.com\/blog\/knit-at-motoco-les-21-et-22-mai-2022-a-mulhouse-laines-japonaises\/","name":"Knit at Motoco les 21 et 22 mai 2022 \u00e0 Mulhouse - laines japonaises - Couleurs Japon","isPartOf":{"@id":"https:\/\/www.couleursjapon.com\/blog\/#website"},"primaryImageOfPage":{"@id":"https:\/\/www.couleursjapon.com\/blog\/knit-at-motoco-les-21-et-22-mai-2022-a-mulhouse-laines-japonaises\/#primaryimage"},"image":{"@id":"https:\/\/www.couleursjapon.com\/blog\/knit-at-motoco-les-21-et-22-mai-2022-a-mulhouse-laines-japonaises\/#primaryimage"},"thumbnailUrl":"https:\/\/www.couleursjapon.com\/blog\/wp-content\/uploads\/2022\/05\/affiche-Knit-at-Motoco.jpg","datePublished":"2022-05-05T15:29:43+00:00","dateModified":"2023-04-26T10:17:47+00:00","description":"Retrouvez Couleurs Japon les 21 et 22 mai 2022 \u00e0 Motoco (Mulhouse - 68) avec les laines japonaises pour une expo pleine de bonne humeur !","breadcrumb":{"@id":"https:\/\/www.couleursjapon.com\/blog\/knit-at-motoco-les-21-et-22-mai-2022-a-mulhouse-laines-japonaises\/#breadcrumb"},"inLanguage":"fr-FR","potentialAction":[{"@type":"ReadAction","target":["https:\/\/www.couleursjapon.com\/blog\/knit-at-motoco-les-21-et-22-mai-2022-a-mulhouse-laines-japonaises\/"]}]},{"@type":"ImageObject","inLanguage":"fr-FR","@id":"https:\/\/www.couleursjapon.com\/blog\/knit-at-motoco-les-21-et-22-mai-2022-a-mulhouse-laines-japonaises\/#primaryimage","url":"https:\/\/www.couleursjapon.com\/blog\/wp-content\/uploads\/2022\/05\/affiche-Knit-at-Motoco.jpg","contentUrl":"https:\/\/www.couleursjapon.com\/blog\/wp-content\/uploads\/2022\/05\/affiche-Knit-at-Motoco.jpg","width":398,"height":600},{"@type":"BreadcrumbList","@id":"https:\/\/www.couleursjapon.com\/blog\/knit-at-motoco-les-21-et-22-mai-2022-a-mulhouse-laines-japonaises\/#breadcrumb","itemListElement":[{"@type":"ListItem","position":1,"name":"Accueil","item":"https:\/\/www.couleursjapon.com\/blog\/"},{"@type":"ListItem","position":2,"name":"Knit at Motoco les 21 et 22 mai 2022 \u00e0 Mulhouse &#8211; laines japonaises"}]},{"@type":"WebSite","@id":"https:\/\/www.couleursjapon.com\/blog\/#website","url":"https:\/\/www.couleursjapon.com\/blog\/","name":"Couleurs Japon","description":"Tissus japonais","publisher":{"@id":"https:\/\/www.couleursjapon.com\/blog\/#organization"},"potentialAction":[{"@type":"SearchAction","target":{"@type":"EntryPoint","urlTemplate":"https:\/\/www.couleursjapon.com\/blog\/?s={search_term_string}"},"query-input":{"@type":"PropertyValueSpecification","valueRequired":true,"valueName":"search_term_string"}}],"inLanguage":"fr-FR"},{"@type":"Organization","@id":"https:\/\/www.couleursjapon.com\/blog\/#organization","name":"Couleurs Japon","url":"https:\/\/www.couleursjapon.com\/blog\/","logo":{"@type":"ImageObject","inLanguage":"fr-FR","@id":"https:\/\/www.couleursjapon.com\/blog\/#\/schema\/logo\/image\/","url":"https:\/\/www.couleursjapon.com\/blog\/wp-content\/uploads\/2020\/10\/couleurs-japon-logo-1.png","contentUrl":"https:\/\/www.couleursjapon.com\/blog\/wp-content\/uploads\/2020\/10\/couleurs-japon-logo-1.png","width":400,"height":77,"caption":"Couleurs Japon"},"image":{"@id":"https:\/\/www.couleursjapon.com\/blog\/#\/schema\/logo\/image\/"},"sameAs":["https:\/\/www.facebook.com\/CouleursJapon\/","https:\/\/www.instagram.com\/couleursjapon","https:\/\/www.pinterest.fr\/couleursjapon\/"]},{"@type":"Person","@id":"https:\/\/www.couleursjapon.com\/blog\/#\/schema\/person\/6cfac89a7be4e2bd871f9340169acd3b","name":"Pascaline","image":{"@type":"ImageObject","inLanguage":"fr-FR","@id":"https:\/\/secure.gravatar.com\/avatar\/b9c6a29f8912cdfda78bfc45075e0ff0865b74e5ddd9b600e5e618c78b531d8b?s=96&d=mm&r=g","url":"https:\/\/secure.gravatar.com\/avatar\/b9c6a29f8912cdfda78bfc45075e0ff0865b74e5ddd9b600e5e618c78b531d8b?s=96&d=mm&r=g","contentUrl":"https:\/\/secure.gravatar.com\/avatar\/b9c6a29f8912cdfda78bfc45075e0ff0865b74e5ddd9b600e5e618c78b531d8b?s=96&d=mm&r=g","caption":"Pascaline"},"sameAs":["http:\/\/www.couleursjapon.com"]}]}},"_links":{"self":[{"href":"https:\/\/www.couleursjapon.com\/blog\/wp-json\/wp\/v2\/posts\/1523","targetHints":{"allow":["GET"]}}],"collection":[{"href":"https:\/\/www.couleursjapon.com\/blog\/wp-json\/wp\/v2\/posts"}],"about":[{"href":"https:\/\/www.couleursjapon.com\/blog\/wp-json\/wp\/v2\/types\/post"}],"author":[{"embeddable":true,"href":"https:\/\/www.couleursjapon.com\/blog\/wp-json\/wp\/v2\/users\/1"}],"replies":[{"embeddable":true,"href":"https:\/\/www.couleursjapon.com\/blog\/wp-json\/wp\/v2\/comments?post=1523"}],"version-history":[{"count":3,"href":"https:\/\/www.couleursjapon.com\/blog\/wp-json\/wp\/v2\/posts\/1523\/revisions"}],"predecessor-version":[{"id":1618,"href":"https:\/\/www.couleursjapon.com\/blog\/wp-json\/wp\/v2\/posts\/1523\/revisions\/1618"}],"wp:attachment":[{"href":"https:\/\/www.couleursjapon.com\/blog\/wp-json\/wp\/v2\/media?parent=1523"}],"wp:term":[{"taxonomy":"category","embeddable":true,"href":"https:\/\/www.couleursjapon.com\/blog\/wp-json\/wp\/v2\/categories?post=1523"},{"taxonomy":"post_tag","embeddable":true,"href":"https:\/\/www.couleursjapon.com\/blog\/wp-json\/wp\/v2\/tags?post=1523"}],"curies":[{"name":"wp","href":"https:\/\/api.w.org\/{rel}","templated":true}]}}