{"id":1399,"date":"2021-02-25T16:51:56","date_gmt":"2021-02-25T15:51:56","guid":{"rendered":"https:\/\/www.couleursjapon.com\/blog\/?p=1399"},"modified":"2021-02-26T11:38:33","modified_gmt":"2021-02-26T10:38:33","slug":"inpiration-tissus-japonais-pret-a-porter-2020-2021","status":"publish","type":"post","link":"https:\/\/www.couleursjapon.com\/blog\/inpiration-tissus-japonais-pret-a-porter-2020-2021\/","title":{"rendered":"Inspiration tissus japonais dans les collections pr\u00eat \u00e0 porter 2020\/2021"},"content":{"rendered":"\n<p>J&rsquo;ai d\u00e9nich\u00e9 pour vous quelques p\u00e9pites d&rsquo;inspiration tr\u00e8s japonaise dans les tissus et les motifs dans les collections de 2020 et 2021 du pr\u00eat \u00e0 porter. Pour vous faire plaisir directement, ou comme inspiration pour vos propres cr\u00e9ations couture en <a href=\"https:\/\/couleursjapon.com\/fr\/12-tissus-japonais\" target=\"_blank\" rel=\"noreferrer noopener\">tissus japonais<\/a>.<\/p>\n\n\n\n<h2 class=\"wp-block-heading\">Sportswear<\/h2>\n\n\n\n<p>Dans la collaboration entre la marque sportive <strong>Adidas<\/strong> et la cr\u00e9atrice <strong>Stella Mc Cartney<\/strong> on trouve cette ann\u00e9e de splendides motifs de chrysanth\u00e8mes. Ces motifs japonisants sont disponibles en bleu et rouge, et en rose poudr\u00e9 pour 2 styles tr\u00e8s diff\u00e9rents. Les mod\u00e8les sont diff\u00e9rents selon les coloris, et une s\u00e9lection d&rsquo;accessoires (sacs et chaussures) est \u00e9galement disponible.<\/p>\n\n\n\n<figure class=\"wp-block-gallery aligncenter columns-3 is-cropped wp-block-gallery-1 is-layout-flex wp-block-gallery-is-layout-flex\"><ul class=\"blocks-gallery-grid\"><li class=\"blocks-gallery-item\"><figure><img loading=\"lazy\" decoding=\"async\" width=\"488\" height=\"488\" src=\"https:\/\/www.couleursjapon.com\/blog\/wp-content\/uploads\/2021\/02\/adidasstellamccartney03.jpg\" alt=\"Short Stella Mc Cartney et Adidas\" data-id=\"1403\" data-full-url=\"https:\/\/www.couleursjapon.com\/blog\/wp-content\/uploads\/2021\/02\/adidasstellamccartney03.jpg\" data-link=\"https:\/\/www.couleursjapon.com\/blog\/?attachment_id=1403#main\" class=\"wp-image-1403\" srcset=\"https:\/\/www.couleursjapon.com\/blog\/wp-content\/uploads\/2021\/02\/adidasstellamccartney03.jpg 488w, https:\/\/www.couleursjapon.com\/blog\/wp-content\/uploads\/2021\/02\/adidasstellamccartney03-300x300.jpg 300w, https:\/\/www.couleursjapon.com\/blog\/wp-content\/uploads\/2021\/02\/adidasstellamccartney03-250x250.jpg 250w\" sizes=\"auto, (max-width: 488px) 85vw, 488px\" \/><figcaption class=\"blocks-gallery-item__caption\">Short Stella Mc Cartney et Adidas<\/figcaption><\/figure><\/li><li class=\"blocks-gallery-item\"><figure><img loading=\"lazy\" decoding=\"async\" width=\"681\" height=\"681\" src=\"https:\/\/www.couleursjapon.com\/blog\/wp-content\/uploads\/2021\/02\/adidasstellamccartney01-1.jpg\" alt=\"Veste Adidas et Stella Mc Cartney\" data-id=\"1401\" data-full-url=\"https:\/\/www.couleursjapon.com\/blog\/wp-content\/uploads\/2021\/02\/adidasstellamccartney01-1.jpg\" data-link=\"https:\/\/www.couleursjapon.com\/blog\/?attachment_id=1401#main\" class=\"wp-image-1401\" srcset=\"https:\/\/www.couleursjapon.com\/blog\/wp-content\/uploads\/2021\/02\/adidasstellamccartney01-1.jpg 681w, https:\/\/www.couleursjapon.com\/blog\/wp-content\/uploads\/2021\/02\/adidasstellamccartney01-1-300x300.jpg 300w, https:\/\/www.couleursjapon.com\/blog\/wp-content\/uploads\/2021\/02\/adidasstellamccartney01-1-250x250.jpg 250w\" sizes=\"auto, (max-width: 709px) 85vw, (max-width: 909px) 67vw, (max-width: 984px) 61vw, (max-width: 1362px) 45vw, 600px\" \/><figcaption class=\"blocks-gallery-item__caption\">Veste Adidas et Stella Mc Cartney<\/figcaption><\/figure><\/li><li class=\"blocks-gallery-item\"><figure><img loading=\"lazy\" decoding=\"async\" width=\"657\" height=\"657\" src=\"https:\/\/www.couleursjapon.com\/blog\/wp-content\/uploads\/2021\/02\/adidasstellamccartney02.jpg\" alt=\"Chaussure Adidas Stella Mc Cartney inspiration tissus japonais\" data-id=\"1402\" data-full-url=\"https:\/\/www.couleursjapon.com\/blog\/wp-content\/uploads\/2021\/02\/adidasstellamccartney02.jpg\" data-link=\"https:\/\/www.couleursjapon.com\/blog\/?attachment_id=1402#main\" class=\"wp-image-1402\" srcset=\"https:\/\/www.couleursjapon.com\/blog\/wp-content\/uploads\/2021\/02\/adidasstellamccartney02.jpg 657w, https:\/\/www.couleursjapon.com\/blog\/wp-content\/uploads\/2021\/02\/adidasstellamccartney02-300x300.jpg 300w, https:\/\/www.couleursjapon.com\/blog\/wp-content\/uploads\/2021\/02\/adidasstellamccartney02-250x250.jpg 250w\" sizes=\"auto, (max-width: 709px) 85vw, (max-width: 909px) 67vw, (max-width: 984px) 61vw, (max-width: 1362px) 45vw, 600px\" \/><figcaption class=\"blocks-gallery-item__caption\">Chaussure Adidas Stella Mc Cartney<\/figcaption><\/figure><\/li><\/ul><\/figure>\n\n\n\n<p>Je trouve cette collection vraiment superbe avec une tr\u00e8s belle interpr\u00e9tation du motif de chrysanth\u00e8mes et je vous encourage \u00e0 aller voir les collections sur le site de <a href=\"https:\/\/www.stellamccartney.com\/fr\/online\/stella-mccartney\/femme\/adidas-by-stella-mccartney\" target=\"_blank\" rel=\"noreferrer noopener\">Stella Mc Cartney<\/a> ou d&rsquo;<a href=\"https:\/\/www.adidas.fr\/adidas_by_stella_mccartney\" target=\"_blank\" rel=\"noreferrer noopener\">Adidas<\/a>.<\/p>\n\n\n\n<p>Chez <a href=\"https:\/\/www.nike.com\/fr\/\" target=\"_blank\" rel=\"noreferrer noopener\">Nike<\/a> en 2020 c&rsquo;est le <a href=\"https:\/\/www.couleursjapon.com\/blog\/le-sashiko-definition-materiel-et-principes-de-base\/\">sashiko<\/a> qui a \u00e9t\u00e9 \u00e0 l&rsquo;honneur avec des chaussures inspir\u00e9es de la broderie traditionnelle japonaise et des tissus japonais \u00e0 motifs g\u00e9om\u00e9triques.<\/p>\n\n\n\n<figure class=\"wp-block-gallery aligncenter columns-2 is-cropped wp-block-gallery-2 is-layout-flex wp-block-gallery-is-layout-flex\"><ul class=\"blocks-gallery-grid\"><li class=\"blocks-gallery-item\"><figure><img loading=\"lazy\" decoding=\"async\" width=\"800\" height=\"800\" src=\"https:\/\/www.couleursjapon.com\/blog\/wp-content\/uploads\/2021\/02\/Nike-sashiko-01.jpg\" alt=\"Nike Air Jordan 4 sashiko\" data-id=\"1405\" data-full-url=\"https:\/\/www.couleursjapon.com\/blog\/wp-content\/uploads\/2021\/02\/Nike-sashiko-01.jpg\" data-link=\"https:\/\/www.couleursjapon.com\/blog\/?attachment_id=1405#main\" class=\"wp-image-1405\" srcset=\"https:\/\/www.couleursjapon.com\/blog\/wp-content\/uploads\/2021\/02\/Nike-sashiko-01.jpg 800w, https:\/\/www.couleursjapon.com\/blog\/wp-content\/uploads\/2021\/02\/Nike-sashiko-01-300x300.jpg 300w, https:\/\/www.couleursjapon.com\/blog\/wp-content\/uploads\/2021\/02\/Nike-sashiko-01-250x250.jpg 250w, https:\/\/www.couleursjapon.com\/blog\/wp-content\/uploads\/2021\/02\/Nike-sashiko-01-768x768.jpg 768w\" sizes=\"auto, (max-width: 709px) 85vw, (max-width: 909px) 67vw, (max-width: 984px) 61vw, (max-width: 1362px) 45vw, 600px\" \/><figcaption class=\"blocks-gallery-item__caption\">Nike Air Jordan 4 sashiko<\/figcaption><\/figure><\/li><li class=\"blocks-gallery-item\"><figure><img loading=\"lazy\" decoding=\"async\" width=\"663\" height=\"663\" src=\"https:\/\/www.couleursjapon.com\/blog\/wp-content\/uploads\/2021\/02\/Nike-sashiko-02.jpg\" alt=\"Nike SB Dunk Low Sashiko\" data-id=\"1407\" data-full-url=\"https:\/\/www.couleursjapon.com\/blog\/wp-content\/uploads\/2021\/02\/Nike-sashiko-02.jpg\" data-link=\"https:\/\/www.couleursjapon.com\/blog\/?attachment_id=1407#main\" class=\"wp-image-1407\" srcset=\"https:\/\/www.couleursjapon.com\/blog\/wp-content\/uploads\/2021\/02\/Nike-sashiko-02.jpg 663w, https:\/\/www.couleursjapon.com\/blog\/wp-content\/uploads\/2021\/02\/Nike-sashiko-02-300x300.jpg 300w, https:\/\/www.couleursjapon.com\/blog\/wp-content\/uploads\/2021\/02\/Nike-sashiko-02-250x250.jpg 250w\" sizes=\"auto, (max-width: 709px) 85vw, (max-width: 909px) 67vw, (max-width: 984px) 61vw, (max-width: 1362px) 45vw, 600px\" \/><figcaption class=\"blocks-gallery-item__caption\">Nike SB Dunk Low Sashiko<\/figcaption><\/figure><\/li><\/ul><\/figure>\n\n\n\n<p>Ces mod\u00e8les sont d\u00e9j\u00e0 tr\u00e8s difficiles \u00e0 trouver bien que datant de l&rsquo;automne dernier, s&rsquo;ils vous int\u00e9ressent et si vous voulez en savoir plus essayez sur <a href=\"https:\/\/www.lesitedelasneaker.com\/2020\/08\/preview-air-jordan-4-sashiko\/\" target=\"_blank\" rel=\"noreferrer noopener\">Le site de la sneaker<\/a> ou sur<a href=\"https:\/\/www.spartoo.com\/Nike-SB-Dunk-Low-Sashiko-x19010413.php\" target=\"_blank\" rel=\"noreferrer noopener\"> Spartoo<\/a>.<\/p>\n\n\n\n<h2 class=\"wp-block-heading\">Collections femmes<\/h2>\n\n\n\n<p>Dans les collections femmes cette ann\u00e9e un grand coup de c\u0153ur pour moi pour les collections de <a href=\"https:\/\/www.promod.fr\/femme\/promod-for-good\/index.html\" target=\"_blank\" rel=\"noreferrer noopener\">Promod<\/a> avec l\u00e0 aussi une mise \u00e0 l&rsquo;honneur du motif de chrysanth\u00e8mes et du <a href=\"https:\/\/www.couleursjapon.com\/blog\/symbole-japonais-les-grues-tsuru-%e9%b6%b4\/\">motif de grues<\/a>.<\/p>\n\n\n\n<figure class=\"wp-block-gallery columns-3 is-cropped wp-block-gallery-3 is-layout-flex wp-block-gallery-is-layout-flex\"><ul class=\"blocks-gallery-grid\"><li class=\"blocks-gallery-item\"><figure><img loading=\"lazy\" decoding=\"async\" width=\"636\" height=\"636\" src=\"https:\/\/www.couleursjapon.com\/blog\/wp-content\/uploads\/2021\/02\/promod-japon-01.jpg\" alt=\"Chemisier oversize tissu japonais chrysanth\u00e8mes\" data-id=\"1409\" data-full-url=\"https:\/\/www.couleursjapon.com\/blog\/wp-content\/uploads\/2021\/02\/promod-japon-01.jpg\" data-link=\"https:\/\/www.couleursjapon.com\/blog\/?attachment_id=1409#main\" class=\"wp-image-1409\" srcset=\"https:\/\/www.couleursjapon.com\/blog\/wp-content\/uploads\/2021\/02\/promod-japon-01.jpg 636w, https:\/\/www.couleursjapon.com\/blog\/wp-content\/uploads\/2021\/02\/promod-japon-01-300x300.jpg 300w, https:\/\/www.couleursjapon.com\/blog\/wp-content\/uploads\/2021\/02\/promod-japon-01-250x250.jpg 250w\" sizes=\"auto, (max-width: 709px) 85vw, (max-width: 909px) 67vw, (max-width: 984px) 61vw, (max-width: 1362px) 45vw, 600px\" \/><figcaption class=\"blocks-gallery-item__caption\">Chemisier oversize chrysanth\u00e8mes<\/figcaption><\/figure><\/li><li class=\"blocks-gallery-item\"><figure><img loading=\"lazy\" decoding=\"async\" width=\"669\" height=\"669\" src=\"https:\/\/www.couleursjapon.com\/blog\/wp-content\/uploads\/2021\/02\/promod-japon-02.jpg\" alt=\"Robe voile \u00e0 motifs de grues\" data-id=\"1410\" data-full-url=\"https:\/\/www.couleursjapon.com\/blog\/wp-content\/uploads\/2021\/02\/promod-japon-02.jpg\" data-link=\"https:\/\/www.couleursjapon.com\/blog\/?attachment_id=1410#main\" class=\"wp-image-1410\" srcset=\"https:\/\/www.couleursjapon.com\/blog\/wp-content\/uploads\/2021\/02\/promod-japon-02.jpg 669w, https:\/\/www.couleursjapon.com\/blog\/wp-content\/uploads\/2021\/02\/promod-japon-02-300x300.jpg 300w, https:\/\/www.couleursjapon.com\/blog\/wp-content\/uploads\/2021\/02\/promod-japon-02-250x250.jpg 250w\" sizes=\"auto, (max-width: 709px) 85vw, (max-width: 909px) 67vw, (max-width: 984px) 61vw, (max-width: 1362px) 45vw, 600px\" \/><figcaption class=\"blocks-gallery-item__caption\">Robe volant\u00e9e en voile grues<\/figcaption><\/figure><\/li><li class=\"blocks-gallery-item\"><figure><img loading=\"lazy\" decoding=\"async\" width=\"565\" height=\"565\" src=\"https:\/\/www.couleursjapon.com\/blog\/wp-content\/uploads\/2021\/02\/promod-japon-03.jpg\" alt=\"Bomber \u00e0 motifs de grues en tissu japonais\" data-id=\"1411\" data-full-url=\"https:\/\/www.couleursjapon.com\/blog\/wp-content\/uploads\/2021\/02\/promod-japon-03.jpg\" data-link=\"https:\/\/www.couleursjapon.com\/blog\/?attachment_id=1411#main\" class=\"wp-image-1411\" srcset=\"https:\/\/www.couleursjapon.com\/blog\/wp-content\/uploads\/2021\/02\/promod-japon-03.jpg 565w, https:\/\/www.couleursjapon.com\/blog\/wp-content\/uploads\/2021\/02\/promod-japon-03-300x300.jpg 300w, https:\/\/www.couleursjapon.com\/blog\/wp-content\/uploads\/2021\/02\/promod-japon-03-250x250.jpg 250w\" sizes=\"auto, (max-width: 565px) 85vw, 565px\" \/><figcaption class=\"blocks-gallery-item__caption\">Bomber \u00e0 motifs de grues<\/figcaption><\/figure><\/li><\/ul><\/figure>\n\n\n\n<p>Allez voir sur leur site, davantage de mod\u00e8les sont disponibles dans la partie <a href=\"https:\/\/www.promod.fr\/femme\/promod-for-good\/index.html\" target=\"_blank\" rel=\"noreferrer noopener\">Promod for Good<\/a> (mode eco-responsable).<\/p>\n\n\n\n<p><a href=\"https:\/\/www.antoineetlili.com\/fr\/\" target=\"_blank\" rel=\"noreferrer noopener\">Antoine et Lili<\/a> sont des habitu\u00e9s des collections avec des tissus japonais (des vrais de vrai fabriqu\u00e9s au Japon, \u00e0 la diff\u00e9rence des autres marques cit\u00e9es dans l&rsquo;article). La nouvelle collection printemps-\u00e9t\u00e9 2021 ne fait pas exception avec un sublime motif tr\u00e8s color\u00e9.<\/p>\n\n\n\n<div class=\"wp-block-image\"><figure class=\"aligncenter size-large is-resized\"><a href=\"https:\/\/www.antoineetlili.com\/fr\/robe\/729526-215493-robe-floralie.html#\/10-couleur-rouge\/213-taille-t1\" target=\"_blank\" rel=\"noopener\"><img loading=\"lazy\" decoding=\"async\" src=\"https:\/\/www.couleursjapon.com\/blog\/wp-content\/uploads\/2021\/02\/antoineetlili.jpg\" alt=\"Robe Antoine et Lili collection 2021\" class=\"wp-image-1412\" width=\"380\" height=\"380\" srcset=\"https:\/\/www.couleursjapon.com\/blog\/wp-content\/uploads\/2021\/02\/antoineetlili.jpg 760w, https:\/\/www.couleursjapon.com\/blog\/wp-content\/uploads\/2021\/02\/antoineetlili-300x300.jpg 300w, https:\/\/www.couleursjapon.com\/blog\/wp-content\/uploads\/2021\/02\/antoineetlili-250x250.jpg 250w\" sizes=\"auto, (max-width: 380px) 85vw, 380px\" \/><\/a><figcaption>Robe Antoine et Lili collection 2021<\/figcaption><\/figure><\/div>\n\n\n\n<p>Si vous ne connaissez pas cette marque jetez un coup d&rsquo;\u0153il sur leur site. Vous trouverez plein de mod\u00e8les color\u00e9s, japonisants ou non, ainsi que de jolis accessoires.<\/p>\n\n\n\n<h2 class=\"wp-block-heading\">Collections enfants<\/h2>\n\n\n\n<p>J&rsquo;ai \u00e9galement trouv\u00e9 des mod\u00e8les enfants tr\u00e8s sympathiques \u00e0 motifs de tissus japonais dans les collections 2020\/2021.<\/p>\n\n\n\n<figure class=\"wp-block-gallery columns-3 is-cropped wp-block-gallery-4 is-layout-flex wp-block-gallery-is-layout-flex\"><ul class=\"blocks-gallery-grid\"><li class=\"blocks-gallery-item\"><figure><img loading=\"lazy\" decoding=\"async\" width=\"622\" height=\"622\" src=\"https:\/\/www.couleursjapon.com\/blog\/wp-content\/uploads\/2021\/02\/robe-la-faute-a-voltaire.jpg\" alt=\"\" data-id=\"1419\" data-link=\"https:\/\/www.couleursjapon.com\/blog\/?attachment_id=1419#main\" class=\"wp-image-1419\" srcset=\"https:\/\/www.couleursjapon.com\/blog\/wp-content\/uploads\/2021\/02\/robe-la-faute-a-voltaire.jpg 622w, https:\/\/www.couleursjapon.com\/blog\/wp-content\/uploads\/2021\/02\/robe-la-faute-a-voltaire-300x300.jpg 300w, https:\/\/www.couleursjapon.com\/blog\/wp-content\/uploads\/2021\/02\/robe-la-faute-a-voltaire-250x250.jpg 250w\" sizes=\"auto, (max-width: 709px) 85vw, (max-width: 909px) 67vw, (max-width: 984px) 61vw, (max-width: 1362px) 45vw, 600px\" \/><figcaption class=\"blocks-gallery-item__caption\"><a href=\"https:\/\/fauteavoltaire.fr\/boutique\/fille\/collection-printemps-ete-fille\/robes-et-combishorts-fille\/robe-qui-tourne-fleurs-japonaises-roses-hepburn\/\" target=\"_blank\" rel=\"noreferrer noopener\">Robe La faute \u00e0 voltaire<\/a><\/figcaption><\/figure><\/li><li class=\"blocks-gallery-item\"><figure><img loading=\"lazy\" decoding=\"async\" width=\"635\" height=\"635\" src=\"https:\/\/www.couleursjapon.com\/blog\/wp-content\/uploads\/2021\/02\/sweat-desigual.jpg\" alt=\"\" data-id=\"1420\" data-link=\"https:\/\/www.couleursjapon.com\/blog\/?attachment_id=1420#main\" class=\"wp-image-1420\" srcset=\"https:\/\/www.couleursjapon.com\/blog\/wp-content\/uploads\/2021\/02\/sweat-desigual.jpg 635w, https:\/\/www.couleursjapon.com\/blog\/wp-content\/uploads\/2021\/02\/sweat-desigual-300x300.jpg 300w, https:\/\/www.couleursjapon.com\/blog\/wp-content\/uploads\/2021\/02\/sweat-desigual-250x250.jpg 250w\" sizes=\"auto, (max-width: 709px) 85vw, (max-width: 909px) 67vw, (max-width: 984px) 61vw, (max-width: 1362px) 45vw, 600px\" \/><figcaption class=\"blocks-gallery-item__caption\"><a href=\"https:\/\/www.desigual.com\/fr_FR\/vetement-enfant\/\" target=\"_blank\" rel=\"noreferrer noopener\">Sweat Desigual<\/a><\/figcaption><\/figure><\/li><li class=\"blocks-gallery-item\"><figure><img loading=\"lazy\" decoding=\"async\" width=\"680\" height=\"680\" src=\"https:\/\/www.couleursjapon.com\/blog\/wp-content\/uploads\/2021\/02\/haut-DPAM-tsubaki-2.jpg\" alt=\"\" data-id=\"1427\" data-link=\"https:\/\/www.couleursjapon.com\/blog\/?attachment_id=1427#main\" class=\"wp-image-1427\" srcset=\"https:\/\/www.couleursjapon.com\/blog\/wp-content\/uploads\/2021\/02\/haut-DPAM-tsubaki-2.jpg 680w, https:\/\/www.couleursjapon.com\/blog\/wp-content\/uploads\/2021\/02\/haut-DPAM-tsubaki-2-300x300.jpg 300w, https:\/\/www.couleursjapon.com\/blog\/wp-content\/uploads\/2021\/02\/haut-DPAM-tsubaki-2-250x250.jpg 250w\" sizes=\"auto, (max-width: 709px) 85vw, (max-width: 909px) 67vw, (max-width: 984px) 61vw, (max-width: 1362px) 45vw, 600px\" \/><figcaption class=\"blocks-gallery-item__caption\"><a href=\"https:\/\/www.dpam.com\/t-shirt-reversible-manches-longues-rayures-et-fleurs-enfant-fille-21S901K3TMLD326.html\" target=\"_blank\" rel=\"noreferrer noopener\">Petit haut DPAM<\/a><\/figcaption><\/figure><\/li><li class=\"blocks-gallery-item\"><figure><img loading=\"lazy\" decoding=\"async\" width=\"621\" height=\"621\" src=\"https:\/\/www.couleursjapon.com\/blog\/wp-content\/uploads\/2021\/02\/robe-la-faute-a-voltaire-02.jpg\" alt=\"\" data-id=\"1430\" data-link=\"https:\/\/www.couleursjapon.com\/blog\/?attachment_id=1430#main\" class=\"wp-image-1430\" srcset=\"https:\/\/www.couleursjapon.com\/blog\/wp-content\/uploads\/2021\/02\/robe-la-faute-a-voltaire-02.jpg 621w, https:\/\/www.couleursjapon.com\/blog\/wp-content\/uploads\/2021\/02\/robe-la-faute-a-voltaire-02-300x300.jpg 300w, https:\/\/www.couleursjapon.com\/blog\/wp-content\/uploads\/2021\/02\/robe-la-faute-a-voltaire-02-250x250.jpg 250w\" sizes=\"auto, (max-width: 709px) 85vw, (max-width: 909px) 67vw, (max-width: 984px) 61vw, (max-width: 1362px) 45vw, 600px\" \/><figcaption class=\"blocks-gallery-item__caption\"><a href=\"https:\/\/fauteavoltaire.fr\/boutique\/fille\/collection-printemps-ete-fille\/robes-et-combishorts-fille\/robe-asiatique-fleurie-rose-annam\/\" target=\"_blank\" rel=\"noreferrer noopener\">Robe col mao La faute \u00e0 Voltair<\/a>e<\/figcaption><\/figure><\/li><li class=\"blocks-gallery-item\"><figure><img loading=\"lazy\" decoding=\"async\" width=\"700\" height=\"700\" src=\"https:\/\/www.couleursjapon.com\/blog\/wp-content\/uploads\/2021\/02\/robe-ikks-grues-2.jpg\" alt=\"\" data-id=\"1428\" data-link=\"https:\/\/www.couleursjapon.com\/blog\/?attachment_id=1428#main\" class=\"wp-image-1428\" srcset=\"https:\/\/www.couleursjapon.com\/blog\/wp-content\/uploads\/2021\/02\/robe-ikks-grues-2.jpg 700w, https:\/\/www.couleursjapon.com\/blog\/wp-content\/uploads\/2021\/02\/robe-ikks-grues-2-300x300.jpg 300w, https:\/\/www.couleursjapon.com\/blog\/wp-content\/uploads\/2021\/02\/robe-ikks-grues-2-250x250.jpg 250w\" sizes=\"auto, (max-width: 709px) 85vw, (max-width: 909px) 67vw, (max-width: 984px) 61vw, (max-width: 1362px) 45vw, 600px\" \/><figcaption class=\"blocks-gallery-item__caption\"><a href=\"https:\/\/www.ikks.com\/fr\/blouse-noire-imprime-sakura-et-grues-sacrees-fille\/XR12052-02.html\" target=\"_blank\" rel=\"noreferrer noopener\">Robe IKKS \u00e0 motifs de grues<\/a><\/figcaption><\/figure><\/li><li class=\"blocks-gallery-item\"><figure><img loading=\"lazy\" decoding=\"async\" width=\"520\" height=\"520\" src=\"https:\/\/www.couleursjapon.com\/blog\/wp-content\/uploads\/2021\/02\/jupe-DPAM-tsubaki-1.jpg\" alt=\"\" data-id=\"1432\" data-full-url=\"https:\/\/www.couleursjapon.com\/blog\/wp-content\/uploads\/2021\/02\/jupe-DPAM-tsubaki-1.jpg\" data-link=\"https:\/\/www.couleursjapon.com\/blog\/?attachment_id=1432#main\" class=\"wp-image-1432\" srcset=\"https:\/\/www.couleursjapon.com\/blog\/wp-content\/uploads\/2021\/02\/jupe-DPAM-tsubaki-1.jpg 520w, https:\/\/www.couleursjapon.com\/blog\/wp-content\/uploads\/2021\/02\/jupe-DPAM-tsubaki-1-300x300.jpg 300w, https:\/\/www.couleursjapon.com\/blog\/wp-content\/uploads\/2021\/02\/jupe-DPAM-tsubaki-1-250x250.jpg 250w\" sizes=\"auto, (max-width: 520px) 85vw, 520px\" \/><figcaption class=\"blocks-gallery-item__caption\"><a href=\"https:\/\/www.dpam.com\/jupe-rouge--21S901K1JUPF517.html\" target=\"_blank\" rel=\"noreferrer noopener\">Jupe DPAM<\/a><\/figcaption><\/figure><\/li><\/ul><\/figure>\n\n\n\n<p>Chez Du Pareil au M\u00eame, la <a href=\"https:\/\/www.dpam.com\/nos-collections\/on-craque-pour\/soleil-rouge\" target=\"_blank\" rel=\"noreferrer noopener\">collection Soleil Rouge<\/a> pr\u00e9sente des mod\u00e8les avec des <a href=\"https:\/\/www.couleursjapon.com\/blog\/motif-de-tissu-japonais-le-camelia-tsubaki-ou-%e6%a4%bf\/\">motifs proches des cam\u00e9lias stylis\u00e9s<\/a> sur tissus japonais. C&rsquo;est un motif que l&rsquo;on retrouve assez peu chez nous, et c&rsquo;est bien dommage. Cette collection en est la preuve.<\/p>\n\n\n\n<p>Chez <a href=\"https:\/\/www.ikks.com\/fr\/outlet\/fille\/tout-voir\/\" target=\"_blank\" rel=\"noreferrer noopener\">IKKS<\/a> dans les restes de la collection automne-hiver vous trouverez de jolies grues.<\/p>\n\n\n\n<p><a href=\"https:\/\/fauteavoltaire.fr\/categorie-produit\/fille\/collection-printemps-ete-fille\/robes-et-combishorts-fille\/\" target=\"_blank\" rel=\"noreferrer noopener\">La faute \u00e0 voltaire<\/a> propose de tr\u00e8s fra\u00eeches robes \u00e0 motifs de fleurs de cerisier.<\/p>\n\n\n\n<p>Mon coup de c\u0153ur se trouve chez <a href=\"https:\/\/www.desigual.com\/fr_FR\/vetement-enfant\/\" target=\"_blank\" rel=\"noreferrer noopener\">Desigual Kids<\/a> avec un sweat et une robe \u00e0 motifs fleuris japonisants sur fond noir.<\/p>\n","protected":false},"excerpt":{"rendered":"<p>J&rsquo;ai d\u00e9nich\u00e9 pour vous quelques p\u00e9pites d&rsquo;inspiration tr\u00e8s japonaise dans les tissus et les motifs dans les collections de 2020 et 2021 du pr\u00eat \u00e0 porter. Pour vous faire plaisir directement, ou comme inspiration pour vos propres cr\u00e9ations couture en tissus japonais. Sportswear Dans la collaboration entre la marque sportive Adidas et la cr\u00e9atrice Stella &hellip; <a href=\"https:\/\/www.couleursjapon.com\/blog\/inpiration-tissus-japonais-pret-a-porter-2020-2021\/\" class=\"more-link\">Continuer la lecture<span class=\"screen-reader-text\"> de &laquo;&nbsp;Inspiration tissus japonais dans les collections pr\u00eat \u00e0 porter 2020\/2021&nbsp;&raquo;<\/span><\/a><\/p>\n","protected":false},"author":1,"featured_media":1434,"comment_status":"open","ping_status":"open","sticky":false,"template":"","format":"standard","meta":{"footnotes":""},"categories":[466],"tags":[15,49,143,36],"class_list":["post-1399","post","type-post","status-publish","format-standard","has-post-thumbnail","hentry","category-mode-et-culture","tag-mode","tag-motif-japonais","tag-sashiko","tag-tissus-japonais"],"yoast_head":"<!-- This site is optimized with the Yoast SEO plugin v27.3 - https:\/\/yoast.com\/product\/yoast-seo-wordpress\/ -->\n<title>Inspiration tissus japonais dans les collections pr\u00eat \u00e0 porter 2020\/2021<\/title>\n<meta name=\"description\" content=\"Inspirations motifs, tissus japonais et sashiko dans les collections de pr\u00eat \u00e0 porter 2020 et 2021: sportswear, femmes et enfants\" \/>\n<meta name=\"robots\" content=\"index, follow, max-snippet:-1, max-image-preview:large, max-video-preview:-1\" \/>\n<link rel=\"canonical\" href=\"https:\/\/www.couleursjapon.com\/blog\/inpiration-tissus-japonais-pret-a-porter-2020-2021\/\" \/>\n<meta property=\"og:locale\" content=\"fr_FR\" \/>\n<meta property=\"og:type\" content=\"article\" \/>\n<meta property=\"og:title\" content=\"Inspiration tissus japonais dans les collections pr\u00eat \u00e0 porter 2020\/2021\" \/>\n<meta property=\"og:description\" content=\"Inspirations motifs, tissus japonais et sashiko dans les collections de pr\u00eat \u00e0 porter 2020 et 2021: sportswear, femmes et enfants\" \/>\n<meta property=\"og:url\" content=\"https:\/\/www.couleursjapon.com\/blog\/inpiration-tissus-japonais-pret-a-porter-2020-2021\/\" \/>\n<meta property=\"og:site_name\" content=\"Couleurs Japon\" \/>\n<meta property=\"article:publisher\" content=\"https:\/\/www.facebook.com\/CouleursJapon\/\" \/>\n<meta property=\"article:published_time\" content=\"2021-02-25T15:51:56+00:00\" \/>\n<meta property=\"article:modified_time\" content=\"2021-02-26T10:38:33+00:00\" \/>\n<meta property=\"og:image\" content=\"https:\/\/www.couleursjapon.com\/blog\/wp-content\/uploads\/2021\/02\/article-influence-Japon-mode.jpg\" \/>\n\t<meta property=\"og:image:width\" content=\"900\" \/>\n\t<meta property=\"og:image:height\" content=\"200\" \/>\n\t<meta property=\"og:image:type\" content=\"image\/jpeg\" \/>\n<meta name=\"author\" content=\"Pascaline\" \/>\n<meta name=\"twitter:card\" content=\"summary_large_image\" \/>\n<meta name=\"twitter:label1\" content=\"\u00c9crit par\" \/>\n\t<meta name=\"twitter:data1\" content=\"Pascaline\" \/>\n\t<meta name=\"twitter:label2\" content=\"Dur\u00e9e de lecture estim\u00e9e\" \/>\n\t<meta name=\"twitter:data2\" content=\"6 minutes\" \/>\n<script type=\"application\/ld+json\" class=\"yoast-schema-graph\">{\"@context\":\"https:\\\/\\\/schema.org\",\"@graph\":[{\"@type\":\"Article\",\"@id\":\"https:\\\/\\\/www.couleursjapon.com\\\/blog\\\/inpiration-tissus-japonais-pret-a-porter-2020-2021\\\/#article\",\"isPartOf\":{\"@id\":\"https:\\\/\\\/www.couleursjapon.com\\\/blog\\\/inpiration-tissus-japonais-pret-a-porter-2020-2021\\\/\"},\"author\":{\"name\":\"Pascaline\",\"@id\":\"https:\\\/\\\/www.couleursjapon.com\\\/blog\\\/#\\\/schema\\\/person\\\/6cfac89a7be4e2bd871f9340169acd3b\"},\"headline\":\"Inspiration tissus japonais dans les collections pr\u00eat \u00e0 porter 2020\\\/2021\",\"datePublished\":\"2021-02-25T15:51:56+00:00\",\"dateModified\":\"2021-02-26T10:38:33+00:00\",\"mainEntityOfPage\":{\"@id\":\"https:\\\/\\\/www.couleursjapon.com\\\/blog\\\/inpiration-tissus-japonais-pret-a-porter-2020-2021\\\/\"},\"wordCount\":552,\"commentCount\":0,\"publisher\":{\"@id\":\"https:\\\/\\\/www.couleursjapon.com\\\/blog\\\/#organization\"},\"image\":{\"@id\":\"https:\\\/\\\/www.couleursjapon.com\\\/blog\\\/inpiration-tissus-japonais-pret-a-porter-2020-2021\\\/#primaryimage\"},\"thumbnailUrl\":\"https:\\\/\\\/www.couleursjapon.com\\\/blog\\\/wp-content\\\/uploads\\\/2021\\\/02\\\/article-influence-Japon-mode.jpg\",\"keywords\":[\"mode\",\"motif japonais\",\"sashiko\",\"tissus japonais\"],\"articleSection\":[\"Mode et culture\"],\"inLanguage\":\"fr-FR\",\"potentialAction\":[{\"@type\":\"CommentAction\",\"name\":\"Comment\",\"target\":[\"https:\\\/\\\/www.couleursjapon.com\\\/blog\\\/inpiration-tissus-japonais-pret-a-porter-2020-2021\\\/#respond\"]}]},{\"@type\":\"WebPage\",\"@id\":\"https:\\\/\\\/www.couleursjapon.com\\\/blog\\\/inpiration-tissus-japonais-pret-a-porter-2020-2021\\\/\",\"url\":\"https:\\\/\\\/www.couleursjapon.com\\\/blog\\\/inpiration-tissus-japonais-pret-a-porter-2020-2021\\\/\",\"name\":\"Inspiration tissus japonais dans les collections pr\u00eat \u00e0 porter 2020\\\/2021\",\"isPartOf\":{\"@id\":\"https:\\\/\\\/www.couleursjapon.com\\\/blog\\\/#website\"},\"primaryImageOfPage\":{\"@id\":\"https:\\\/\\\/www.couleursjapon.com\\\/blog\\\/inpiration-tissus-japonais-pret-a-porter-2020-2021\\\/#primaryimage\"},\"image\":{\"@id\":\"https:\\\/\\\/www.couleursjapon.com\\\/blog\\\/inpiration-tissus-japonais-pret-a-porter-2020-2021\\\/#primaryimage\"},\"thumbnailUrl\":\"https:\\\/\\\/www.couleursjapon.com\\\/blog\\\/wp-content\\\/uploads\\\/2021\\\/02\\\/article-influence-Japon-mode.jpg\",\"datePublished\":\"2021-02-25T15:51:56+00:00\",\"dateModified\":\"2021-02-26T10:38:33+00:00\",\"description\":\"Inspirations motifs, tissus japonais et sashiko dans les collections de pr\u00eat \u00e0 porter 2020 et 2021: sportswear, femmes et enfants\",\"breadcrumb\":{\"@id\":\"https:\\\/\\\/www.couleursjapon.com\\\/blog\\\/inpiration-tissus-japonais-pret-a-porter-2020-2021\\\/#breadcrumb\"},\"inLanguage\":\"fr-FR\",\"potentialAction\":[{\"@type\":\"ReadAction\",\"target\":[\"https:\\\/\\\/www.couleursjapon.com\\\/blog\\\/inpiration-tissus-japonais-pret-a-porter-2020-2021\\\/\"]}]},{\"@type\":\"ImageObject\",\"inLanguage\":\"fr-FR\",\"@id\":\"https:\\\/\\\/www.couleursjapon.com\\\/blog\\\/inpiration-tissus-japonais-pret-a-porter-2020-2021\\\/#primaryimage\",\"url\":\"https:\\\/\\\/www.couleursjapon.com\\\/blog\\\/wp-content\\\/uploads\\\/2021\\\/02\\\/article-influence-Japon-mode.jpg\",\"contentUrl\":\"https:\\\/\\\/www.couleursjapon.com\\\/blog\\\/wp-content\\\/uploads\\\/2021\\\/02\\\/article-influence-Japon-mode.jpg\",\"width\":900,\"height\":200,\"caption\":\"Tissus japonais dans la mode 2020 et 2021\"},{\"@type\":\"BreadcrumbList\",\"@id\":\"https:\\\/\\\/www.couleursjapon.com\\\/blog\\\/inpiration-tissus-japonais-pret-a-porter-2020-2021\\\/#breadcrumb\",\"itemListElement\":[{\"@type\":\"ListItem\",\"position\":1,\"name\":\"Accueil\",\"item\":\"https:\\\/\\\/www.couleursjapon.com\\\/blog\\\/\"},{\"@type\":\"ListItem\",\"position\":2,\"name\":\"Inspiration tissus japonais dans les collections pr\u00eat \u00e0 porter 2020\\\/2021\"}]},{\"@type\":\"WebSite\",\"@id\":\"https:\\\/\\\/www.couleursjapon.com\\\/blog\\\/#website\",\"url\":\"https:\\\/\\\/www.couleursjapon.com\\\/blog\\\/\",\"name\":\"Couleurs Japon\",\"description\":\"Tissus japonais\",\"publisher\":{\"@id\":\"https:\\\/\\\/www.couleursjapon.com\\\/blog\\\/#organization\"},\"potentialAction\":[{\"@type\":\"SearchAction\",\"target\":{\"@type\":\"EntryPoint\",\"urlTemplate\":\"https:\\\/\\\/www.couleursjapon.com\\\/blog\\\/?s={search_term_string}\"},\"query-input\":{\"@type\":\"PropertyValueSpecification\",\"valueRequired\":true,\"valueName\":\"search_term_string\"}}],\"inLanguage\":\"fr-FR\"},{\"@type\":\"Organization\",\"@id\":\"https:\\\/\\\/www.couleursjapon.com\\\/blog\\\/#organization\",\"name\":\"Couleurs Japon\",\"url\":\"https:\\\/\\\/www.couleursjapon.com\\\/blog\\\/\",\"logo\":{\"@type\":\"ImageObject\",\"inLanguage\":\"fr-FR\",\"@id\":\"https:\\\/\\\/www.couleursjapon.com\\\/blog\\\/#\\\/schema\\\/logo\\\/image\\\/\",\"url\":\"https:\\\/\\\/www.couleursjapon.com\\\/blog\\\/wp-content\\\/uploads\\\/2020\\\/10\\\/couleurs-japon-logo-1.png\",\"contentUrl\":\"https:\\\/\\\/www.couleursjapon.com\\\/blog\\\/wp-content\\\/uploads\\\/2020\\\/10\\\/couleurs-japon-logo-1.png\",\"width\":400,\"height\":77,\"caption\":\"Couleurs Japon\"},\"image\":{\"@id\":\"https:\\\/\\\/www.couleursjapon.com\\\/blog\\\/#\\\/schema\\\/logo\\\/image\\\/\"},\"sameAs\":[\"https:\\\/\\\/www.facebook.com\\\/CouleursJapon\\\/\",\"https:\\\/\\\/www.instagram.com\\\/couleursjapon\",\"https:\\\/\\\/www.pinterest.fr\\\/couleursjapon\\\/\"]},{\"@type\":\"Person\",\"@id\":\"https:\\\/\\\/www.couleursjapon.com\\\/blog\\\/#\\\/schema\\\/person\\\/6cfac89a7be4e2bd871f9340169acd3b\",\"name\":\"Pascaline\",\"image\":{\"@type\":\"ImageObject\",\"inLanguage\":\"fr-FR\",\"@id\":\"https:\\\/\\\/secure.gravatar.com\\\/avatar\\\/b9c6a29f8912cdfda78bfc45075e0ff0865b74e5ddd9b600e5e618c78b531d8b?s=96&d=mm&r=g\",\"url\":\"https:\\\/\\\/secure.gravatar.com\\\/avatar\\\/b9c6a29f8912cdfda78bfc45075e0ff0865b74e5ddd9b600e5e618c78b531d8b?s=96&d=mm&r=g\",\"contentUrl\":\"https:\\\/\\\/secure.gravatar.com\\\/avatar\\\/b9c6a29f8912cdfda78bfc45075e0ff0865b74e5ddd9b600e5e618c78b531d8b?s=96&d=mm&r=g\",\"caption\":\"Pascaline\"},\"sameAs\":[\"http:\\\/\\\/www.couleursjapon.com\"]}]}<\/script>\n<!-- \/ Yoast SEO plugin. -->","yoast_head_json":{"title":"Inspiration tissus japonais dans les collections pr\u00eat \u00e0 porter 2020\/2021","description":"Inspirations motifs, tissus japonais et sashiko dans les collections de pr\u00eat \u00e0 porter 2020 et 2021: sportswear, femmes et enfants","robots":{"index":"index","follow":"follow","max-snippet":"max-snippet:-1","max-image-preview":"max-image-preview:large","max-video-preview":"max-video-preview:-1"},"canonical":"https:\/\/www.couleursjapon.com\/blog\/inpiration-tissus-japonais-pret-a-porter-2020-2021\/","og_locale":"fr_FR","og_type":"article","og_title":"Inspiration tissus japonais dans les collections pr\u00eat \u00e0 porter 2020\/2021","og_description":"Inspirations motifs, tissus japonais et sashiko dans les collections de pr\u00eat \u00e0 porter 2020 et 2021: sportswear, femmes et enfants","og_url":"https:\/\/www.couleursjapon.com\/blog\/inpiration-tissus-japonais-pret-a-porter-2020-2021\/","og_site_name":"Couleurs Japon","article_publisher":"https:\/\/www.facebook.com\/CouleursJapon\/","article_published_time":"2021-02-25T15:51:56+00:00","article_modified_time":"2021-02-26T10:38:33+00:00","og_image":[{"width":900,"height":200,"url":"https:\/\/www.couleursjapon.com\/blog\/wp-content\/uploads\/2021\/02\/article-influence-Japon-mode.jpg","type":"image\/jpeg"}],"author":"Pascaline","twitter_card":"summary_large_image","twitter_misc":{"\u00c9crit par":"Pascaline","Dur\u00e9e de lecture estim\u00e9e":"6 minutes"},"schema":{"@context":"https:\/\/schema.org","@graph":[{"@type":"Article","@id":"https:\/\/www.couleursjapon.com\/blog\/inpiration-tissus-japonais-pret-a-porter-2020-2021\/#article","isPartOf":{"@id":"https:\/\/www.couleursjapon.com\/blog\/inpiration-tissus-japonais-pret-a-porter-2020-2021\/"},"author":{"name":"Pascaline","@id":"https:\/\/www.couleursjapon.com\/blog\/#\/schema\/person\/6cfac89a7be4e2bd871f9340169acd3b"},"headline":"Inspiration tissus japonais dans les collections pr\u00eat \u00e0 porter 2020\/2021","datePublished":"2021-02-25T15:51:56+00:00","dateModified":"2021-02-26T10:38:33+00:00","mainEntityOfPage":{"@id":"https:\/\/www.couleursjapon.com\/blog\/inpiration-tissus-japonais-pret-a-porter-2020-2021\/"},"wordCount":552,"commentCount":0,"publisher":{"@id":"https:\/\/www.couleursjapon.com\/blog\/#organization"},"image":{"@id":"https:\/\/www.couleursjapon.com\/blog\/inpiration-tissus-japonais-pret-a-porter-2020-2021\/#primaryimage"},"thumbnailUrl":"https:\/\/www.couleursjapon.com\/blog\/wp-content\/uploads\/2021\/02\/article-influence-Japon-mode.jpg","keywords":["mode","motif japonais","sashiko","tissus japonais"],"articleSection":["Mode et culture"],"inLanguage":"fr-FR","potentialAction":[{"@type":"CommentAction","name":"Comment","target":["https:\/\/www.couleursjapon.com\/blog\/inpiration-tissus-japonais-pret-a-porter-2020-2021\/#respond"]}]},{"@type":"WebPage","@id":"https:\/\/www.couleursjapon.com\/blog\/inpiration-tissus-japonais-pret-a-porter-2020-2021\/","url":"https:\/\/www.couleursjapon.com\/blog\/inpiration-tissus-japonais-pret-a-porter-2020-2021\/","name":"Inspiration tissus japonais dans les collections pr\u00eat \u00e0 porter 2020\/2021","isPartOf":{"@id":"https:\/\/www.couleursjapon.com\/blog\/#website"},"primaryImageOfPage":{"@id":"https:\/\/www.couleursjapon.com\/blog\/inpiration-tissus-japonais-pret-a-porter-2020-2021\/#primaryimage"},"image":{"@id":"https:\/\/www.couleursjapon.com\/blog\/inpiration-tissus-japonais-pret-a-porter-2020-2021\/#primaryimage"},"thumbnailUrl":"https:\/\/www.couleursjapon.com\/blog\/wp-content\/uploads\/2021\/02\/article-influence-Japon-mode.jpg","datePublished":"2021-02-25T15:51:56+00:00","dateModified":"2021-02-26T10:38:33+00:00","description":"Inspirations motifs, tissus japonais et sashiko dans les collections de pr\u00eat \u00e0 porter 2020 et 2021: sportswear, femmes et enfants","breadcrumb":{"@id":"https:\/\/www.couleursjapon.com\/blog\/inpiration-tissus-japonais-pret-a-porter-2020-2021\/#breadcrumb"},"inLanguage":"fr-FR","potentialAction":[{"@type":"ReadAction","target":["https:\/\/www.couleursjapon.com\/blog\/inpiration-tissus-japonais-pret-a-porter-2020-2021\/"]}]},{"@type":"ImageObject","inLanguage":"fr-FR","@id":"https:\/\/www.couleursjapon.com\/blog\/inpiration-tissus-japonais-pret-a-porter-2020-2021\/#primaryimage","url":"https:\/\/www.couleursjapon.com\/blog\/wp-content\/uploads\/2021\/02\/article-influence-Japon-mode.jpg","contentUrl":"https:\/\/www.couleursjapon.com\/blog\/wp-content\/uploads\/2021\/02\/article-influence-Japon-mode.jpg","width":900,"height":200,"caption":"Tissus japonais dans la mode 2020 et 2021"},{"@type":"BreadcrumbList","@id":"https:\/\/www.couleursjapon.com\/blog\/inpiration-tissus-japonais-pret-a-porter-2020-2021\/#breadcrumb","itemListElement":[{"@type":"ListItem","position":1,"name":"Accueil","item":"https:\/\/www.couleursjapon.com\/blog\/"},{"@type":"ListItem","position":2,"name":"Inspiration tissus japonais dans les collections pr\u00eat \u00e0 porter 2020\/2021"}]},{"@type":"WebSite","@id":"https:\/\/www.couleursjapon.com\/blog\/#website","url":"https:\/\/www.couleursjapon.com\/blog\/","name":"Couleurs Japon","description":"Tissus japonais","publisher":{"@id":"https:\/\/www.couleursjapon.com\/blog\/#organization"},"potentialAction":[{"@type":"SearchAction","target":{"@type":"EntryPoint","urlTemplate":"https:\/\/www.couleursjapon.com\/blog\/?s={search_term_string}"},"query-input":{"@type":"PropertyValueSpecification","valueRequired":true,"valueName":"search_term_string"}}],"inLanguage":"fr-FR"},{"@type":"Organization","@id":"https:\/\/www.couleursjapon.com\/blog\/#organization","name":"Couleurs Japon","url":"https:\/\/www.couleursjapon.com\/blog\/","logo":{"@type":"ImageObject","inLanguage":"fr-FR","@id":"https:\/\/www.couleursjapon.com\/blog\/#\/schema\/logo\/image\/","url":"https:\/\/www.couleursjapon.com\/blog\/wp-content\/uploads\/2020\/10\/couleurs-japon-logo-1.png","contentUrl":"https:\/\/www.couleursjapon.com\/blog\/wp-content\/uploads\/2020\/10\/couleurs-japon-logo-1.png","width":400,"height":77,"caption":"Couleurs Japon"},"image":{"@id":"https:\/\/www.couleursjapon.com\/blog\/#\/schema\/logo\/image\/"},"sameAs":["https:\/\/www.facebook.com\/CouleursJapon\/","https:\/\/www.instagram.com\/couleursjapon","https:\/\/www.pinterest.fr\/couleursjapon\/"]},{"@type":"Person","@id":"https:\/\/www.couleursjapon.com\/blog\/#\/schema\/person\/6cfac89a7be4e2bd871f9340169acd3b","name":"Pascaline","image":{"@type":"ImageObject","inLanguage":"fr-FR","@id":"https:\/\/secure.gravatar.com\/avatar\/b9c6a29f8912cdfda78bfc45075e0ff0865b74e5ddd9b600e5e618c78b531d8b?s=96&d=mm&r=g","url":"https:\/\/secure.gravatar.com\/avatar\/b9c6a29f8912cdfda78bfc45075e0ff0865b74e5ddd9b600e5e618c78b531d8b?s=96&d=mm&r=g","contentUrl":"https:\/\/secure.gravatar.com\/avatar\/b9c6a29f8912cdfda78bfc45075e0ff0865b74e5ddd9b600e5e618c78b531d8b?s=96&d=mm&r=g","caption":"Pascaline"},"sameAs":["http:\/\/www.couleursjapon.com"]}]}},"_links":{"self":[{"href":"https:\/\/www.couleursjapon.com\/blog\/wp-json\/wp\/v2\/posts\/1399","targetHints":{"allow":["GET"]}}],"collection":[{"href":"https:\/\/www.couleursjapon.com\/blog\/wp-json\/wp\/v2\/posts"}],"about":[{"href":"https:\/\/www.couleursjapon.com\/blog\/wp-json\/wp\/v2\/types\/post"}],"author":[{"embeddable":true,"href":"https:\/\/www.couleursjapon.com\/blog\/wp-json\/wp\/v2\/users\/1"}],"replies":[{"embeddable":true,"href":"https:\/\/www.couleursjapon.com\/blog\/wp-json\/wp\/v2\/comments?post=1399"}],"version-history":[{"count":1,"href":"https:\/\/www.couleursjapon.com\/blog\/wp-json\/wp\/v2\/posts\/1399\/revisions"}],"predecessor-version":[{"id":1433,"href":"https:\/\/www.couleursjapon.com\/blog\/wp-json\/wp\/v2\/posts\/1399\/revisions\/1433"}],"wp:featuredmedia":[{"embeddable":true,"href":"https:\/\/www.couleursjapon.com\/blog\/wp-json\/wp\/v2\/media\/1434"}],"wp:attachment":[{"href":"https:\/\/www.couleursjapon.com\/blog\/wp-json\/wp\/v2\/media?parent=1399"}],"wp:term":[{"taxonomy":"category","embeddable":true,"href":"https:\/\/www.couleursjapon.com\/blog\/wp-json\/wp\/v2\/categories?post=1399"},{"taxonomy":"post_tag","embeddable":true,"href":"https:\/\/www.couleursjapon.com\/blog\/wp-json\/wp\/v2\/tags?post=1399"}],"curies":[{"name":"wp","href":"https:\/\/api.w.org\/{rel}","templated":true}]}}