{"id":1139,"date":"2017-08-29T16:51:57","date_gmt":"2017-08-29T15:51:57","guid":{"rendered":"http:\/\/www.couleursjapon.com\/blog\/?p=1139"},"modified":"2021-02-26T12:24:15","modified_gmt":"2021-02-26T11:24:15","slug":"nouveaux-horaires-et-mise-en-place-des-ateliers-a-sierentz","status":"publish","type":"post","link":"https:\/\/www.couleursjapon.com\/blog\/nouveaux-horaires-et-mise-en-place-des-ateliers-a-sierentz\/","title":{"rendered":"Nouveaux horaires et mise en place des ateliers \u00e0 Sierentz"},"content":{"rendered":"<p>La boutique de Sierentz change d&rsquo;horaires pour mieux vous servir.<\/p>\n<p>A compter du 1er septembre la boutique sera ouverte le mercredi de 14h30 \u00e0 17h45 et non plus de 9h30 \u00e0 12h30.<\/p>\n<p>La boutique pourra \u00e9galement \u00eatre ouverte les samedis matin sur rendez-vous (48h \u00e0 l&rsquo;avance au moins) et des nocturnes ponctuelles sont pr\u00e9vues certains jeudis soir.<\/p>\n<p>La boutique a \u00e9galement \u00e9t\u00e9 r\u00e9am\u00e9nag\u00e9e pour pouvoir accueillir d\u00e8s mi-septembre des ateliers couture et loisirs cr\u00e9atifs japonais certains samedis matin et certains mardis.<\/p>\n","protected":false},"excerpt":{"rendered":"<p>La boutique de Sierentz change d&rsquo;horaires pour mieux vous servir. A compter du 1er septembre la boutique sera ouverte le mercredi de 14h30 \u00e0 17h45 et non plus de 9h30 \u00e0 12h30. La boutique pourra \u00e9galement \u00eatre ouverte les samedis matin sur rendez-vous (48h \u00e0 l&rsquo;avance au moins) et des nocturnes ponctuelles sont pr\u00e9vues certains &hellip; <a href=\"https:\/\/www.couleursjapon.com\/blog\/nouveaux-horaires-et-mise-en-place-des-ateliers-a-sierentz\/\" class=\"more-link\">Continuer la lecture<span class=\"screen-reader-text\"> de &laquo;&nbsp;Nouveaux horaires et mise en place des ateliers \u00e0 Sierentz&nbsp;&raquo;<\/span><\/a><\/p>\n","protected":false},"author":1,"featured_media":0,"comment_status":"open","ping_status":"open","sticky":false,"template":"","format":"standard","meta":{"footnotes":""},"categories":[182],"tags":[73,77,10,409,252,353,404,42],"class_list":["post-1139","post","type-post","status-publish","format-standard","hentry","category-acutalites-du-site-internet","tag-atelier","tag-boutique","tag-japon","tag-magasin","tag-mulhouse","tag-papier-japonais","tag-sierentz","tag-tissu"],"yoast_head":"<!-- This site is optimized with the Yoast SEO plugin v27.3 - https:\/\/yoast.com\/product\/yoast-seo-wordpress\/ -->\n<title>Nouveaux horaires et mise en place des ateliers \u00e0 Sierentz - Couleurs Japon<\/title>\n<meta name=\"robots\" content=\"index, follow, max-snippet:-1, max-image-preview:large, max-video-preview:-1\" \/>\n<link rel=\"canonical\" href=\"https:\/\/www.couleursjapon.com\/blog\/nouveaux-horaires-et-mise-en-place-des-ateliers-a-sierentz\/\" \/>\n<meta property=\"og:locale\" content=\"fr_FR\" \/>\n<meta property=\"og:type\" content=\"article\" \/>\n<meta property=\"og:title\" content=\"Nouveaux horaires et mise en place des ateliers \u00e0 Sierentz - Couleurs Japon\" \/>\n<meta property=\"og:description\" content=\"La boutique de Sierentz change d&rsquo;horaires pour mieux vous servir. A compter du 1er septembre la boutique sera ouverte le mercredi de 14h30 \u00e0 17h45 et non plus de 9h30 \u00e0 12h30. La boutique pourra \u00e9galement \u00eatre ouverte les samedis matin sur rendez-vous (48h \u00e0 l&rsquo;avance au moins) et des nocturnes ponctuelles sont pr\u00e9vues certains &hellip; Continuer la lecture de &laquo;&nbsp;Nouveaux horaires et mise en place des ateliers \u00e0 Sierentz&nbsp;&raquo;\" \/>\n<meta property=\"og:url\" content=\"https:\/\/www.couleursjapon.com\/blog\/nouveaux-horaires-et-mise-en-place-des-ateliers-a-sierentz\/\" \/>\n<meta property=\"og:site_name\" content=\"Couleurs Japon\" \/>\n<meta property=\"article:publisher\" content=\"https:\/\/www.facebook.com\/CouleursJapon\/\" \/>\n<meta property=\"article:published_time\" content=\"2017-08-29T15:51:57+00:00\" \/>\n<meta property=\"article:modified_time\" content=\"2021-02-26T11:24:15+00:00\" \/>\n<meta name=\"author\" content=\"Pascaline\" \/>\n<meta name=\"twitter:card\" content=\"summary_large_image\" \/>\n<meta name=\"twitter:label1\" content=\"\u00c9crit par\" \/>\n\t<meta name=\"twitter:data1\" content=\"Pascaline\" \/>\n\t<meta name=\"twitter:label2\" content=\"Dur\u00e9e de lecture estim\u00e9e\" \/>\n\t<meta name=\"twitter:data2\" content=\"1 minute\" \/>\n<script type=\"application\/ld+json\" class=\"yoast-schema-graph\">{\"@context\":\"https:\\\/\\\/schema.org\",\"@graph\":[{\"@type\":\"Article\",\"@id\":\"https:\\\/\\\/www.couleursjapon.com\\\/blog\\\/nouveaux-horaires-et-mise-en-place-des-ateliers-a-sierentz\\\/#article\",\"isPartOf\":{\"@id\":\"https:\\\/\\\/www.couleursjapon.com\\\/blog\\\/nouveaux-horaires-et-mise-en-place-des-ateliers-a-sierentz\\\/\"},\"author\":{\"name\":\"Pascaline\",\"@id\":\"https:\\\/\\\/www.couleursjapon.com\\\/blog\\\/#\\\/schema\\\/person\\\/6cfac89a7be4e2bd871f9340169acd3b\"},\"headline\":\"Nouveaux horaires et mise en place des ateliers \u00e0 Sierentz\",\"datePublished\":\"2017-08-29T15:51:57+00:00\",\"dateModified\":\"2021-02-26T11:24:15+00:00\",\"mainEntityOfPage\":{\"@id\":\"https:\\\/\\\/www.couleursjapon.com\\\/blog\\\/nouveaux-horaires-et-mise-en-place-des-ateliers-a-sierentz\\\/\"},\"wordCount\":95,\"commentCount\":1,\"publisher\":{\"@id\":\"https:\\\/\\\/www.couleursjapon.com\\\/blog\\\/#organization\"},\"keywords\":[\"atelier\",\"boutique\",\"Japon\",\"magasin\",\"Mulhouse\",\"papier japonais\",\"Sierentz\",\"tissu\"],\"articleSection\":[\"Actualit\u00e9s du site internet\"],\"inLanguage\":\"fr-FR\",\"potentialAction\":[{\"@type\":\"CommentAction\",\"name\":\"Comment\",\"target\":[\"https:\\\/\\\/www.couleursjapon.com\\\/blog\\\/nouveaux-horaires-et-mise-en-place-des-ateliers-a-sierentz\\\/#respond\"]}]},{\"@type\":\"WebPage\",\"@id\":\"https:\\\/\\\/www.couleursjapon.com\\\/blog\\\/nouveaux-horaires-et-mise-en-place-des-ateliers-a-sierentz\\\/\",\"url\":\"https:\\\/\\\/www.couleursjapon.com\\\/blog\\\/nouveaux-horaires-et-mise-en-place-des-ateliers-a-sierentz\\\/\",\"name\":\"Nouveaux horaires et mise en place des ateliers \u00e0 Sierentz - Couleurs Japon\",\"isPartOf\":{\"@id\":\"https:\\\/\\\/www.couleursjapon.com\\\/blog\\\/#website\"},\"datePublished\":\"2017-08-29T15:51:57+00:00\",\"dateModified\":\"2021-02-26T11:24:15+00:00\",\"breadcrumb\":{\"@id\":\"https:\\\/\\\/www.couleursjapon.com\\\/blog\\\/nouveaux-horaires-et-mise-en-place-des-ateliers-a-sierentz\\\/#breadcrumb\"},\"inLanguage\":\"fr-FR\",\"potentialAction\":[{\"@type\":\"ReadAction\",\"target\":[\"https:\\\/\\\/www.couleursjapon.com\\\/blog\\\/nouveaux-horaires-et-mise-en-place-des-ateliers-a-sierentz\\\/\"]}]},{\"@type\":\"BreadcrumbList\",\"@id\":\"https:\\\/\\\/www.couleursjapon.com\\\/blog\\\/nouveaux-horaires-et-mise-en-place-des-ateliers-a-sierentz\\\/#breadcrumb\",\"itemListElement\":[{\"@type\":\"ListItem\",\"position\":1,\"name\":\"Accueil\",\"item\":\"https:\\\/\\\/www.couleursjapon.com\\\/blog\\\/\"},{\"@type\":\"ListItem\",\"position\":2,\"name\":\"Nouveaux horaires et mise en place des ateliers \u00e0 Sierentz\"}]},{\"@type\":\"WebSite\",\"@id\":\"https:\\\/\\\/www.couleursjapon.com\\\/blog\\\/#website\",\"url\":\"https:\\\/\\\/www.couleursjapon.com\\\/blog\\\/\",\"name\":\"Couleurs Japon\",\"description\":\"Tissus japonais\",\"publisher\":{\"@id\":\"https:\\\/\\\/www.couleursjapon.com\\\/blog\\\/#organization\"},\"potentialAction\":[{\"@type\":\"SearchAction\",\"target\":{\"@type\":\"EntryPoint\",\"urlTemplate\":\"https:\\\/\\\/www.couleursjapon.com\\\/blog\\\/?s={search_term_string}\"},\"query-input\":{\"@type\":\"PropertyValueSpecification\",\"valueRequired\":true,\"valueName\":\"search_term_string\"}}],\"inLanguage\":\"fr-FR\"},{\"@type\":\"Organization\",\"@id\":\"https:\\\/\\\/www.couleursjapon.com\\\/blog\\\/#organization\",\"name\":\"Couleurs Japon\",\"url\":\"https:\\\/\\\/www.couleursjapon.com\\\/blog\\\/\",\"logo\":{\"@type\":\"ImageObject\",\"inLanguage\":\"fr-FR\",\"@id\":\"https:\\\/\\\/www.couleursjapon.com\\\/blog\\\/#\\\/schema\\\/logo\\\/image\\\/\",\"url\":\"https:\\\/\\\/www.couleursjapon.com\\\/blog\\\/wp-content\\\/uploads\\\/2020\\\/10\\\/couleurs-japon-logo-1.png\",\"contentUrl\":\"https:\\\/\\\/www.couleursjapon.com\\\/blog\\\/wp-content\\\/uploads\\\/2020\\\/10\\\/couleurs-japon-logo-1.png\",\"width\":400,\"height\":77,\"caption\":\"Couleurs Japon\"},\"image\":{\"@id\":\"https:\\\/\\\/www.couleursjapon.com\\\/blog\\\/#\\\/schema\\\/logo\\\/image\\\/\"},\"sameAs\":[\"https:\\\/\\\/www.facebook.com\\\/CouleursJapon\\\/\",\"https:\\\/\\\/www.instagram.com\\\/couleursjapon\",\"https:\\\/\\\/www.pinterest.fr\\\/couleursjapon\\\/\"]},{\"@type\":\"Person\",\"@id\":\"https:\\\/\\\/www.couleursjapon.com\\\/blog\\\/#\\\/schema\\\/person\\\/6cfac89a7be4e2bd871f9340169acd3b\",\"name\":\"Pascaline\",\"image\":{\"@type\":\"ImageObject\",\"inLanguage\":\"fr-FR\",\"@id\":\"https:\\\/\\\/secure.gravatar.com\\\/avatar\\\/b9c6a29f8912cdfda78bfc45075e0ff0865b74e5ddd9b600e5e618c78b531d8b?s=96&d=mm&r=g\",\"url\":\"https:\\\/\\\/secure.gravatar.com\\\/avatar\\\/b9c6a29f8912cdfda78bfc45075e0ff0865b74e5ddd9b600e5e618c78b531d8b?s=96&d=mm&r=g\",\"contentUrl\":\"https:\\\/\\\/secure.gravatar.com\\\/avatar\\\/b9c6a29f8912cdfda78bfc45075e0ff0865b74e5ddd9b600e5e618c78b531d8b?s=96&d=mm&r=g\",\"caption\":\"Pascaline\"},\"sameAs\":[\"http:\\\/\\\/www.couleursjapon.com\"]}]}<\/script>\n<!-- \/ Yoast SEO plugin. -->","yoast_head_json":{"title":"Nouveaux horaires et mise en place des ateliers \u00e0 Sierentz - Couleurs Japon","robots":{"index":"index","follow":"follow","max-snippet":"max-snippet:-1","max-image-preview":"max-image-preview:large","max-video-preview":"max-video-preview:-1"},"canonical":"https:\/\/www.couleursjapon.com\/blog\/nouveaux-horaires-et-mise-en-place-des-ateliers-a-sierentz\/","og_locale":"fr_FR","og_type":"article","og_title":"Nouveaux horaires et mise en place des ateliers \u00e0 Sierentz - Couleurs Japon","og_description":"La boutique de Sierentz change d&rsquo;horaires pour mieux vous servir. A compter du 1er septembre la boutique sera ouverte le mercredi de 14h30 \u00e0 17h45 et non plus de 9h30 \u00e0 12h30. La boutique pourra \u00e9galement \u00eatre ouverte les samedis matin sur rendez-vous (48h \u00e0 l&rsquo;avance au moins) et des nocturnes ponctuelles sont pr\u00e9vues certains &hellip; Continuer la lecture de &laquo;&nbsp;Nouveaux horaires et mise en place des ateliers \u00e0 Sierentz&nbsp;&raquo;","og_url":"https:\/\/www.couleursjapon.com\/blog\/nouveaux-horaires-et-mise-en-place-des-ateliers-a-sierentz\/","og_site_name":"Couleurs Japon","article_publisher":"https:\/\/www.facebook.com\/CouleursJapon\/","article_published_time":"2017-08-29T15:51:57+00:00","article_modified_time":"2021-02-26T11:24:15+00:00","author":"Pascaline","twitter_card":"summary_large_image","twitter_misc":{"\u00c9crit par":"Pascaline","Dur\u00e9e de lecture estim\u00e9e":"1 minute"},"schema":{"@context":"https:\/\/schema.org","@graph":[{"@type":"Article","@id":"https:\/\/www.couleursjapon.com\/blog\/nouveaux-horaires-et-mise-en-place-des-ateliers-a-sierentz\/#article","isPartOf":{"@id":"https:\/\/www.couleursjapon.com\/blog\/nouveaux-horaires-et-mise-en-place-des-ateliers-a-sierentz\/"},"author":{"name":"Pascaline","@id":"https:\/\/www.couleursjapon.com\/blog\/#\/schema\/person\/6cfac89a7be4e2bd871f9340169acd3b"},"headline":"Nouveaux horaires et mise en place des ateliers \u00e0 Sierentz","datePublished":"2017-08-29T15:51:57+00:00","dateModified":"2021-02-26T11:24:15+00:00","mainEntityOfPage":{"@id":"https:\/\/www.couleursjapon.com\/blog\/nouveaux-horaires-et-mise-en-place-des-ateliers-a-sierentz\/"},"wordCount":95,"commentCount":1,"publisher":{"@id":"https:\/\/www.couleursjapon.com\/blog\/#organization"},"keywords":["atelier","boutique","Japon","magasin","Mulhouse","papier japonais","Sierentz","tissu"],"articleSection":["Actualit\u00e9s du site internet"],"inLanguage":"fr-FR","potentialAction":[{"@type":"CommentAction","name":"Comment","target":["https:\/\/www.couleursjapon.com\/blog\/nouveaux-horaires-et-mise-en-place-des-ateliers-a-sierentz\/#respond"]}]},{"@type":"WebPage","@id":"https:\/\/www.couleursjapon.com\/blog\/nouveaux-horaires-et-mise-en-place-des-ateliers-a-sierentz\/","url":"https:\/\/www.couleursjapon.com\/blog\/nouveaux-horaires-et-mise-en-place-des-ateliers-a-sierentz\/","name":"Nouveaux horaires et mise en place des ateliers \u00e0 Sierentz - Couleurs Japon","isPartOf":{"@id":"https:\/\/www.couleursjapon.com\/blog\/#website"},"datePublished":"2017-08-29T15:51:57+00:00","dateModified":"2021-02-26T11:24:15+00:00","breadcrumb":{"@id":"https:\/\/www.couleursjapon.com\/blog\/nouveaux-horaires-et-mise-en-place-des-ateliers-a-sierentz\/#breadcrumb"},"inLanguage":"fr-FR","potentialAction":[{"@type":"ReadAction","target":["https:\/\/www.couleursjapon.com\/blog\/nouveaux-horaires-et-mise-en-place-des-ateliers-a-sierentz\/"]}]},{"@type":"BreadcrumbList","@id":"https:\/\/www.couleursjapon.com\/blog\/nouveaux-horaires-et-mise-en-place-des-ateliers-a-sierentz\/#breadcrumb","itemListElement":[{"@type":"ListItem","position":1,"name":"Accueil","item":"https:\/\/www.couleursjapon.com\/blog\/"},{"@type":"ListItem","position":2,"name":"Nouveaux horaires et mise en place des ateliers \u00e0 Sierentz"}]},{"@type":"WebSite","@id":"https:\/\/www.couleursjapon.com\/blog\/#website","url":"https:\/\/www.couleursjapon.com\/blog\/","name":"Couleurs Japon","description":"Tissus japonais","publisher":{"@id":"https:\/\/www.couleursjapon.com\/blog\/#organization"},"potentialAction":[{"@type":"SearchAction","target":{"@type":"EntryPoint","urlTemplate":"https:\/\/www.couleursjapon.com\/blog\/?s={search_term_string}"},"query-input":{"@type":"PropertyValueSpecification","valueRequired":true,"valueName":"search_term_string"}}],"inLanguage":"fr-FR"},{"@type":"Organization","@id":"https:\/\/www.couleursjapon.com\/blog\/#organization","name":"Couleurs Japon","url":"https:\/\/www.couleursjapon.com\/blog\/","logo":{"@type":"ImageObject","inLanguage":"fr-FR","@id":"https:\/\/www.couleursjapon.com\/blog\/#\/schema\/logo\/image\/","url":"https:\/\/www.couleursjapon.com\/blog\/wp-content\/uploads\/2020\/10\/couleurs-japon-logo-1.png","contentUrl":"https:\/\/www.couleursjapon.com\/blog\/wp-content\/uploads\/2020\/10\/couleurs-japon-logo-1.png","width":400,"height":77,"caption":"Couleurs Japon"},"image":{"@id":"https:\/\/www.couleursjapon.com\/blog\/#\/schema\/logo\/image\/"},"sameAs":["https:\/\/www.facebook.com\/CouleursJapon\/","https:\/\/www.instagram.com\/couleursjapon","https:\/\/www.pinterest.fr\/couleursjapon\/"]},{"@type":"Person","@id":"https:\/\/www.couleursjapon.com\/blog\/#\/schema\/person\/6cfac89a7be4e2bd871f9340169acd3b","name":"Pascaline","image":{"@type":"ImageObject","inLanguage":"fr-FR","@id":"https:\/\/secure.gravatar.com\/avatar\/b9c6a29f8912cdfda78bfc45075e0ff0865b74e5ddd9b600e5e618c78b531d8b?s=96&d=mm&r=g","url":"https:\/\/secure.gravatar.com\/avatar\/b9c6a29f8912cdfda78bfc45075e0ff0865b74e5ddd9b600e5e618c78b531d8b?s=96&d=mm&r=g","contentUrl":"https:\/\/secure.gravatar.com\/avatar\/b9c6a29f8912cdfda78bfc45075e0ff0865b74e5ddd9b600e5e618c78b531d8b?s=96&d=mm&r=g","caption":"Pascaline"},"sameAs":["http:\/\/www.couleursjapon.com"]}]}},"_links":{"self":[{"href":"https:\/\/www.couleursjapon.com\/blog\/wp-json\/wp\/v2\/posts\/1139","targetHints":{"allow":["GET"]}}],"collection":[{"href":"https:\/\/www.couleursjapon.com\/blog\/wp-json\/wp\/v2\/posts"}],"about":[{"href":"https:\/\/www.couleursjapon.com\/blog\/wp-json\/wp\/v2\/types\/post"}],"author":[{"embeddable":true,"href":"https:\/\/www.couleursjapon.com\/blog\/wp-json\/wp\/v2\/users\/1"}],"replies":[{"embeddable":true,"href":"https:\/\/www.couleursjapon.com\/blog\/wp-json\/wp\/v2\/comments?post=1139"}],"version-history":[{"count":3,"href":"https:\/\/www.couleursjapon.com\/blog\/wp-json\/wp\/v2\/posts\/1139\/revisions"}],"predecessor-version":[{"id":1143,"href":"https:\/\/www.couleursjapon.com\/blog\/wp-json\/wp\/v2\/posts\/1139\/revisions\/1143"}],"wp:attachment":[{"href":"https:\/\/www.couleursjapon.com\/blog\/wp-json\/wp\/v2\/media?parent=1139"}],"wp:term":[{"taxonomy":"category","embeddable":true,"href":"https:\/\/www.couleursjapon.com\/blog\/wp-json\/wp\/v2\/categories?post=1139"},{"taxonomy":"post_tag","embeddable":true,"href":"https:\/\/www.couleursjapon.com\/blog\/wp-json\/wp\/v2\/tags?post=1139"}],"curies":[{"name":"wp","href":"https:\/\/api.w.org\/{rel}","templated":true}]}}