{"id":1086,"date":"2016-09-14T10:26:07","date_gmt":"2016-09-14T09:26:07","guid":{"rendered":"http:\/\/www.couleursjapon.com\/blog\/?p=1086"},"modified":"2020-10-09T16:46:29","modified_gmt":"2020-10-09T15:46:29","slug":"nouveaux-cordons-chirimen-unis-et-a-motifs","status":"publish","type":"post","link":"https:\/\/www.couleursjapon.com\/blog\/nouveaux-cordons-chirimen-unis-et-a-motifs\/","title":{"rendered":"Nouveaux cordons chirimen unis et \u00e0 motifs"},"content":{"rendered":"<p>9 nouveaux <a href=\"https:\/\/couleursjapon.com\/fr\/53-cordons-chirimen\">cordons chirimen<\/a> sont disponibles sur le site. Tous en taille 5mm de diam\u00e8tre, ext\u00e9rieur en chirimen polyester, corde int\u00e9rieure en nylon.<\/p>\n<p>2 cordons \u00e0 motifs g\u00e9om\u00e9triques <a href=\"https:\/\/www.couleursjapon.com\/blog\/motif-de-tissu-japonais-karakusa-arabesques\/\">karakusa<\/a> vendus en sachets de 1,8m<\/p>\n<figure id=\"attachment_1088\" aria-describedby=\"caption-attachment-1088\" style=\"width: 300px\" class=\"wp-caption aligncenter\"><a href=\"https:\/\/couleursjapon.com\/fr\/cordons-chirimen\/1580-cordon-chirimen-rouge-motifs-karakusa-5mm-diametre-vendu-au-metre.html\" target=\"_blank\" rel=\"noopener noreferrer\"><img loading=\"lazy\" decoding=\"async\" class=\"size-medium wp-image-1088\" src=\"https:\/\/www.couleursjapon.com\/blog\/wp-content\/uploads\/2016\/09\/cordon-chirimen-rouge-karakusa-5mm-paquet-CJ00947A-300x300.jpg\" alt=\"Cordon chirimen rouge motifs karakusa\" width=\"300\" height=\"300\" srcset=\"https:\/\/www.couleursjapon.com\/blog\/wp-content\/uploads\/2016\/09\/cordon-chirimen-rouge-karakusa-5mm-paquet-CJ00947A-300x300.jpg 300w, https:\/\/www.couleursjapon.com\/blog\/wp-content\/uploads\/2016\/09\/cordon-chirimen-rouge-karakusa-5mm-paquet-CJ00947A-1024x1024.jpg 1024w, https:\/\/www.couleursjapon.com\/blog\/wp-content\/uploads\/2016\/09\/cordon-chirimen-rouge-karakusa-5mm-paquet-CJ00947A-250x250.jpg 250w, https:\/\/www.couleursjapon.com\/blog\/wp-content\/uploads\/2016\/09\/cordon-chirimen-rouge-karakusa-5mm-paquet-CJ00947A-768x768.jpg 768w, https:\/\/www.couleursjapon.com\/blog\/wp-content\/uploads\/2016\/09\/cordon-chirimen-rouge-karakusa-5mm-paquet-CJ00947A-1200x1200.jpg 1200w, https:\/\/www.couleursjapon.com\/blog\/wp-content\/uploads\/2016\/09\/cordon-chirimen-rouge-karakusa-5mm-paquet-CJ00947A.jpg 1500w\" sizes=\"auto, (max-width: 300px) 85vw, 300px\" \/><\/a><figcaption id=\"caption-attachment-1088\" class=\"wp-caption-text\">Cordon chirimen rouge motifs karakusa<\/figcaption><\/figure>\n<figure id=\"attachment_1089\" aria-describedby=\"caption-attachment-1089\" style=\"width: 300px\" class=\"wp-caption aligncenter\"><a href=\"https:\/\/couleursjapon.com\/fr\/cordons-chirimen\/1581-cordon-chirimen-vert-motifs-karakusa-5mm-diametre-vendu-au-metre.html\" target=\"_blank\" rel=\"noopener noreferrer\"><img loading=\"lazy\" decoding=\"async\" class=\"wp-image-1089 size-medium\" src=\"https:\/\/www.couleursjapon.com\/blog\/wp-content\/uploads\/2016\/09\/cordon-chirimen-vert-karakusa-5mm-paquet-CJ00948A-300x300.jpg\" alt=\"Cordon chirimen vert motif karakusa\" width=\"300\" height=\"300\" srcset=\"https:\/\/www.couleursjapon.com\/blog\/wp-content\/uploads\/2016\/09\/cordon-chirimen-vert-karakusa-5mm-paquet-CJ00948A-300x300.jpg 300w, https:\/\/www.couleursjapon.com\/blog\/wp-content\/uploads\/2016\/09\/cordon-chirimen-vert-karakusa-5mm-paquet-CJ00948A-1024x1024.jpg 1024w, https:\/\/www.couleursjapon.com\/blog\/wp-content\/uploads\/2016\/09\/cordon-chirimen-vert-karakusa-5mm-paquet-CJ00948A-250x250.jpg 250w, https:\/\/www.couleursjapon.com\/blog\/wp-content\/uploads\/2016\/09\/cordon-chirimen-vert-karakusa-5mm-paquet-CJ00948A-768x768.jpg 768w, https:\/\/www.couleursjapon.com\/blog\/wp-content\/uploads\/2016\/09\/cordon-chirimen-vert-karakusa-5mm-paquet-CJ00948A-1200x1200.jpg 1200w, https:\/\/www.couleursjapon.com\/blog\/wp-content\/uploads\/2016\/09\/cordon-chirimen-vert-karakusa-5mm-paquet-CJ00948A.jpg 1500w\" sizes=\"auto, (max-width: 300px) 85vw, 300px\" \/><\/a><figcaption id=\"caption-attachment-1089\" class=\"wp-caption-text\">Cordon chirimen vert motif karakusa<\/figcaption><\/figure>\n<p>2 cordons unis vendus au m\u00e8tre<\/p>\n<figure id=\"attachment_1090\" aria-describedby=\"caption-attachment-1090\" style=\"width: 300px\" class=\"wp-caption aligncenter\"><a href=\"https:\/\/couleursjapon.com\/fr\/cordons-chirimen\/1579-cordon-chirimen-vert-uni-5mm-diametre-vendu-au-metre.html\" target=\"_blank\" rel=\"noopener noreferrer\"><img loading=\"lazy\" decoding=\"async\" class=\"size-medium wp-image-1090\" src=\"https:\/\/www.couleursjapon.com\/blog\/wp-content\/uploads\/2016\/09\/cordon-chirimen-vert-uni-5mm-CJ00946A-300x300.jpg\" alt=\"Cordon chirimen uni vert printemps\" width=\"300\" height=\"300\" srcset=\"https:\/\/www.couleursjapon.com\/blog\/wp-content\/uploads\/2016\/09\/cordon-chirimen-vert-uni-5mm-CJ00946A-300x300.jpg 300w, https:\/\/www.couleursjapon.com\/blog\/wp-content\/uploads\/2016\/09\/cordon-chirimen-vert-uni-5mm-CJ00946A-1024x1024.jpg 1024w, https:\/\/www.couleursjapon.com\/blog\/wp-content\/uploads\/2016\/09\/cordon-chirimen-vert-uni-5mm-CJ00946A-250x250.jpg 250w, https:\/\/www.couleursjapon.com\/blog\/wp-content\/uploads\/2016\/09\/cordon-chirimen-vert-uni-5mm-CJ00946A-768x768.jpg 768w, https:\/\/www.couleursjapon.com\/blog\/wp-content\/uploads\/2016\/09\/cordon-chirimen-vert-uni-5mm-CJ00946A-1200x1200.jpg 1200w, https:\/\/www.couleursjapon.com\/blog\/wp-content\/uploads\/2016\/09\/cordon-chirimen-vert-uni-5mm-CJ00946A.jpg 1500w\" sizes=\"auto, (max-width: 300px) 85vw, 300px\" \/><\/a><figcaption id=\"caption-attachment-1090\" class=\"wp-caption-text\">Cordon chirimen uni vert printemps<\/figcaption><\/figure>\n<figure id=\"attachment_1091\" aria-describedby=\"caption-attachment-1091\" style=\"width: 300px\" class=\"wp-caption aligncenter\"><a href=\"https:\/\/couleursjapon.com\/fr\/cordons-chirimen\/1578-cordon-chirimen-violet-uni-5mm-diametre-vendu-au-metre.html\" target=\"_blank\" rel=\"noopener noreferrer\"><img loading=\"lazy\" decoding=\"async\" class=\"wp-image-1091 size-medium\" src=\"https:\/\/www.couleursjapon.com\/blog\/wp-content\/uploads\/2016\/09\/cordon-chirimen-violet-uni-5mm-CJ00945B-300x300.jpg\" alt=\"Cordon chirimen uni violet vif\" width=\"300\" height=\"300\" srcset=\"https:\/\/www.couleursjapon.com\/blog\/wp-content\/uploads\/2016\/09\/cordon-chirimen-violet-uni-5mm-CJ00945B-300x300.jpg 300w, https:\/\/www.couleursjapon.com\/blog\/wp-content\/uploads\/2016\/09\/cordon-chirimen-violet-uni-5mm-CJ00945B-1024x1024.jpg 1024w, https:\/\/www.couleursjapon.com\/blog\/wp-content\/uploads\/2016\/09\/cordon-chirimen-violet-uni-5mm-CJ00945B-250x250.jpg 250w, https:\/\/www.couleursjapon.com\/blog\/wp-content\/uploads\/2016\/09\/cordon-chirimen-violet-uni-5mm-CJ00945B-768x768.jpg 768w, https:\/\/www.couleursjapon.com\/blog\/wp-content\/uploads\/2016\/09\/cordon-chirimen-violet-uni-5mm-CJ00945B-1200x1200.jpg 1200w, https:\/\/www.couleursjapon.com\/blog\/wp-content\/uploads\/2016\/09\/cordon-chirimen-violet-uni-5mm-CJ00945B.jpg 1500w\" sizes=\"auto, (max-width: 300px) 85vw, 300px\" \/><\/a><figcaption id=\"caption-attachment-1091\" class=\"wp-caption-text\">Cordon chirimen uni violet vif<\/figcaption><\/figure>\n<p>5 cordons \u00e0 motifs de fleurs de cerisier vendus au m\u00e8tre<\/p>\n<figure id=\"attachment_1092\" aria-describedby=\"caption-attachment-1092\" style=\"width: 300px\" class=\"wp-caption aligncenter\"><a href=\"https:\/\/couleursjapon.com\/fr\/cordons-chirimen\/1584-cordon-chirimen-bleu-ciel-fleurs-5mm-diametre-vendu-au-metre.html\" target=\"_blank\" rel=\"noopener noreferrer\"><img loading=\"lazy\" decoding=\"async\" class=\"size-medium wp-image-1092\" src=\"https:\/\/www.couleursjapon.com\/blog\/wp-content\/uploads\/2016\/09\/57f2a21e531dc827a3ed3771fc7c1147-300x300.jpg\" alt=\"Cordon chirimen bleu ciel fleurs de cerisier\" width=\"300\" height=\"300\" srcset=\"https:\/\/www.couleursjapon.com\/blog\/wp-content\/uploads\/2016\/09\/57f2a21e531dc827a3ed3771fc7c1147-300x300.jpg 300w, https:\/\/www.couleursjapon.com\/blog\/wp-content\/uploads\/2016\/09\/57f2a21e531dc827a3ed3771fc7c1147-1024x1024.jpg 1024w, https:\/\/www.couleursjapon.com\/blog\/wp-content\/uploads\/2016\/09\/57f2a21e531dc827a3ed3771fc7c1147-250x250.jpg 250w, https:\/\/www.couleursjapon.com\/blog\/wp-content\/uploads\/2016\/09\/57f2a21e531dc827a3ed3771fc7c1147-768x768.jpg 768w, https:\/\/www.couleursjapon.com\/blog\/wp-content\/uploads\/2016\/09\/57f2a21e531dc827a3ed3771fc7c1147-1200x1200.jpg 1200w, https:\/\/www.couleursjapon.com\/blog\/wp-content\/uploads\/2016\/09\/57f2a21e531dc827a3ed3771fc7c1147.jpg 1500w\" sizes=\"auto, (max-width: 300px) 85vw, 300px\" \/><\/a><figcaption id=\"caption-attachment-1092\" class=\"wp-caption-text\">Cordon chirimen bleu ciel fleurs de cerisier<\/figcaption><\/figure>\n<figure id=\"attachment_1093\" aria-describedby=\"caption-attachment-1093\" style=\"width: 300px\" class=\"wp-caption aligncenter\"><a href=\"https:\/\/couleursjapon.com\/fr\/cordons-chirimen\/908-cordon-chirimen-jaune-fleurs-5mm-diametre-vendu-au-metre.html\" target=\"_blank\" rel=\"noopener noreferrer\"><img loading=\"lazy\" decoding=\"async\" class=\"wp-image-1093 size-medium\" src=\"https:\/\/www.couleursjapon.com\/blog\/wp-content\/uploads\/2016\/09\/cordon-chirimen-jaune-fleurs-5mm-CJ00533A-300x300.jpg\" alt=\"Cordon chirimen jaune motifs de chrysanth\u00e8mes\" width=\"300\" height=\"300\" srcset=\"https:\/\/www.couleursjapon.com\/blog\/wp-content\/uploads\/2016\/09\/cordon-chirimen-jaune-fleurs-5mm-CJ00533A-300x300.jpg 300w, https:\/\/www.couleursjapon.com\/blog\/wp-content\/uploads\/2016\/09\/cordon-chirimen-jaune-fleurs-5mm-CJ00533A-1024x1024.jpg 1024w, https:\/\/www.couleursjapon.com\/blog\/wp-content\/uploads\/2016\/09\/cordon-chirimen-jaune-fleurs-5mm-CJ00533A-250x250.jpg 250w, https:\/\/www.couleursjapon.com\/blog\/wp-content\/uploads\/2016\/09\/cordon-chirimen-jaune-fleurs-5mm-CJ00533A-768x768.jpg 768w, https:\/\/www.couleursjapon.com\/blog\/wp-content\/uploads\/2016\/09\/cordon-chirimen-jaune-fleurs-5mm-CJ00533A-1200x1200.jpg 1200w, https:\/\/www.couleursjapon.com\/blog\/wp-content\/uploads\/2016\/09\/cordon-chirimen-jaune-fleurs-5mm-CJ00533A.jpg 1500w\" sizes=\"auto, (max-width: 300px) 85vw, 300px\" \/><\/a><figcaption id=\"caption-attachment-1093\" class=\"wp-caption-text\">Cordon chirimen jaune motifs de chrysanth\u00e8mes<\/figcaption><\/figure>\n<figure id=\"attachment_1094\" aria-describedby=\"caption-attachment-1094\" style=\"width: 300px\" class=\"wp-caption aligncenter\"><a href=\"https:\/\/couleursjapon.com\/fr\/cordons-chirimen\/1585-cordon-chirimen-rose-fleurs-5mm-diametre-vendu-au-metre.html\" target=\"_blank\" rel=\"noopener noreferrer\"><img loading=\"lazy\" decoding=\"async\" class=\"wp-image-1094 size-medium\" src=\"https:\/\/www.couleursjapon.com\/blog\/wp-content\/uploads\/2016\/09\/cordon-chirimen-rose-fleurs-5mm-CJ00952A-300x300.jpg\" alt=\"Cordon chirimen rose motifs de fleurs de cerisier\" width=\"300\" height=\"300\" srcset=\"https:\/\/www.couleursjapon.com\/blog\/wp-content\/uploads\/2016\/09\/cordon-chirimen-rose-fleurs-5mm-CJ00952A-300x300.jpg 300w, https:\/\/www.couleursjapon.com\/blog\/wp-content\/uploads\/2016\/09\/cordon-chirimen-rose-fleurs-5mm-CJ00952A-1024x1024.jpg 1024w, https:\/\/www.couleursjapon.com\/blog\/wp-content\/uploads\/2016\/09\/cordon-chirimen-rose-fleurs-5mm-CJ00952A-250x250.jpg 250w, https:\/\/www.couleursjapon.com\/blog\/wp-content\/uploads\/2016\/09\/cordon-chirimen-rose-fleurs-5mm-CJ00952A-768x768.jpg 768w, https:\/\/www.couleursjapon.com\/blog\/wp-content\/uploads\/2016\/09\/cordon-chirimen-rose-fleurs-5mm-CJ00952A-1200x1200.jpg 1200w, https:\/\/www.couleursjapon.com\/blog\/wp-content\/uploads\/2016\/09\/cordon-chirimen-rose-fleurs-5mm-CJ00952A.jpg 1500w\" sizes=\"auto, (max-width: 300px) 85vw, 300px\" \/><\/a><figcaption id=\"caption-attachment-1094\" class=\"wp-caption-text\">Cordon chirimen rose motifs de fleurs de cerisier<\/figcaption><\/figure>\n<figure id=\"attachment_1095\" aria-describedby=\"caption-attachment-1095\" style=\"width: 300px\" class=\"wp-caption aligncenter\"><a href=\"https:\/\/couleursjapon.com\/fr\/cordons-chirimen\/1582-cordon-chirimen-rose-fonce-fleurs-5mm-diametre-vendu-au-metre.html\" target=\"_blank\" rel=\"noopener noreferrer\"><img loading=\"lazy\" decoding=\"async\" class=\"wp-image-1095 size-medium\" src=\"https:\/\/www.couleursjapon.com\/blog\/wp-content\/uploads\/2016\/09\/a7927afb0280e769cdfca5a8ced831bd-300x300.jpg\" alt=\"Cordon chirimen rose fonc\u00e9 fleurs de cerisier\" width=\"300\" height=\"300\" srcset=\"https:\/\/www.couleursjapon.com\/blog\/wp-content\/uploads\/2016\/09\/a7927afb0280e769cdfca5a8ced831bd-300x300.jpg 300w, https:\/\/www.couleursjapon.com\/blog\/wp-content\/uploads\/2016\/09\/a7927afb0280e769cdfca5a8ced831bd-1024x1024.jpg 1024w, https:\/\/www.couleursjapon.com\/blog\/wp-content\/uploads\/2016\/09\/a7927afb0280e769cdfca5a8ced831bd-250x250.jpg 250w, https:\/\/www.couleursjapon.com\/blog\/wp-content\/uploads\/2016\/09\/a7927afb0280e769cdfca5a8ced831bd-768x768.jpg 768w, https:\/\/www.couleursjapon.com\/blog\/wp-content\/uploads\/2016\/09\/a7927afb0280e769cdfca5a8ced831bd-1200x1200.jpg 1200w, https:\/\/www.couleursjapon.com\/blog\/wp-content\/uploads\/2016\/09\/a7927afb0280e769cdfca5a8ced831bd.jpg 1500w\" sizes=\"auto, (max-width: 300px) 85vw, 300px\" \/><\/a><figcaption id=\"caption-attachment-1095\" class=\"wp-caption-text\">Cordon chirimen rose fonc\u00e9 fleurs de cerisier<\/figcaption><\/figure>\n<figure id=\"attachment_1096\" aria-describedby=\"caption-attachment-1096\" style=\"width: 300px\" class=\"wp-caption aligncenter\"><a href=\"https:\/\/couleursjapon.com\/fr\/cordons-chirimen\/1583-cordon-chirimen-violet-fonce-fleurs-5mm-diametre-vendu-au-metre.html\" target=\"_blank\" rel=\"noopener noreferrer\"><img loading=\"lazy\" decoding=\"async\" class=\"wp-image-1096 size-medium\" src=\"https:\/\/www.couleursjapon.com\/blog\/wp-content\/uploads\/2016\/09\/9e1e68a197aab5f6dc1a5eb5b1837612-300x300.jpg\" alt=\"Cordon chirimen violet fonc\u00e9 fleurs de cerisier\" width=\"300\" height=\"300\" srcset=\"https:\/\/www.couleursjapon.com\/blog\/wp-content\/uploads\/2016\/09\/9e1e68a197aab5f6dc1a5eb5b1837612-300x300.jpg 300w, https:\/\/www.couleursjapon.com\/blog\/wp-content\/uploads\/2016\/09\/9e1e68a197aab5f6dc1a5eb5b1837612-1024x1024.jpg 1024w, https:\/\/www.couleursjapon.com\/blog\/wp-content\/uploads\/2016\/09\/9e1e68a197aab5f6dc1a5eb5b1837612-250x250.jpg 250w, https:\/\/www.couleursjapon.com\/blog\/wp-content\/uploads\/2016\/09\/9e1e68a197aab5f6dc1a5eb5b1837612-768x768.jpg 768w, https:\/\/www.couleursjapon.com\/blog\/wp-content\/uploads\/2016\/09\/9e1e68a197aab5f6dc1a5eb5b1837612-1200x1200.jpg 1200w, https:\/\/www.couleursjapon.com\/blog\/wp-content\/uploads\/2016\/09\/9e1e68a197aab5f6dc1a5eb5b1837612.jpg 1500w\" sizes=\"auto, (max-width: 300px) 85vw, 300px\" \/><\/a><figcaption id=\"caption-attachment-1096\" class=\"wp-caption-text\">Cordon chirimen violet fonc\u00e9 fleurs de cerisier<\/figcaption><\/figure>\n<p>Pour r\u00e9aliser des bijoux (colliers, bracelets) ou des anses de petits sacs et pochettes par exemple.<\/p>\n<p>Attention, les cordons 6mm qui sont actuellement sur le site vont dispara\u00eetre progressivement pour \u00eatre remplac\u00e9s par des versions 5mm exclusivement.<\/p>\n","protected":false},"excerpt":{"rendered":"<p>9 nouveaux cordons chirimen sont disponibles sur le site. Tous en taille 5mm de diam\u00e8tre, ext\u00e9rieur en chirimen polyester, corde int\u00e9rieure en nylon. 2 cordons \u00e0 motifs g\u00e9om\u00e9triques karakusa vendus en sachets de 1,8m 2 cordons unis vendus au m\u00e8tre 5 cordons \u00e0 motifs de fleurs de cerisier vendus au m\u00e8tre Pour r\u00e9aliser des bijoux &hellip; <a href=\"https:\/\/www.couleursjapon.com\/blog\/nouveaux-cordons-chirimen-unis-et-a-motifs\/\" class=\"more-link\">Continuer la lecture<span class=\"screen-reader-text\"> de &laquo;&nbsp;Nouveaux cordons chirimen unis et \u00e0 motifs&nbsp;&raquo;<\/span><\/a><\/p>\n","protected":false},"author":1,"featured_media":1096,"comment_status":"open","ping_status":"open","sticky":false,"template":"","format":"standard","meta":{"footnotes":""},"categories":[182],"tags":[420,33,264,162,199],"class_list":["post-1086","post","type-post","status-publish","format-standard","has-post-thumbnail","hentry","category-acutalites-du-site-internet","tag-bijoux","tag-chirimen","tag-collier","tag-cordon","tag-kimono"],"yoast_head":"<!-- This site is optimized with the Yoast SEO plugin v27.3 - https:\/\/yoast.com\/product\/yoast-seo-wordpress\/ -->\n<title>Nouveaux cordons chirimen unis et \u00e0 motifs - Couleurs Japon<\/title>\n<meta name=\"robots\" content=\"index, follow, max-snippet:-1, max-image-preview:large, max-video-preview:-1\" \/>\n<link rel=\"canonical\" href=\"https:\/\/www.couleursjapon.com\/blog\/nouveaux-cordons-chirimen-unis-et-a-motifs\/\" \/>\n<meta property=\"og:locale\" content=\"fr_FR\" \/>\n<meta property=\"og:type\" content=\"article\" \/>\n<meta property=\"og:title\" content=\"Nouveaux cordons chirimen unis et \u00e0 motifs - Couleurs Japon\" \/>\n<meta property=\"og:description\" content=\"9 nouveaux cordons chirimen sont disponibles sur le site. Tous en taille 5mm de diam\u00e8tre, ext\u00e9rieur en chirimen polyester, corde int\u00e9rieure en nylon. 2 cordons \u00e0 motifs g\u00e9om\u00e9triques karakusa vendus en sachets de 1,8m 2 cordons unis vendus au m\u00e8tre 5 cordons \u00e0 motifs de fleurs de cerisier vendus au m\u00e8tre Pour r\u00e9aliser des bijoux &hellip; Continuer la lecture de &laquo;&nbsp;Nouveaux cordons chirimen unis et \u00e0 motifs&nbsp;&raquo;\" \/>\n<meta property=\"og:url\" content=\"https:\/\/www.couleursjapon.com\/blog\/nouveaux-cordons-chirimen-unis-et-a-motifs\/\" \/>\n<meta property=\"og:site_name\" content=\"Couleurs Japon\" \/>\n<meta property=\"article:publisher\" content=\"https:\/\/www.facebook.com\/CouleursJapon\/\" \/>\n<meta property=\"article:published_time\" content=\"2016-09-14T09:26:07+00:00\" \/>\n<meta property=\"article:modified_time\" content=\"2020-10-09T15:46:29+00:00\" \/>\n<meta property=\"og:image\" content=\"https:\/\/www.couleursjapon.com\/blog\/wp-content\/uploads\/2016\/09\/9e1e68a197aab5f6dc1a5eb5b1837612.jpg\" \/>\n\t<meta property=\"og:image:width\" content=\"1500\" \/>\n\t<meta property=\"og:image:height\" content=\"1500\" \/>\n\t<meta property=\"og:image:type\" content=\"image\/jpeg\" \/>\n<meta name=\"author\" content=\"Pascaline\" \/>\n<meta name=\"twitter:card\" content=\"summary_large_image\" \/>\n<meta name=\"twitter:label1\" content=\"\u00c9crit par\" \/>\n\t<meta name=\"twitter:data1\" content=\"Pascaline\" \/>\n\t<meta name=\"twitter:label2\" content=\"Dur\u00e9e de lecture estim\u00e9e\" \/>\n\t<meta name=\"twitter:data2\" content=\"1 minute\" \/>\n<script type=\"application\/ld+json\" class=\"yoast-schema-graph\">{\"@context\":\"https:\\\/\\\/schema.org\",\"@graph\":[{\"@type\":\"Article\",\"@id\":\"https:\\\/\\\/www.couleursjapon.com\\\/blog\\\/nouveaux-cordons-chirimen-unis-et-a-motifs\\\/#article\",\"isPartOf\":{\"@id\":\"https:\\\/\\\/www.couleursjapon.com\\\/blog\\\/nouveaux-cordons-chirimen-unis-et-a-motifs\\\/\"},\"author\":{\"name\":\"Pascaline\",\"@id\":\"https:\\\/\\\/www.couleursjapon.com\\\/blog\\\/#\\\/schema\\\/person\\\/6cfac89a7be4e2bd871f9340169acd3b\"},\"headline\":\"Nouveaux cordons chirimen unis et \u00e0 motifs\",\"datePublished\":\"2016-09-14T09:26:07+00:00\",\"dateModified\":\"2020-10-09T15:46:29+00:00\",\"mainEntityOfPage\":{\"@id\":\"https:\\\/\\\/www.couleursjapon.com\\\/blog\\\/nouveaux-cordons-chirimen-unis-et-a-motifs\\\/\"},\"wordCount\":217,\"commentCount\":0,\"publisher\":{\"@id\":\"https:\\\/\\\/www.couleursjapon.com\\\/blog\\\/#organization\"},\"image\":{\"@id\":\"https:\\\/\\\/www.couleursjapon.com\\\/blog\\\/nouveaux-cordons-chirimen-unis-et-a-motifs\\\/#primaryimage\"},\"thumbnailUrl\":\"https:\\\/\\\/www.couleursjapon.com\\\/blog\\\/wp-content\\\/uploads\\\/2016\\\/09\\\/9e1e68a197aab5f6dc1a5eb5b1837612.jpg\",\"keywords\":[\"bijoux\",\"chirimen\",\"collier\",\"cordon\",\"kimono\"],\"articleSection\":[\"Actualit\u00e9s du site internet\"],\"inLanguage\":\"fr-FR\",\"potentialAction\":[{\"@type\":\"CommentAction\",\"name\":\"Comment\",\"target\":[\"https:\\\/\\\/www.couleursjapon.com\\\/blog\\\/nouveaux-cordons-chirimen-unis-et-a-motifs\\\/#respond\"]}]},{\"@type\":\"WebPage\",\"@id\":\"https:\\\/\\\/www.couleursjapon.com\\\/blog\\\/nouveaux-cordons-chirimen-unis-et-a-motifs\\\/\",\"url\":\"https:\\\/\\\/www.couleursjapon.com\\\/blog\\\/nouveaux-cordons-chirimen-unis-et-a-motifs\\\/\",\"name\":\"Nouveaux cordons chirimen unis et \u00e0 motifs - Couleurs Japon\",\"isPartOf\":{\"@id\":\"https:\\\/\\\/www.couleursjapon.com\\\/blog\\\/#website\"},\"primaryImageOfPage\":{\"@id\":\"https:\\\/\\\/www.couleursjapon.com\\\/blog\\\/nouveaux-cordons-chirimen-unis-et-a-motifs\\\/#primaryimage\"},\"image\":{\"@id\":\"https:\\\/\\\/www.couleursjapon.com\\\/blog\\\/nouveaux-cordons-chirimen-unis-et-a-motifs\\\/#primaryimage\"},\"thumbnailUrl\":\"https:\\\/\\\/www.couleursjapon.com\\\/blog\\\/wp-content\\\/uploads\\\/2016\\\/09\\\/9e1e68a197aab5f6dc1a5eb5b1837612.jpg\",\"datePublished\":\"2016-09-14T09:26:07+00:00\",\"dateModified\":\"2020-10-09T15:46:29+00:00\",\"breadcrumb\":{\"@id\":\"https:\\\/\\\/www.couleursjapon.com\\\/blog\\\/nouveaux-cordons-chirimen-unis-et-a-motifs\\\/#breadcrumb\"},\"inLanguage\":\"fr-FR\",\"potentialAction\":[{\"@type\":\"ReadAction\",\"target\":[\"https:\\\/\\\/www.couleursjapon.com\\\/blog\\\/nouveaux-cordons-chirimen-unis-et-a-motifs\\\/\"]}]},{\"@type\":\"ImageObject\",\"inLanguage\":\"fr-FR\",\"@id\":\"https:\\\/\\\/www.couleursjapon.com\\\/blog\\\/nouveaux-cordons-chirimen-unis-et-a-motifs\\\/#primaryimage\",\"url\":\"https:\\\/\\\/www.couleursjapon.com\\\/blog\\\/wp-content\\\/uploads\\\/2016\\\/09\\\/9e1e68a197aab5f6dc1a5eb5b1837612.jpg\",\"contentUrl\":\"https:\\\/\\\/www.couleursjapon.com\\\/blog\\\/wp-content\\\/uploads\\\/2016\\\/09\\\/9e1e68a197aab5f6dc1a5eb5b1837612.jpg\",\"width\":1500,\"height\":1500},{\"@type\":\"BreadcrumbList\",\"@id\":\"https:\\\/\\\/www.couleursjapon.com\\\/blog\\\/nouveaux-cordons-chirimen-unis-et-a-motifs\\\/#breadcrumb\",\"itemListElement\":[{\"@type\":\"ListItem\",\"position\":1,\"name\":\"Accueil\",\"item\":\"https:\\\/\\\/www.couleursjapon.com\\\/blog\\\/\"},{\"@type\":\"ListItem\",\"position\":2,\"name\":\"Nouveaux cordons chirimen unis et \u00e0 motifs\"}]},{\"@type\":\"WebSite\",\"@id\":\"https:\\\/\\\/www.couleursjapon.com\\\/blog\\\/#website\",\"url\":\"https:\\\/\\\/www.couleursjapon.com\\\/blog\\\/\",\"name\":\"Couleurs Japon\",\"description\":\"Tissus japonais\",\"publisher\":{\"@id\":\"https:\\\/\\\/www.couleursjapon.com\\\/blog\\\/#organization\"},\"potentialAction\":[{\"@type\":\"SearchAction\",\"target\":{\"@type\":\"EntryPoint\",\"urlTemplate\":\"https:\\\/\\\/www.couleursjapon.com\\\/blog\\\/?s={search_term_string}\"},\"query-input\":{\"@type\":\"PropertyValueSpecification\",\"valueRequired\":true,\"valueName\":\"search_term_string\"}}],\"inLanguage\":\"fr-FR\"},{\"@type\":\"Organization\",\"@id\":\"https:\\\/\\\/www.couleursjapon.com\\\/blog\\\/#organization\",\"name\":\"Couleurs Japon\",\"url\":\"https:\\\/\\\/www.couleursjapon.com\\\/blog\\\/\",\"logo\":{\"@type\":\"ImageObject\",\"inLanguage\":\"fr-FR\",\"@id\":\"https:\\\/\\\/www.couleursjapon.com\\\/blog\\\/#\\\/schema\\\/logo\\\/image\\\/\",\"url\":\"https:\\\/\\\/www.couleursjapon.com\\\/blog\\\/wp-content\\\/uploads\\\/2020\\\/10\\\/couleurs-japon-logo-1.png\",\"contentUrl\":\"https:\\\/\\\/www.couleursjapon.com\\\/blog\\\/wp-content\\\/uploads\\\/2020\\\/10\\\/couleurs-japon-logo-1.png\",\"width\":400,\"height\":77,\"caption\":\"Couleurs Japon\"},\"image\":{\"@id\":\"https:\\\/\\\/www.couleursjapon.com\\\/blog\\\/#\\\/schema\\\/logo\\\/image\\\/\"},\"sameAs\":[\"https:\\\/\\\/www.facebook.com\\\/CouleursJapon\\\/\",\"https:\\\/\\\/www.instagram.com\\\/couleursjapon\",\"https:\\\/\\\/www.pinterest.fr\\\/couleursjapon\\\/\"]},{\"@type\":\"Person\",\"@id\":\"https:\\\/\\\/www.couleursjapon.com\\\/blog\\\/#\\\/schema\\\/person\\\/6cfac89a7be4e2bd871f9340169acd3b\",\"name\":\"Pascaline\",\"image\":{\"@type\":\"ImageObject\",\"inLanguage\":\"fr-FR\",\"@id\":\"https:\\\/\\\/secure.gravatar.com\\\/avatar\\\/b9c6a29f8912cdfda78bfc45075e0ff0865b74e5ddd9b600e5e618c78b531d8b?s=96&d=mm&r=g\",\"url\":\"https:\\\/\\\/secure.gravatar.com\\\/avatar\\\/b9c6a29f8912cdfda78bfc45075e0ff0865b74e5ddd9b600e5e618c78b531d8b?s=96&d=mm&r=g\",\"contentUrl\":\"https:\\\/\\\/secure.gravatar.com\\\/avatar\\\/b9c6a29f8912cdfda78bfc45075e0ff0865b74e5ddd9b600e5e618c78b531d8b?s=96&d=mm&r=g\",\"caption\":\"Pascaline\"},\"sameAs\":[\"http:\\\/\\\/www.couleursjapon.com\"]}]}<\/script>\n<!-- \/ Yoast SEO plugin. -->","yoast_head_json":{"title":"Nouveaux cordons chirimen unis et \u00e0 motifs - Couleurs Japon","robots":{"index":"index","follow":"follow","max-snippet":"max-snippet:-1","max-image-preview":"max-image-preview:large","max-video-preview":"max-video-preview:-1"},"canonical":"https:\/\/www.couleursjapon.com\/blog\/nouveaux-cordons-chirimen-unis-et-a-motifs\/","og_locale":"fr_FR","og_type":"article","og_title":"Nouveaux cordons chirimen unis et \u00e0 motifs - Couleurs Japon","og_description":"9 nouveaux cordons chirimen sont disponibles sur le site. Tous en taille 5mm de diam\u00e8tre, ext\u00e9rieur en chirimen polyester, corde int\u00e9rieure en nylon. 2 cordons \u00e0 motifs g\u00e9om\u00e9triques karakusa vendus en sachets de 1,8m 2 cordons unis vendus au m\u00e8tre 5 cordons \u00e0 motifs de fleurs de cerisier vendus au m\u00e8tre Pour r\u00e9aliser des bijoux &hellip; Continuer la lecture de &laquo;&nbsp;Nouveaux cordons chirimen unis et \u00e0 motifs&nbsp;&raquo;","og_url":"https:\/\/www.couleursjapon.com\/blog\/nouveaux-cordons-chirimen-unis-et-a-motifs\/","og_site_name":"Couleurs Japon","article_publisher":"https:\/\/www.facebook.com\/CouleursJapon\/","article_published_time":"2016-09-14T09:26:07+00:00","article_modified_time":"2020-10-09T15:46:29+00:00","og_image":[{"width":1500,"height":1500,"url":"https:\/\/www.couleursjapon.com\/blog\/wp-content\/uploads\/2016\/09\/9e1e68a197aab5f6dc1a5eb5b1837612.jpg","type":"image\/jpeg"}],"author":"Pascaline","twitter_card":"summary_large_image","twitter_misc":{"\u00c9crit par":"Pascaline","Dur\u00e9e de lecture estim\u00e9e":"1 minute"},"schema":{"@context":"https:\/\/schema.org","@graph":[{"@type":"Article","@id":"https:\/\/www.couleursjapon.com\/blog\/nouveaux-cordons-chirimen-unis-et-a-motifs\/#article","isPartOf":{"@id":"https:\/\/www.couleursjapon.com\/blog\/nouveaux-cordons-chirimen-unis-et-a-motifs\/"},"author":{"name":"Pascaline","@id":"https:\/\/www.couleursjapon.com\/blog\/#\/schema\/person\/6cfac89a7be4e2bd871f9340169acd3b"},"headline":"Nouveaux cordons chirimen unis et \u00e0 motifs","datePublished":"2016-09-14T09:26:07+00:00","dateModified":"2020-10-09T15:46:29+00:00","mainEntityOfPage":{"@id":"https:\/\/www.couleursjapon.com\/blog\/nouveaux-cordons-chirimen-unis-et-a-motifs\/"},"wordCount":217,"commentCount":0,"publisher":{"@id":"https:\/\/www.couleursjapon.com\/blog\/#organization"},"image":{"@id":"https:\/\/www.couleursjapon.com\/blog\/nouveaux-cordons-chirimen-unis-et-a-motifs\/#primaryimage"},"thumbnailUrl":"https:\/\/www.couleursjapon.com\/blog\/wp-content\/uploads\/2016\/09\/9e1e68a197aab5f6dc1a5eb5b1837612.jpg","keywords":["bijoux","chirimen","collier","cordon","kimono"],"articleSection":["Actualit\u00e9s du site internet"],"inLanguage":"fr-FR","potentialAction":[{"@type":"CommentAction","name":"Comment","target":["https:\/\/www.couleursjapon.com\/blog\/nouveaux-cordons-chirimen-unis-et-a-motifs\/#respond"]}]},{"@type":"WebPage","@id":"https:\/\/www.couleursjapon.com\/blog\/nouveaux-cordons-chirimen-unis-et-a-motifs\/","url":"https:\/\/www.couleursjapon.com\/blog\/nouveaux-cordons-chirimen-unis-et-a-motifs\/","name":"Nouveaux cordons chirimen unis et \u00e0 motifs - Couleurs Japon","isPartOf":{"@id":"https:\/\/www.couleursjapon.com\/blog\/#website"},"primaryImageOfPage":{"@id":"https:\/\/www.couleursjapon.com\/blog\/nouveaux-cordons-chirimen-unis-et-a-motifs\/#primaryimage"},"image":{"@id":"https:\/\/www.couleursjapon.com\/blog\/nouveaux-cordons-chirimen-unis-et-a-motifs\/#primaryimage"},"thumbnailUrl":"https:\/\/www.couleursjapon.com\/blog\/wp-content\/uploads\/2016\/09\/9e1e68a197aab5f6dc1a5eb5b1837612.jpg","datePublished":"2016-09-14T09:26:07+00:00","dateModified":"2020-10-09T15:46:29+00:00","breadcrumb":{"@id":"https:\/\/www.couleursjapon.com\/blog\/nouveaux-cordons-chirimen-unis-et-a-motifs\/#breadcrumb"},"inLanguage":"fr-FR","potentialAction":[{"@type":"ReadAction","target":["https:\/\/www.couleursjapon.com\/blog\/nouveaux-cordons-chirimen-unis-et-a-motifs\/"]}]},{"@type":"ImageObject","inLanguage":"fr-FR","@id":"https:\/\/www.couleursjapon.com\/blog\/nouveaux-cordons-chirimen-unis-et-a-motifs\/#primaryimage","url":"https:\/\/www.couleursjapon.com\/blog\/wp-content\/uploads\/2016\/09\/9e1e68a197aab5f6dc1a5eb5b1837612.jpg","contentUrl":"https:\/\/www.couleursjapon.com\/blog\/wp-content\/uploads\/2016\/09\/9e1e68a197aab5f6dc1a5eb5b1837612.jpg","width":1500,"height":1500},{"@type":"BreadcrumbList","@id":"https:\/\/www.couleursjapon.com\/blog\/nouveaux-cordons-chirimen-unis-et-a-motifs\/#breadcrumb","itemListElement":[{"@type":"ListItem","position":1,"name":"Accueil","item":"https:\/\/www.couleursjapon.com\/blog\/"},{"@type":"ListItem","position":2,"name":"Nouveaux cordons chirimen unis et \u00e0 motifs"}]},{"@type":"WebSite","@id":"https:\/\/www.couleursjapon.com\/blog\/#website","url":"https:\/\/www.couleursjapon.com\/blog\/","name":"Couleurs Japon","description":"Tissus japonais","publisher":{"@id":"https:\/\/www.couleursjapon.com\/blog\/#organization"},"potentialAction":[{"@type":"SearchAction","target":{"@type":"EntryPoint","urlTemplate":"https:\/\/www.couleursjapon.com\/blog\/?s={search_term_string}"},"query-input":{"@type":"PropertyValueSpecification","valueRequired":true,"valueName":"search_term_string"}}],"inLanguage":"fr-FR"},{"@type":"Organization","@id":"https:\/\/www.couleursjapon.com\/blog\/#organization","name":"Couleurs Japon","url":"https:\/\/www.couleursjapon.com\/blog\/","logo":{"@type":"ImageObject","inLanguage":"fr-FR","@id":"https:\/\/www.couleursjapon.com\/blog\/#\/schema\/logo\/image\/","url":"https:\/\/www.couleursjapon.com\/blog\/wp-content\/uploads\/2020\/10\/couleurs-japon-logo-1.png","contentUrl":"https:\/\/www.couleursjapon.com\/blog\/wp-content\/uploads\/2020\/10\/couleurs-japon-logo-1.png","width":400,"height":77,"caption":"Couleurs Japon"},"image":{"@id":"https:\/\/www.couleursjapon.com\/blog\/#\/schema\/logo\/image\/"},"sameAs":["https:\/\/www.facebook.com\/CouleursJapon\/","https:\/\/www.instagram.com\/couleursjapon","https:\/\/www.pinterest.fr\/couleursjapon\/"]},{"@type":"Person","@id":"https:\/\/www.couleursjapon.com\/blog\/#\/schema\/person\/6cfac89a7be4e2bd871f9340169acd3b","name":"Pascaline","image":{"@type":"ImageObject","inLanguage":"fr-FR","@id":"https:\/\/secure.gravatar.com\/avatar\/b9c6a29f8912cdfda78bfc45075e0ff0865b74e5ddd9b600e5e618c78b531d8b?s=96&d=mm&r=g","url":"https:\/\/secure.gravatar.com\/avatar\/b9c6a29f8912cdfda78bfc45075e0ff0865b74e5ddd9b600e5e618c78b531d8b?s=96&d=mm&r=g","contentUrl":"https:\/\/secure.gravatar.com\/avatar\/b9c6a29f8912cdfda78bfc45075e0ff0865b74e5ddd9b600e5e618c78b531d8b?s=96&d=mm&r=g","caption":"Pascaline"},"sameAs":["http:\/\/www.couleursjapon.com"]}]}},"_links":{"self":[{"href":"https:\/\/www.couleursjapon.com\/blog\/wp-json\/wp\/v2\/posts\/1086","targetHints":{"allow":["GET"]}}],"collection":[{"href":"https:\/\/www.couleursjapon.com\/blog\/wp-json\/wp\/v2\/posts"}],"about":[{"href":"https:\/\/www.couleursjapon.com\/blog\/wp-json\/wp\/v2\/types\/post"}],"author":[{"embeddable":true,"href":"https:\/\/www.couleursjapon.com\/blog\/wp-json\/wp\/v2\/users\/1"}],"replies":[{"embeddable":true,"href":"https:\/\/www.couleursjapon.com\/blog\/wp-json\/wp\/v2\/comments?post=1086"}],"version-history":[{"count":4,"href":"https:\/\/www.couleursjapon.com\/blog\/wp-json\/wp\/v2\/posts\/1086\/revisions"}],"predecessor-version":[{"id":1293,"href":"https:\/\/www.couleursjapon.com\/blog\/wp-json\/wp\/v2\/posts\/1086\/revisions\/1293"}],"wp:featuredmedia":[{"embeddable":true,"href":"https:\/\/www.couleursjapon.com\/blog\/wp-json\/wp\/v2\/media\/1096"}],"wp:attachment":[{"href":"https:\/\/www.couleursjapon.com\/blog\/wp-json\/wp\/v2\/media?parent=1086"}],"wp:term":[{"taxonomy":"category","embeddable":true,"href":"https:\/\/www.couleursjapon.com\/blog\/wp-json\/wp\/v2\/categories?post=1086"},{"taxonomy":"post_tag","embeddable":true,"href":"https:\/\/www.couleursjapon.com\/blog\/wp-json\/wp\/v2\/tags?post=1086"}],"curies":[{"name":"wp","href":"https:\/\/api.w.org\/{rel}","templated":true}]}}