{"id":1031,"date":"2016-07-26T08:28:35","date_gmt":"2016-07-26T07:28:35","guid":{"rendered":"http:\/\/www.couleursjapon.com\/blog\/?p=1031"},"modified":"2021-02-26T12:23:51","modified_gmt":"2021-02-26T11:23:51","slug":"ouverture-du-magasin-couleurs-japon-dans-le-sud-de-lalsace-sierentz","status":"publish","type":"post","link":"https:\/\/www.couleursjapon.com\/blog\/ouverture-du-magasin-couleurs-japon-dans-le-sud-de-lalsace-sierentz\/","title":{"rendered":"Ouverture du magasin Couleurs Japon dans le Sud de l&rsquo;Alsace (Sierentz)"},"content":{"rendered":"<p>Apr\u00e8s plus de 3 ans sur internet et sur salons, Couleurs Japon a le plaisir de vous accueillir d\u00e8s \u00e0 pr\u00e9sent dans sa boutique \u00e0 15 minutes de Mulhouse et 15 minutes de B\u00e2le, au 46 rue Rogg Haas \u00e0 Sierentz.<\/p>\n<figure id=\"attachment_1034\" aria-describedby=\"caption-attachment-1034\" style=\"width: 227px\" class=\"wp-caption aligncenter\"><img loading=\"lazy\" decoding=\"async\" class=\"size-medium wp-image-1034\" src=\"https:\/\/www.couleursjapon.com\/blog\/wp-content\/uploads\/2016\/07\/boutique-tissus-Couleurs-Japon-227x300.jpg\" alt=\"Magasin Couleurs Japon \u00e0 Sierentz\" width=\"227\" height=\"300\" srcset=\"https:\/\/www.couleursjapon.com\/blog\/wp-content\/uploads\/2016\/07\/boutique-tissus-Couleurs-Japon-227x300.jpg 227w, https:\/\/www.couleursjapon.com\/blog\/wp-content\/uploads\/2016\/07\/boutique-tissus-Couleurs-Japon-775x1024.jpg 775w, https:\/\/www.couleursjapon.com\/blog\/wp-content\/uploads\/2016\/07\/boutique-tissus-Couleurs-Japon-768x1014.jpg 768w, https:\/\/www.couleursjapon.com\/blog\/wp-content\/uploads\/2016\/07\/boutique-tissus-Couleurs-Japon-1163x1536.jpg 1163w, https:\/\/www.couleursjapon.com\/blog\/wp-content\/uploads\/2016\/07\/boutique-tissus-Couleurs-Japon-1551x2048.jpg 1551w, https:\/\/www.couleursjapon.com\/blog\/wp-content\/uploads\/2016\/07\/boutique-tissus-Couleurs-Japon-1200x1585.jpg 1200w, https:\/\/www.couleursjapon.com\/blog\/wp-content\/uploads\/2016\/07\/boutique-tissus-Couleurs-Japon.jpg 1921w\" sizes=\"auto, (max-width: 227px) 85vw, 227px\" \/><figcaption id=\"caption-attachment-1034\" class=\"wp-caption-text\">Magasin Couleurs Japon \u00e0 Sierentz<\/figcaption><\/figure>\n<p>Vous y retrouverez tous les produits du site internet et m\u00eame plus (tissus, mercerie, broderie, papiers, tampons, gommes \u00e0 graver, livres de loisirs cr\u00e9atifs, patrons, objets japonais&#8230;).<\/p>\n<figure id=\"attachment_1035\" aria-describedby=\"caption-attachment-1035\" style=\"width: 300px\" class=\"wp-caption aligncenter\"><img loading=\"lazy\" decoding=\"async\" class=\"size-medium wp-image-1035\" src=\"https:\/\/www.couleursjapon.com\/blog\/wp-content\/uploads\/2016\/07\/IMG_7967-300x225.jpg\" alt=\"Le rayon tissus de la boutique\" width=\"300\" height=\"225\" srcset=\"https:\/\/www.couleursjapon.com\/blog\/wp-content\/uploads\/2016\/07\/IMG_7967-300x225.jpg 300w, https:\/\/www.couleursjapon.com\/blog\/wp-content\/uploads\/2016\/07\/IMG_7967-1024x768.jpg 1024w, https:\/\/www.couleursjapon.com\/blog\/wp-content\/uploads\/2016\/07\/IMG_7967-768x576.jpg 768w, https:\/\/www.couleursjapon.com\/blog\/wp-content\/uploads\/2016\/07\/IMG_7967-1536x1152.jpg 1536w, https:\/\/www.couleursjapon.com\/blog\/wp-content\/uploads\/2016\/07\/IMG_7967-2048x1536.jpg 2048w, https:\/\/www.couleursjapon.com\/blog\/wp-content\/uploads\/2016\/07\/IMG_7967-1200x900.jpg 1200w, https:\/\/www.couleursjapon.com\/blog\/wp-content\/uploads\/2016\/07\/IMG_7967-1980x1485.jpg 1980w\" sizes=\"auto, (max-width: 300px) 85vw, 300px\" \/><figcaption id=\"caption-attachment-1035\" class=\"wp-caption-text\">Le rayon tissus de la boutique<\/figcaption><\/figure>\n<p>En voiture: autoroute A35 sortie Sierentz, suivre la rue principale en direction de Bartenheim, la boutique se trouve pr\u00e8s de la gendarmerie (Itin\u00e9raire sur <a href=\"https:\/\/www.google.fr\/maps\/place\/Couleurs+Japon\/@47.648679,7.4604164,15z\/data=!4m12!1m6!3m5!1s0x0:0x8878e62165f12b5e!2sCouleurs+Japon!8m2!3d47.648679!4d7.4604164!3m4!1s0x0:0x8878e62165f12b5e!8m2!3d47.648679!4d7.4604164!6m1!1e1\" target=\"_blank\" rel=\"noopener\">Google Maps cliquer ici<\/a>).<\/p>\n<p>En train 10 minutes \u00e0 pieds depuis la gare de Sierentz (<a href=\"https:\/\/www.google.fr\/maps\/dir\/47.65598,+7.459260\/Couleurs+Japon,+46+Rue+Rogg+Haas,+68510+Sierentz\/@47.6523976,7.453453,16z\/data=!3m1!4b1!4m11!4m10!1m3!2m2!1d7.45926!2d47.65598!1m5!1m1!1s0x4792247d2aee9f61:0x8878e62165f12b5e!2m2!1d7.4604164!2d47.648679\" target=\"_blank\" rel=\"noopener\">lien vers le plan Google Maps cliquer ici<\/a>).<\/p>\n<p>&nbsp;<\/p>\n<p>Les horaires sont les suivants (ouverture en demi-journ\u00e9e pour pouvoir continuer \u00e0 vous servir sur internet), hors salons:<\/p>\n<p>lundi 9:30-12:30 et 14:30\u201317:45<br \/>\nmardi 9:30-12:30 et 14:30\u201317:45<br \/>\nmercredi 9:30-12:30<br \/>\njeudi 9:30-12:30 et 14:30\u201317:45<br \/>\nvendredi 9:30-12:30 et 14:30\u201317:45<br \/>\n1er samedi du mois 10h-17h<\/p>\n<p>Des ateliers seront \u00e9galement organis\u00e9s ponctuellement \u00e0 partir de la rentr\u00e9e (calendrier \u00e0 venir).<\/p>\n<p>A tr\u00e8s bient\u00f4t !<\/p>\n<p>Pascaline<\/p>\n<p>________________________<\/p>\n<p>Mise \u00e0 jour du 08\/08\/2018: Attention les horaires ont chang\u00e9 en 2017. Voir article suivant:&nbsp;<a href=\"https:\/\/www.couleursjapon.com\/blog\/nouveaux-horaires-et-mise-en-place-des-ateliers-a-sierentz\/\">https:\/\/www.couleursjapon.com\/blog\/nouveaux-horaires-et-mise-en-place-des-ateliers-a-sierentz\/<\/a><\/p>\n","protected":false},"excerpt":{"rendered":"<p>Apr\u00e8s plus de 3 ans sur internet et sur salons, Couleurs Japon a le plaisir de vous accueillir d\u00e8s \u00e0 pr\u00e9sent dans sa boutique \u00e0 15 minutes de Mulhouse et 15 minutes de B\u00e2le, au 46 rue Rogg Haas \u00e0 Sierentz. Vous y retrouverez tous les produits du site internet et m\u00eame plus (tissus, mercerie, &hellip; <a href=\"https:\/\/www.couleursjapon.com\/blog\/ouverture-du-magasin-couleurs-japon-dans-le-sud-de-lalsace-sierentz\/\" class=\"more-link\">Continuer la lecture<span class=\"screen-reader-text\"> de &laquo;&nbsp;Ouverture du magasin Couleurs Japon dans le Sud de l&rsquo;Alsace (Sierentz)&nbsp;&raquo;<\/span><\/a><\/p>\n","protected":false},"author":1,"featured_media":1035,"comment_status":"open","ping_status":"open","sticky":false,"template":"","format":"standard","meta":{"footnotes":""},"categories":[182],"tags":[407,73,77,85,32,409,84,252,353,404,392,42],"class_list":["post-1031","post","type-post","status-publish","format-standard","has-post-thumbnail","hentry","category-acutalites-du-site-internet","tag-alsace","tag-atelier","tag-boutique","tag-broderie-japonaise","tag-japonais","tag-magasin","tag-mercerie","tag-mulhouse","tag-papier-japonais","tag-sierentz","tag-tampons","tag-tissu"],"yoast_head":"<!-- This site is optimized with the Yoast SEO plugin v27.3 - https:\/\/yoast.com\/product\/yoast-seo-wordpress\/ -->\n<title>Ouverture du magasin Couleurs Japon dans le Sud de l&#039;Alsace (Sierentz) - Couleurs Japon<\/title>\n<meta name=\"robots\" content=\"index, follow, max-snippet:-1, max-image-preview:large, max-video-preview:-1\" \/>\n<link rel=\"canonical\" href=\"https:\/\/www.couleursjapon.com\/blog\/ouverture-du-magasin-couleurs-japon-dans-le-sud-de-lalsace-sierentz\/\" \/>\n<meta property=\"og:locale\" content=\"fr_FR\" \/>\n<meta property=\"og:type\" content=\"article\" \/>\n<meta property=\"og:title\" content=\"Ouverture du magasin Couleurs Japon dans le Sud de l&#039;Alsace (Sierentz) - Couleurs Japon\" \/>\n<meta property=\"og:description\" content=\"Apr\u00e8s plus de 3 ans sur internet et sur salons, Couleurs Japon a le plaisir de vous accueillir d\u00e8s \u00e0 pr\u00e9sent dans sa boutique \u00e0 15 minutes de Mulhouse et 15 minutes de B\u00e2le, au 46 rue Rogg Haas \u00e0 Sierentz. Vous y retrouverez tous les produits du site internet et m\u00eame plus (tissus, mercerie, &hellip; Continuer la lecture de &laquo;&nbsp;Ouverture du magasin Couleurs Japon dans le Sud de l&rsquo;Alsace (Sierentz)&nbsp;&raquo;\" \/>\n<meta property=\"og:url\" content=\"https:\/\/www.couleursjapon.com\/blog\/ouverture-du-magasin-couleurs-japon-dans-le-sud-de-lalsace-sierentz\/\" \/>\n<meta property=\"og:site_name\" content=\"Couleurs Japon\" \/>\n<meta property=\"article:publisher\" content=\"https:\/\/www.facebook.com\/CouleursJapon\/\" \/>\n<meta property=\"article:published_time\" content=\"2016-07-26T07:28:35+00:00\" \/>\n<meta property=\"article:modified_time\" content=\"2021-02-26T11:23:51+00:00\" \/>\n<meta property=\"og:image\" content=\"https:\/\/www.couleursjapon.com\/blog\/wp-content\/uploads\/2016\/07\/IMG_7967-scaled.jpg\" \/>\n\t<meta property=\"og:image:width\" content=\"2560\" \/>\n\t<meta property=\"og:image:height\" content=\"1920\" \/>\n\t<meta property=\"og:image:type\" content=\"image\/jpeg\" \/>\n<meta name=\"author\" content=\"Pascaline\" \/>\n<meta name=\"twitter:card\" content=\"summary_large_image\" \/>\n<meta name=\"twitter:label1\" content=\"\u00c9crit par\" \/>\n\t<meta name=\"twitter:data1\" content=\"Pascaline\" \/>\n\t<meta name=\"twitter:label2\" content=\"Dur\u00e9e de lecture estim\u00e9e\" \/>\n\t<meta name=\"twitter:data2\" content=\"2 minutes\" \/>\n<script type=\"application\/ld+json\" class=\"yoast-schema-graph\">{\"@context\":\"https:\\\/\\\/schema.org\",\"@graph\":[{\"@type\":\"Article\",\"@id\":\"https:\\\/\\\/www.couleursjapon.com\\\/blog\\\/ouverture-du-magasin-couleurs-japon-dans-le-sud-de-lalsace-sierentz\\\/#article\",\"isPartOf\":{\"@id\":\"https:\\\/\\\/www.couleursjapon.com\\\/blog\\\/ouverture-du-magasin-couleurs-japon-dans-le-sud-de-lalsace-sierentz\\\/\"},\"author\":{\"name\":\"Pascaline\",\"@id\":\"https:\\\/\\\/www.couleursjapon.com\\\/blog\\\/#\\\/schema\\\/person\\\/6cfac89a7be4e2bd871f9340169acd3b\"},\"headline\":\"Ouverture du magasin Couleurs Japon dans le Sud de l&rsquo;Alsace (Sierentz)\",\"datePublished\":\"2016-07-26T07:28:35+00:00\",\"dateModified\":\"2021-02-26T11:23:51+00:00\",\"mainEntityOfPage\":{\"@id\":\"https:\\\/\\\/www.couleursjapon.com\\\/blog\\\/ouverture-du-magasin-couleurs-japon-dans-le-sud-de-lalsace-sierentz\\\/\"},\"wordCount\":227,\"commentCount\":3,\"publisher\":{\"@id\":\"https:\\\/\\\/www.couleursjapon.com\\\/blog\\\/#organization\"},\"image\":{\"@id\":\"https:\\\/\\\/www.couleursjapon.com\\\/blog\\\/ouverture-du-magasin-couleurs-japon-dans-le-sud-de-lalsace-sierentz\\\/#primaryimage\"},\"thumbnailUrl\":\"https:\\\/\\\/www.couleursjapon.com\\\/blog\\\/wp-content\\\/uploads\\\/2016\\\/07\\\/IMG_7967-scaled.jpg\",\"keywords\":[\"Alsace\",\"atelier\",\"boutique\",\"broderie japonaise\",\"japonais\",\"magasin\",\"mercerie\",\"Mulhouse\",\"papier japonais\",\"Sierentz\",\"tampons\",\"tissu\"],\"articleSection\":[\"Actualit\u00e9s du site internet\"],\"inLanguage\":\"fr-FR\",\"potentialAction\":[{\"@type\":\"CommentAction\",\"name\":\"Comment\",\"target\":[\"https:\\\/\\\/www.couleursjapon.com\\\/blog\\\/ouverture-du-magasin-couleurs-japon-dans-le-sud-de-lalsace-sierentz\\\/#respond\"]}]},{\"@type\":\"WebPage\",\"@id\":\"https:\\\/\\\/www.couleursjapon.com\\\/blog\\\/ouverture-du-magasin-couleurs-japon-dans-le-sud-de-lalsace-sierentz\\\/\",\"url\":\"https:\\\/\\\/www.couleursjapon.com\\\/blog\\\/ouverture-du-magasin-couleurs-japon-dans-le-sud-de-lalsace-sierentz\\\/\",\"name\":\"Ouverture du magasin Couleurs Japon dans le Sud de l'Alsace (Sierentz) - Couleurs Japon\",\"isPartOf\":{\"@id\":\"https:\\\/\\\/www.couleursjapon.com\\\/blog\\\/#website\"},\"primaryImageOfPage\":{\"@id\":\"https:\\\/\\\/www.couleursjapon.com\\\/blog\\\/ouverture-du-magasin-couleurs-japon-dans-le-sud-de-lalsace-sierentz\\\/#primaryimage\"},\"image\":{\"@id\":\"https:\\\/\\\/www.couleursjapon.com\\\/blog\\\/ouverture-du-magasin-couleurs-japon-dans-le-sud-de-lalsace-sierentz\\\/#primaryimage\"},\"thumbnailUrl\":\"https:\\\/\\\/www.couleursjapon.com\\\/blog\\\/wp-content\\\/uploads\\\/2016\\\/07\\\/IMG_7967-scaled.jpg\",\"datePublished\":\"2016-07-26T07:28:35+00:00\",\"dateModified\":\"2021-02-26T11:23:51+00:00\",\"breadcrumb\":{\"@id\":\"https:\\\/\\\/www.couleursjapon.com\\\/blog\\\/ouverture-du-magasin-couleurs-japon-dans-le-sud-de-lalsace-sierentz\\\/#breadcrumb\"},\"inLanguage\":\"fr-FR\",\"potentialAction\":[{\"@type\":\"ReadAction\",\"target\":[\"https:\\\/\\\/www.couleursjapon.com\\\/blog\\\/ouverture-du-magasin-couleurs-japon-dans-le-sud-de-lalsace-sierentz\\\/\"]}]},{\"@type\":\"ImageObject\",\"inLanguage\":\"fr-FR\",\"@id\":\"https:\\\/\\\/www.couleursjapon.com\\\/blog\\\/ouverture-du-magasin-couleurs-japon-dans-le-sud-de-lalsace-sierentz\\\/#primaryimage\",\"url\":\"https:\\\/\\\/www.couleursjapon.com\\\/blog\\\/wp-content\\\/uploads\\\/2016\\\/07\\\/IMG_7967-scaled.jpg\",\"contentUrl\":\"https:\\\/\\\/www.couleursjapon.com\\\/blog\\\/wp-content\\\/uploads\\\/2016\\\/07\\\/IMG_7967-scaled.jpg\",\"width\":2560,\"height\":1920,\"caption\":\"Le rayon tissus de la boutique\"},{\"@type\":\"BreadcrumbList\",\"@id\":\"https:\\\/\\\/www.couleursjapon.com\\\/blog\\\/ouverture-du-magasin-couleurs-japon-dans-le-sud-de-lalsace-sierentz\\\/#breadcrumb\",\"itemListElement\":[{\"@type\":\"ListItem\",\"position\":1,\"name\":\"Accueil\",\"item\":\"https:\\\/\\\/www.couleursjapon.com\\\/blog\\\/\"},{\"@type\":\"ListItem\",\"position\":2,\"name\":\"Ouverture du magasin Couleurs Japon dans le Sud de l&rsquo;Alsace (Sierentz)\"}]},{\"@type\":\"WebSite\",\"@id\":\"https:\\\/\\\/www.couleursjapon.com\\\/blog\\\/#website\",\"url\":\"https:\\\/\\\/www.couleursjapon.com\\\/blog\\\/\",\"name\":\"Couleurs Japon\",\"description\":\"Tissus japonais\",\"publisher\":{\"@id\":\"https:\\\/\\\/www.couleursjapon.com\\\/blog\\\/#organization\"},\"potentialAction\":[{\"@type\":\"SearchAction\",\"target\":{\"@type\":\"EntryPoint\",\"urlTemplate\":\"https:\\\/\\\/www.couleursjapon.com\\\/blog\\\/?s={search_term_string}\"},\"query-input\":{\"@type\":\"PropertyValueSpecification\",\"valueRequired\":true,\"valueName\":\"search_term_string\"}}],\"inLanguage\":\"fr-FR\"},{\"@type\":\"Organization\",\"@id\":\"https:\\\/\\\/www.couleursjapon.com\\\/blog\\\/#organization\",\"name\":\"Couleurs Japon\",\"url\":\"https:\\\/\\\/www.couleursjapon.com\\\/blog\\\/\",\"logo\":{\"@type\":\"ImageObject\",\"inLanguage\":\"fr-FR\",\"@id\":\"https:\\\/\\\/www.couleursjapon.com\\\/blog\\\/#\\\/schema\\\/logo\\\/image\\\/\",\"url\":\"https:\\\/\\\/www.couleursjapon.com\\\/blog\\\/wp-content\\\/uploads\\\/2020\\\/10\\\/couleurs-japon-logo-1.png\",\"contentUrl\":\"https:\\\/\\\/www.couleursjapon.com\\\/blog\\\/wp-content\\\/uploads\\\/2020\\\/10\\\/couleurs-japon-logo-1.png\",\"width\":400,\"height\":77,\"caption\":\"Couleurs Japon\"},\"image\":{\"@id\":\"https:\\\/\\\/www.couleursjapon.com\\\/blog\\\/#\\\/schema\\\/logo\\\/image\\\/\"},\"sameAs\":[\"https:\\\/\\\/www.facebook.com\\\/CouleursJapon\\\/\",\"https:\\\/\\\/www.instagram.com\\\/couleursjapon\",\"https:\\\/\\\/www.pinterest.fr\\\/couleursjapon\\\/\"]},{\"@type\":\"Person\",\"@id\":\"https:\\\/\\\/www.couleursjapon.com\\\/blog\\\/#\\\/schema\\\/person\\\/6cfac89a7be4e2bd871f9340169acd3b\",\"name\":\"Pascaline\",\"image\":{\"@type\":\"ImageObject\",\"inLanguage\":\"fr-FR\",\"@id\":\"https:\\\/\\\/secure.gravatar.com\\\/avatar\\\/b9c6a29f8912cdfda78bfc45075e0ff0865b74e5ddd9b600e5e618c78b531d8b?s=96&d=mm&r=g\",\"url\":\"https:\\\/\\\/secure.gravatar.com\\\/avatar\\\/b9c6a29f8912cdfda78bfc45075e0ff0865b74e5ddd9b600e5e618c78b531d8b?s=96&d=mm&r=g\",\"contentUrl\":\"https:\\\/\\\/secure.gravatar.com\\\/avatar\\\/b9c6a29f8912cdfda78bfc45075e0ff0865b74e5ddd9b600e5e618c78b531d8b?s=96&d=mm&r=g\",\"caption\":\"Pascaline\"},\"sameAs\":[\"http:\\\/\\\/www.couleursjapon.com\"]}]}<\/script>\n<!-- \/ Yoast SEO plugin. -->","yoast_head_json":{"title":"Ouverture du magasin Couleurs Japon dans le Sud de l'Alsace (Sierentz) - Couleurs Japon","robots":{"index":"index","follow":"follow","max-snippet":"max-snippet:-1","max-image-preview":"max-image-preview:large","max-video-preview":"max-video-preview:-1"},"canonical":"https:\/\/www.couleursjapon.com\/blog\/ouverture-du-magasin-couleurs-japon-dans-le-sud-de-lalsace-sierentz\/","og_locale":"fr_FR","og_type":"article","og_title":"Ouverture du magasin Couleurs Japon dans le Sud de l'Alsace (Sierentz) - Couleurs Japon","og_description":"Apr\u00e8s plus de 3 ans sur internet et sur salons, Couleurs Japon a le plaisir de vous accueillir d\u00e8s \u00e0 pr\u00e9sent dans sa boutique \u00e0 15 minutes de Mulhouse et 15 minutes de B\u00e2le, au 46 rue Rogg Haas \u00e0 Sierentz. Vous y retrouverez tous les produits du site internet et m\u00eame plus (tissus, mercerie, &hellip; Continuer la lecture de &laquo;&nbsp;Ouverture du magasin Couleurs Japon dans le Sud de l&rsquo;Alsace (Sierentz)&nbsp;&raquo;","og_url":"https:\/\/www.couleursjapon.com\/blog\/ouverture-du-magasin-couleurs-japon-dans-le-sud-de-lalsace-sierentz\/","og_site_name":"Couleurs Japon","article_publisher":"https:\/\/www.facebook.com\/CouleursJapon\/","article_published_time":"2016-07-26T07:28:35+00:00","article_modified_time":"2021-02-26T11:23:51+00:00","og_image":[{"width":2560,"height":1920,"url":"https:\/\/www.couleursjapon.com\/blog\/wp-content\/uploads\/2016\/07\/IMG_7967-scaled.jpg","type":"image\/jpeg"}],"author":"Pascaline","twitter_card":"summary_large_image","twitter_misc":{"\u00c9crit par":"Pascaline","Dur\u00e9e de lecture estim\u00e9e":"2 minutes"},"schema":{"@context":"https:\/\/schema.org","@graph":[{"@type":"Article","@id":"https:\/\/www.couleursjapon.com\/blog\/ouverture-du-magasin-couleurs-japon-dans-le-sud-de-lalsace-sierentz\/#article","isPartOf":{"@id":"https:\/\/www.couleursjapon.com\/blog\/ouverture-du-magasin-couleurs-japon-dans-le-sud-de-lalsace-sierentz\/"},"author":{"name":"Pascaline","@id":"https:\/\/www.couleursjapon.com\/blog\/#\/schema\/person\/6cfac89a7be4e2bd871f9340169acd3b"},"headline":"Ouverture du magasin Couleurs Japon dans le Sud de l&rsquo;Alsace (Sierentz)","datePublished":"2016-07-26T07:28:35+00:00","dateModified":"2021-02-26T11:23:51+00:00","mainEntityOfPage":{"@id":"https:\/\/www.couleursjapon.com\/blog\/ouverture-du-magasin-couleurs-japon-dans-le-sud-de-lalsace-sierentz\/"},"wordCount":227,"commentCount":3,"publisher":{"@id":"https:\/\/www.couleursjapon.com\/blog\/#organization"},"image":{"@id":"https:\/\/www.couleursjapon.com\/blog\/ouverture-du-magasin-couleurs-japon-dans-le-sud-de-lalsace-sierentz\/#primaryimage"},"thumbnailUrl":"https:\/\/www.couleursjapon.com\/blog\/wp-content\/uploads\/2016\/07\/IMG_7967-scaled.jpg","keywords":["Alsace","atelier","boutique","broderie japonaise","japonais","magasin","mercerie","Mulhouse","papier japonais","Sierentz","tampons","tissu"],"articleSection":["Actualit\u00e9s du site internet"],"inLanguage":"fr-FR","potentialAction":[{"@type":"CommentAction","name":"Comment","target":["https:\/\/www.couleursjapon.com\/blog\/ouverture-du-magasin-couleurs-japon-dans-le-sud-de-lalsace-sierentz\/#respond"]}]},{"@type":"WebPage","@id":"https:\/\/www.couleursjapon.com\/blog\/ouverture-du-magasin-couleurs-japon-dans-le-sud-de-lalsace-sierentz\/","url":"https:\/\/www.couleursjapon.com\/blog\/ouverture-du-magasin-couleurs-japon-dans-le-sud-de-lalsace-sierentz\/","name":"Ouverture du magasin Couleurs Japon dans le Sud de l'Alsace (Sierentz) - Couleurs Japon","isPartOf":{"@id":"https:\/\/www.couleursjapon.com\/blog\/#website"},"primaryImageOfPage":{"@id":"https:\/\/www.couleursjapon.com\/blog\/ouverture-du-magasin-couleurs-japon-dans-le-sud-de-lalsace-sierentz\/#primaryimage"},"image":{"@id":"https:\/\/www.couleursjapon.com\/blog\/ouverture-du-magasin-couleurs-japon-dans-le-sud-de-lalsace-sierentz\/#primaryimage"},"thumbnailUrl":"https:\/\/www.couleursjapon.com\/blog\/wp-content\/uploads\/2016\/07\/IMG_7967-scaled.jpg","datePublished":"2016-07-26T07:28:35+00:00","dateModified":"2021-02-26T11:23:51+00:00","breadcrumb":{"@id":"https:\/\/www.couleursjapon.com\/blog\/ouverture-du-magasin-couleurs-japon-dans-le-sud-de-lalsace-sierentz\/#breadcrumb"},"inLanguage":"fr-FR","potentialAction":[{"@type":"ReadAction","target":["https:\/\/www.couleursjapon.com\/blog\/ouverture-du-magasin-couleurs-japon-dans-le-sud-de-lalsace-sierentz\/"]}]},{"@type":"ImageObject","inLanguage":"fr-FR","@id":"https:\/\/www.couleursjapon.com\/blog\/ouverture-du-magasin-couleurs-japon-dans-le-sud-de-lalsace-sierentz\/#primaryimage","url":"https:\/\/www.couleursjapon.com\/blog\/wp-content\/uploads\/2016\/07\/IMG_7967-scaled.jpg","contentUrl":"https:\/\/www.couleursjapon.com\/blog\/wp-content\/uploads\/2016\/07\/IMG_7967-scaled.jpg","width":2560,"height":1920,"caption":"Le rayon tissus de la boutique"},{"@type":"BreadcrumbList","@id":"https:\/\/www.couleursjapon.com\/blog\/ouverture-du-magasin-couleurs-japon-dans-le-sud-de-lalsace-sierentz\/#breadcrumb","itemListElement":[{"@type":"ListItem","position":1,"name":"Accueil","item":"https:\/\/www.couleursjapon.com\/blog\/"},{"@type":"ListItem","position":2,"name":"Ouverture du magasin Couleurs Japon dans le Sud de l&rsquo;Alsace (Sierentz)"}]},{"@type":"WebSite","@id":"https:\/\/www.couleursjapon.com\/blog\/#website","url":"https:\/\/www.couleursjapon.com\/blog\/","name":"Couleurs Japon","description":"Tissus japonais","publisher":{"@id":"https:\/\/www.couleursjapon.com\/blog\/#organization"},"potentialAction":[{"@type":"SearchAction","target":{"@type":"EntryPoint","urlTemplate":"https:\/\/www.couleursjapon.com\/blog\/?s={search_term_string}"},"query-input":{"@type":"PropertyValueSpecification","valueRequired":true,"valueName":"search_term_string"}}],"inLanguage":"fr-FR"},{"@type":"Organization","@id":"https:\/\/www.couleursjapon.com\/blog\/#organization","name":"Couleurs Japon","url":"https:\/\/www.couleursjapon.com\/blog\/","logo":{"@type":"ImageObject","inLanguage":"fr-FR","@id":"https:\/\/www.couleursjapon.com\/blog\/#\/schema\/logo\/image\/","url":"https:\/\/www.couleursjapon.com\/blog\/wp-content\/uploads\/2020\/10\/couleurs-japon-logo-1.png","contentUrl":"https:\/\/www.couleursjapon.com\/blog\/wp-content\/uploads\/2020\/10\/couleurs-japon-logo-1.png","width":400,"height":77,"caption":"Couleurs Japon"},"image":{"@id":"https:\/\/www.couleursjapon.com\/blog\/#\/schema\/logo\/image\/"},"sameAs":["https:\/\/www.facebook.com\/CouleursJapon\/","https:\/\/www.instagram.com\/couleursjapon","https:\/\/www.pinterest.fr\/couleursjapon\/"]},{"@type":"Person","@id":"https:\/\/www.couleursjapon.com\/blog\/#\/schema\/person\/6cfac89a7be4e2bd871f9340169acd3b","name":"Pascaline","image":{"@type":"ImageObject","inLanguage":"fr-FR","@id":"https:\/\/secure.gravatar.com\/avatar\/b9c6a29f8912cdfda78bfc45075e0ff0865b74e5ddd9b600e5e618c78b531d8b?s=96&d=mm&r=g","url":"https:\/\/secure.gravatar.com\/avatar\/b9c6a29f8912cdfda78bfc45075e0ff0865b74e5ddd9b600e5e618c78b531d8b?s=96&d=mm&r=g","contentUrl":"https:\/\/secure.gravatar.com\/avatar\/b9c6a29f8912cdfda78bfc45075e0ff0865b74e5ddd9b600e5e618c78b531d8b?s=96&d=mm&r=g","caption":"Pascaline"},"sameAs":["http:\/\/www.couleursjapon.com"]}]}},"_links":{"self":[{"href":"https:\/\/www.couleursjapon.com\/blog\/wp-json\/wp\/v2\/posts\/1031","targetHints":{"allow":["GET"]}}],"collection":[{"href":"https:\/\/www.couleursjapon.com\/blog\/wp-json\/wp\/v2\/posts"}],"about":[{"href":"https:\/\/www.couleursjapon.com\/blog\/wp-json\/wp\/v2\/types\/post"}],"author":[{"embeddable":true,"href":"https:\/\/www.couleursjapon.com\/blog\/wp-json\/wp\/v2\/users\/1"}],"replies":[{"embeddable":true,"href":"https:\/\/www.couleursjapon.com\/blog\/wp-json\/wp\/v2\/comments?post=1031"}],"version-history":[{"count":5,"href":"https:\/\/www.couleursjapon.com\/blog\/wp-json\/wp\/v2\/posts\/1031\/revisions"}],"predecessor-version":[{"id":1468,"href":"https:\/\/www.couleursjapon.com\/blog\/wp-json\/wp\/v2\/posts\/1031\/revisions\/1468"}],"wp:featuredmedia":[{"embeddable":true,"href":"https:\/\/www.couleursjapon.com\/blog\/wp-json\/wp\/v2\/media\/1035"}],"wp:attachment":[{"href":"https:\/\/www.couleursjapon.com\/blog\/wp-json\/wp\/v2\/media?parent=1031"}],"wp:term":[{"taxonomy":"category","embeddable":true,"href":"https:\/\/www.couleursjapon.com\/blog\/wp-json\/wp\/v2\/categories?post=1031"},{"taxonomy":"post_tag","embeddable":true,"href":"https:\/\/www.couleursjapon.com\/blog\/wp-json\/wp\/v2\/tags?post=1031"}],"curies":[{"name":"wp","href":"https:\/\/api.w.org\/{rel}","templated":true}]}}