{"id":101,"date":"2013-05-06T09:15:23","date_gmt":"2013-05-06T08:15:23","guid":{"rendered":"http:\/\/www.couleursjapon.com\/blog\/?p=101"},"modified":"2013-05-10T15:10:54","modified_gmt":"2013-05-10T14:10:54","slug":"salon-popup-paris","status":"publish","type":"post","link":"https:\/\/www.couleursjapon.com\/blog\/salon-popup-paris\/","title":{"rendered":"Salon Pop&rsquo;Up \u00e0 Paris 2013"},"content":{"rendered":"<p style=\"text-align: left;\">Petit compte-rendu rapide de notre premier salon, <strong>Pop&rsquo;Up<\/strong> \u00e0 Paris ce samedi 4 mai 2013.<\/p>\n<p style=\"text-align: center;\"><a href=\"http:\/\/www.couleursjapon.com\"><img loading=\"lazy\" decoding=\"async\" class=\"aligncenter size-medium wp-image-102\" alt=\"CRPopUp01\" src=\"https:\/\/www.couleursjapon.com\/blog\/wp-content\/uploads\/2013\/05\/CRPopUp01-300x216.jpg\" width=\"300\" height=\"216\" \/><\/a><\/p>\n<p style=\"text-align: left;\">D\u00e9barquement avec notre valise le matin vers 9h, installation du stand pour \u00eatre pr\u00eats vers 11h pour les premiers visiteurs.<\/p>\n<p style=\"text-align: left;\">1m c&rsquo;est tr\u00e8s petit, pas facile de tout mettre en valeur, tous les sacs n&rsquo;ont donc pas \u00e9t\u00e9 mis sur le stand pour ne pas faire trop fouilli. Pour les prochains salons, plus de stand en dessous de 1,5m voire 2m. Le salon ne proposait pas de cloisons, d&rsquo;o\u00f9 un c\u00f4t\u00e9 parfois un peu march\u00e9 ou brocante, il nous faudra trouver comment transporter facilement un fond de stand pour pouvoir exposer aussi des sacs diff\u00e9remment (difficile pour ce premier salon pour cause de venue en train, conclusion : venir en voiture, le train c&rsquo;est \u00e9colo mais pas adapt\u00e9&#8230;). Contrairement aux autres \u00e9ditions de ce salon, pas d&rsquo;animations ni de d\u00e9fil\u00e9s, dommage, je crois que \u00e7a a manqu\u00e9 un peu.<\/p>\n<p style=\"text-align: left;\">Sinon de sympathiques visiteurs, d&rsquo;adorables voisines de stand, de magnifiques choses \u00e0 voir ou \u00e0 manger m\u00eame, plein d&rsquo;id\u00e9es d&rsquo;am\u00e9liorations pour les prochains salons, bref, vivement le prochain salon !<\/p>\n<p style=\"text-align: center;\"><a href=\"http:\/\/www.alittlemarket.com\/boutique\/les_pierrettes-67935.html\"><img loading=\"lazy\" decoding=\"async\" class=\"aligncenter size-medium wp-image-108\" alt=\"CRPopUp07\" src=\"https:\/\/www.couleursjapon.com\/blog\/wp-content\/uploads\/2013\/05\/CRPopUp07-300x219.jpg\" width=\"300\" height=\"219\" srcset=\"https:\/\/www.couleursjapon.com\/blog\/wp-content\/uploads\/2013\/05\/CRPopUp07-300x219.jpg 300w, https:\/\/www.couleursjapon.com\/blog\/wp-content\/uploads\/2013\/05\/CRPopUp07-1024x749.jpg 1024w, https:\/\/www.couleursjapon.com\/blog\/wp-content\/uploads\/2013\/05\/CRPopUp07-768x561.jpg 768w, https:\/\/www.couleursjapon.com\/blog\/wp-content\/uploads\/2013\/05\/CRPopUp07-1536x1123.jpg 1536w, https:\/\/www.couleursjapon.com\/blog\/wp-content\/uploads\/2013\/05\/CRPopUp07-1200x877.jpg 1200w, https:\/\/www.couleursjapon.com\/blog\/wp-content\/uploads\/2013\/05\/CRPopUp07.jpg 1800w\" sizes=\"auto, (max-width: 300px) 85vw, 300px\" \/><\/a><\/p>\n<p style=\"text-align: center;\">Notre charmante voisine Pierrette pr\u00e9sentait sa collection de bijoux en pierres fines.<\/p>\n<p style=\"text-align: center;\"><a href=\"http:\/\/www.alittlemarket.com\/boutique\/mais_qui_es_tu_josette-199698.html\"><img loading=\"lazy\" decoding=\"async\" class=\"aligncenter size-medium wp-image-103\" alt=\"CRPopUp02\" src=\"https:\/\/www.couleursjapon.com\/blog\/wp-content\/uploads\/2013\/05\/CRPopUp02-300x232.jpg\" width=\"300\" height=\"232\" srcset=\"https:\/\/www.couleursjapon.com\/blog\/wp-content\/uploads\/2013\/05\/CRPopUp02-300x232.jpg 300w, https:\/\/www.couleursjapon.com\/blog\/wp-content\/uploads\/2013\/05\/CRPopUp02-1024x792.jpg 1024w, https:\/\/www.couleursjapon.com\/blog\/wp-content\/uploads\/2013\/05\/CRPopUp02-768x594.jpg 768w, https:\/\/www.couleursjapon.com\/blog\/wp-content\/uploads\/2013\/05\/CRPopUp02-1536x1188.jpg 1536w, https:\/\/www.couleursjapon.com\/blog\/wp-content\/uploads\/2013\/05\/CRPopUp02-1200x928.jpg 1200w, https:\/\/www.couleursjapon.com\/blog\/wp-content\/uploads\/2013\/05\/CRPopUp02.jpg 1800w\" sizes=\"auto, (max-width: 300px) 85vw, 300px\" \/><\/a><\/p>\n<p style=\"text-align: center;\">Nos tr\u00e8s symapthiques autres voisines venues de La Rochelle, la petite et la grande Josette de <em>Mais qui es-tu Josette<\/em>, des bijoux r\u00e9tro-nostalgiques.<\/p>\n<p style=\"text-align: center;\"><a href=\"http:\/\/www.troispetitsriens.com\/\"><img loading=\"lazy\" decoding=\"async\" class=\"aligncenter size-medium wp-image-104\" alt=\"CRPopUp03\" src=\"https:\/\/www.couleursjapon.com\/blog\/wp-content\/uploads\/2013\/05\/CRPopUp03-207x300.jpg\" width=\"207\" height=\"300\" \/><\/a>Le tr\u00e8s original stand de <em>Trois petits riens<\/em>, un stand fait maison tr\u00e8s original, juste en face de nous ! Une excellente id\u00e9e qui mettait tr\u00e8s bien en valeur leurs cr\u00e9ations et leur bonne humeur. J&rsquo;ai ador\u00e9 l&rsquo;id\u00e9e.<\/p>\n<p style=\"text-align: center;\"><a href=\"http:\/\/leperlier-bijoux.blogspot.fr\/\"><img loading=\"lazy\" decoding=\"async\" class=\"aligncenter size-medium wp-image-106\" alt=\"CRPopUp05\" src=\"https:\/\/www.couleursjapon.com\/blog\/wp-content\/uploads\/2013\/05\/CRPopUp05-300x225.jpg\" width=\"300\" height=\"225\" srcset=\"https:\/\/www.couleursjapon.com\/blog\/wp-content\/uploads\/2013\/05\/CRPopUp05-300x225.jpg 300w, https:\/\/www.couleursjapon.com\/blog\/wp-content\/uploads\/2013\/05\/CRPopUp05-1024x768.jpg 1024w, https:\/\/www.couleursjapon.com\/blog\/wp-content\/uploads\/2013\/05\/CRPopUp05-768x576.jpg 768w, https:\/\/www.couleursjapon.com\/blog\/wp-content\/uploads\/2013\/05\/CRPopUp05-1536x1152.jpg 1536w, https:\/\/www.couleursjapon.com\/blog\/wp-content\/uploads\/2013\/05\/CRPopUp05-1200x900.jpg 1200w, https:\/\/www.couleursjapon.com\/blog\/wp-content\/uploads\/2013\/05\/CRPopUp05.jpg 1800w\" sizes=\"auto, (max-width: 300px) 85vw, 300px\" \/><\/a><\/p>\n<p style=\"text-align: center;\">Les cr\u00e9ations en verre de Juliette Leperlier. Des verres avec des pieds en culots de lampes, en petites voitures, ou l&rsquo;art de conjuguer l&rsquo;utile et l&rsquo;original.<br \/>\nPour info, l&rsquo;atelier familial propose des stages pr\u00e8s d&rsquo;Evreux.<\/p>\n","protected":false},"excerpt":{"rendered":"<p>Petit compte-rendu rapide de notre premier salon, Pop&rsquo;Up \u00e0 Paris ce samedi 4 mai 2013. D\u00e9barquement avec notre valise le matin vers 9h, installation du stand pour \u00eatre pr\u00eats vers 11h pour les premiers visiteurs. 1m c&rsquo;est tr\u00e8s petit, pas facile de tout mettre en valeur, tous les sacs n&rsquo;ont donc pas \u00e9t\u00e9 mis sur &hellip; <a href=\"https:\/\/www.couleursjapon.com\/blog\/salon-popup-paris\/\" class=\"more-link\">Continuer la lecture<span class=\"screen-reader-text\"> de &laquo;&nbsp;Salon Pop&rsquo;Up \u00e0 Paris 2013&nbsp;&raquo;<\/span><\/a><\/p>\n","protected":false},"author":1,"featured_media":0,"comment_status":"open","ping_status":"open","sticky":false,"template":"","format":"standard","meta":{"footnotes":""},"categories":[7],"tags":[9,10,28,25],"class_list":["post-101","post","type-post","status-publish","format-standard","hentry","category-actualites","tag-couleurs","tag-japon","tag-paris","tag-salon"],"yoast_head":"<!-- This site is optimized with the Yoast SEO plugin v27.3 - https:\/\/yoast.com\/product\/yoast-seo-wordpress\/ -->\n<title>Salon Pop&#039;Up \u00e0 Paris 2013 - Couleurs Japon<\/title>\n<meta name=\"robots\" content=\"index, follow, max-snippet:-1, max-image-preview:large, max-video-preview:-1\" \/>\n<link rel=\"canonical\" href=\"https:\/\/www.couleursjapon.com\/blog\/salon-popup-paris\/\" \/>\n<meta property=\"og:locale\" content=\"fr_FR\" \/>\n<meta property=\"og:type\" content=\"article\" \/>\n<meta property=\"og:title\" content=\"Salon Pop&#039;Up \u00e0 Paris 2013 - Couleurs Japon\" \/>\n<meta property=\"og:description\" content=\"Petit compte-rendu rapide de notre premier salon, Pop&rsquo;Up \u00e0 Paris ce samedi 4 mai 2013. D\u00e9barquement avec notre valise le matin vers 9h, installation du stand pour \u00eatre pr\u00eats vers 11h pour les premiers visiteurs. 1m c&rsquo;est tr\u00e8s petit, pas facile de tout mettre en valeur, tous les sacs n&rsquo;ont donc pas \u00e9t\u00e9 mis sur &hellip; Continuer la lecture de &laquo;&nbsp;Salon Pop&rsquo;Up \u00e0 Paris 2013&nbsp;&raquo;\" \/>\n<meta property=\"og:url\" content=\"https:\/\/www.couleursjapon.com\/blog\/salon-popup-paris\/\" \/>\n<meta property=\"og:site_name\" content=\"Couleurs Japon\" \/>\n<meta property=\"article:publisher\" content=\"https:\/\/www.facebook.com\/CouleursJapon\/\" \/>\n<meta property=\"article:published_time\" content=\"2013-05-06T08:15:23+00:00\" \/>\n<meta property=\"article:modified_time\" content=\"2013-05-10T14:10:54+00:00\" \/>\n<meta property=\"og:image\" content=\"http:\/\/www.couleursjapon.com\/blog\/wp-content\/uploads\/2013\/05\/CRPopUp01-300x216.jpg\" \/>\n<meta name=\"author\" content=\"Pascaline\" \/>\n<meta name=\"twitter:card\" content=\"summary_large_image\" \/>\n<meta name=\"twitter:label1\" content=\"\u00c9crit par\" \/>\n\t<meta name=\"twitter:data1\" content=\"Pascaline\" \/>\n\t<meta name=\"twitter:label2\" content=\"Dur\u00e9e de lecture estim\u00e9e\" \/>\n\t<meta name=\"twitter:data2\" content=\"2 minutes\" \/>\n<script type=\"application\/ld+json\" class=\"yoast-schema-graph\">{\"@context\":\"https:\\\/\\\/schema.org\",\"@graph\":[{\"@type\":\"Article\",\"@id\":\"https:\\\/\\\/www.couleursjapon.com\\\/blog\\\/salon-popup-paris\\\/#article\",\"isPartOf\":{\"@id\":\"https:\\\/\\\/www.couleursjapon.com\\\/blog\\\/salon-popup-paris\\\/\"},\"author\":{\"name\":\"Pascaline\",\"@id\":\"https:\\\/\\\/www.couleursjapon.com\\\/blog\\\/#\\\/schema\\\/person\\\/6cfac89a7be4e2bd871f9340169acd3b\"},\"headline\":\"Salon Pop&rsquo;Up \u00e0 Paris 2013\",\"datePublished\":\"2013-05-06T08:15:23+00:00\",\"dateModified\":\"2013-05-10T14:10:54+00:00\",\"mainEntityOfPage\":{\"@id\":\"https:\\\/\\\/www.couleursjapon.com\\\/blog\\\/salon-popup-paris\\\/\"},\"wordCount\":325,\"commentCount\":2,\"publisher\":{\"@id\":\"https:\\\/\\\/www.couleursjapon.com\\\/blog\\\/#organization\"},\"image\":{\"@id\":\"https:\\\/\\\/www.couleursjapon.com\\\/blog\\\/salon-popup-paris\\\/#primaryimage\"},\"thumbnailUrl\":\"http:\\\/\\\/www.couleursjapon.com\\\/blog\\\/wp-content\\\/uploads\\\/2013\\\/05\\\/CRPopUp01-300x216.jpg\",\"keywords\":[\"Couleurs\",\"Japon\",\"Paris\",\"salon\"],\"articleSection\":[\"Actualit\u00e9s\\\/News\"],\"inLanguage\":\"fr-FR\",\"potentialAction\":[{\"@type\":\"CommentAction\",\"name\":\"Comment\",\"target\":[\"https:\\\/\\\/www.couleursjapon.com\\\/blog\\\/salon-popup-paris\\\/#respond\"]}]},{\"@type\":\"WebPage\",\"@id\":\"https:\\\/\\\/www.couleursjapon.com\\\/blog\\\/salon-popup-paris\\\/\",\"url\":\"https:\\\/\\\/www.couleursjapon.com\\\/blog\\\/salon-popup-paris\\\/\",\"name\":\"Salon Pop'Up \u00e0 Paris 2013 - Couleurs Japon\",\"isPartOf\":{\"@id\":\"https:\\\/\\\/www.couleursjapon.com\\\/blog\\\/#website\"},\"primaryImageOfPage\":{\"@id\":\"https:\\\/\\\/www.couleursjapon.com\\\/blog\\\/salon-popup-paris\\\/#primaryimage\"},\"image\":{\"@id\":\"https:\\\/\\\/www.couleursjapon.com\\\/blog\\\/salon-popup-paris\\\/#primaryimage\"},\"thumbnailUrl\":\"http:\\\/\\\/www.couleursjapon.com\\\/blog\\\/wp-content\\\/uploads\\\/2013\\\/05\\\/CRPopUp01-300x216.jpg\",\"datePublished\":\"2013-05-06T08:15:23+00:00\",\"dateModified\":\"2013-05-10T14:10:54+00:00\",\"breadcrumb\":{\"@id\":\"https:\\\/\\\/www.couleursjapon.com\\\/blog\\\/salon-popup-paris\\\/#breadcrumb\"},\"inLanguage\":\"fr-FR\",\"potentialAction\":[{\"@type\":\"ReadAction\",\"target\":[\"https:\\\/\\\/www.couleursjapon.com\\\/blog\\\/salon-popup-paris\\\/\"]}]},{\"@type\":\"ImageObject\",\"inLanguage\":\"fr-FR\",\"@id\":\"https:\\\/\\\/www.couleursjapon.com\\\/blog\\\/salon-popup-paris\\\/#primaryimage\",\"url\":\"http:\\\/\\\/www.couleursjapon.com\\\/blog\\\/wp-content\\\/uploads\\\/2013\\\/05\\\/CRPopUp01-300x216.jpg\",\"contentUrl\":\"http:\\\/\\\/www.couleursjapon.com\\\/blog\\\/wp-content\\\/uploads\\\/2013\\\/05\\\/CRPopUp01-300x216.jpg\"},{\"@type\":\"BreadcrumbList\",\"@id\":\"https:\\\/\\\/www.couleursjapon.com\\\/blog\\\/salon-popup-paris\\\/#breadcrumb\",\"itemListElement\":[{\"@type\":\"ListItem\",\"position\":1,\"name\":\"Accueil\",\"item\":\"https:\\\/\\\/www.couleursjapon.com\\\/blog\\\/\"},{\"@type\":\"ListItem\",\"position\":2,\"name\":\"Salon Pop&rsquo;Up \u00e0 Paris 2013\"}]},{\"@type\":\"WebSite\",\"@id\":\"https:\\\/\\\/www.couleursjapon.com\\\/blog\\\/#website\",\"url\":\"https:\\\/\\\/www.couleursjapon.com\\\/blog\\\/\",\"name\":\"Couleurs Japon\",\"description\":\"Tissus japonais\",\"publisher\":{\"@id\":\"https:\\\/\\\/www.couleursjapon.com\\\/blog\\\/#organization\"},\"potentialAction\":[{\"@type\":\"SearchAction\",\"target\":{\"@type\":\"EntryPoint\",\"urlTemplate\":\"https:\\\/\\\/www.couleursjapon.com\\\/blog\\\/?s={search_term_string}\"},\"query-input\":{\"@type\":\"PropertyValueSpecification\",\"valueRequired\":true,\"valueName\":\"search_term_string\"}}],\"inLanguage\":\"fr-FR\"},{\"@type\":\"Organization\",\"@id\":\"https:\\\/\\\/www.couleursjapon.com\\\/blog\\\/#organization\",\"name\":\"Couleurs Japon\",\"url\":\"https:\\\/\\\/www.couleursjapon.com\\\/blog\\\/\",\"logo\":{\"@type\":\"ImageObject\",\"inLanguage\":\"fr-FR\",\"@id\":\"https:\\\/\\\/www.couleursjapon.com\\\/blog\\\/#\\\/schema\\\/logo\\\/image\\\/\",\"url\":\"https:\\\/\\\/www.couleursjapon.com\\\/blog\\\/wp-content\\\/uploads\\\/2020\\\/10\\\/couleurs-japon-logo-1.png\",\"contentUrl\":\"https:\\\/\\\/www.couleursjapon.com\\\/blog\\\/wp-content\\\/uploads\\\/2020\\\/10\\\/couleurs-japon-logo-1.png\",\"width\":400,\"height\":77,\"caption\":\"Couleurs Japon\"},\"image\":{\"@id\":\"https:\\\/\\\/www.couleursjapon.com\\\/blog\\\/#\\\/schema\\\/logo\\\/image\\\/\"},\"sameAs\":[\"https:\\\/\\\/www.facebook.com\\\/CouleursJapon\\\/\",\"https:\\\/\\\/www.instagram.com\\\/couleursjapon\",\"https:\\\/\\\/www.pinterest.fr\\\/couleursjapon\\\/\"]},{\"@type\":\"Person\",\"@id\":\"https:\\\/\\\/www.couleursjapon.com\\\/blog\\\/#\\\/schema\\\/person\\\/6cfac89a7be4e2bd871f9340169acd3b\",\"name\":\"Pascaline\",\"image\":{\"@type\":\"ImageObject\",\"inLanguage\":\"fr-FR\",\"@id\":\"https:\\\/\\\/secure.gravatar.com\\\/avatar\\\/b9c6a29f8912cdfda78bfc45075e0ff0865b74e5ddd9b600e5e618c78b531d8b?s=96&d=mm&r=g\",\"url\":\"https:\\\/\\\/secure.gravatar.com\\\/avatar\\\/b9c6a29f8912cdfda78bfc45075e0ff0865b74e5ddd9b600e5e618c78b531d8b?s=96&d=mm&r=g\",\"contentUrl\":\"https:\\\/\\\/secure.gravatar.com\\\/avatar\\\/b9c6a29f8912cdfda78bfc45075e0ff0865b74e5ddd9b600e5e618c78b531d8b?s=96&d=mm&r=g\",\"caption\":\"Pascaline\"},\"sameAs\":[\"http:\\\/\\\/www.couleursjapon.com\"]}]}<\/script>\n<!-- \/ Yoast SEO plugin. -->","yoast_head_json":{"title":"Salon Pop'Up \u00e0 Paris 2013 - Couleurs Japon","robots":{"index":"index","follow":"follow","max-snippet":"max-snippet:-1","max-image-preview":"max-image-preview:large","max-video-preview":"max-video-preview:-1"},"canonical":"https:\/\/www.couleursjapon.com\/blog\/salon-popup-paris\/","og_locale":"fr_FR","og_type":"article","og_title":"Salon Pop'Up \u00e0 Paris 2013 - Couleurs Japon","og_description":"Petit compte-rendu rapide de notre premier salon, Pop&rsquo;Up \u00e0 Paris ce samedi 4 mai 2013. D\u00e9barquement avec notre valise le matin vers 9h, installation du stand pour \u00eatre pr\u00eats vers 11h pour les premiers visiteurs. 1m c&rsquo;est tr\u00e8s petit, pas facile de tout mettre en valeur, tous les sacs n&rsquo;ont donc pas \u00e9t\u00e9 mis sur &hellip; Continuer la lecture de &laquo;&nbsp;Salon Pop&rsquo;Up \u00e0 Paris 2013&nbsp;&raquo;","og_url":"https:\/\/www.couleursjapon.com\/blog\/salon-popup-paris\/","og_site_name":"Couleurs Japon","article_publisher":"https:\/\/www.facebook.com\/CouleursJapon\/","article_published_time":"2013-05-06T08:15:23+00:00","article_modified_time":"2013-05-10T14:10:54+00:00","og_image":[{"url":"http:\/\/www.couleursjapon.com\/blog\/wp-content\/uploads\/2013\/05\/CRPopUp01-300x216.jpg","type":"","width":"","height":""}],"author":"Pascaline","twitter_card":"summary_large_image","twitter_misc":{"\u00c9crit par":"Pascaline","Dur\u00e9e de lecture estim\u00e9e":"2 minutes"},"schema":{"@context":"https:\/\/schema.org","@graph":[{"@type":"Article","@id":"https:\/\/www.couleursjapon.com\/blog\/salon-popup-paris\/#article","isPartOf":{"@id":"https:\/\/www.couleursjapon.com\/blog\/salon-popup-paris\/"},"author":{"name":"Pascaline","@id":"https:\/\/www.couleursjapon.com\/blog\/#\/schema\/person\/6cfac89a7be4e2bd871f9340169acd3b"},"headline":"Salon Pop&rsquo;Up \u00e0 Paris 2013","datePublished":"2013-05-06T08:15:23+00:00","dateModified":"2013-05-10T14:10:54+00:00","mainEntityOfPage":{"@id":"https:\/\/www.couleursjapon.com\/blog\/salon-popup-paris\/"},"wordCount":325,"commentCount":2,"publisher":{"@id":"https:\/\/www.couleursjapon.com\/blog\/#organization"},"image":{"@id":"https:\/\/www.couleursjapon.com\/blog\/salon-popup-paris\/#primaryimage"},"thumbnailUrl":"http:\/\/www.couleursjapon.com\/blog\/wp-content\/uploads\/2013\/05\/CRPopUp01-300x216.jpg","keywords":["Couleurs","Japon","Paris","salon"],"articleSection":["Actualit\u00e9s\/News"],"inLanguage":"fr-FR","potentialAction":[{"@type":"CommentAction","name":"Comment","target":["https:\/\/www.couleursjapon.com\/blog\/salon-popup-paris\/#respond"]}]},{"@type":"WebPage","@id":"https:\/\/www.couleursjapon.com\/blog\/salon-popup-paris\/","url":"https:\/\/www.couleursjapon.com\/blog\/salon-popup-paris\/","name":"Salon Pop'Up \u00e0 Paris 2013 - Couleurs Japon","isPartOf":{"@id":"https:\/\/www.couleursjapon.com\/blog\/#website"},"primaryImageOfPage":{"@id":"https:\/\/www.couleursjapon.com\/blog\/salon-popup-paris\/#primaryimage"},"image":{"@id":"https:\/\/www.couleursjapon.com\/blog\/salon-popup-paris\/#primaryimage"},"thumbnailUrl":"http:\/\/www.couleursjapon.com\/blog\/wp-content\/uploads\/2013\/05\/CRPopUp01-300x216.jpg","datePublished":"2013-05-06T08:15:23+00:00","dateModified":"2013-05-10T14:10:54+00:00","breadcrumb":{"@id":"https:\/\/www.couleursjapon.com\/blog\/salon-popup-paris\/#breadcrumb"},"inLanguage":"fr-FR","potentialAction":[{"@type":"ReadAction","target":["https:\/\/www.couleursjapon.com\/blog\/salon-popup-paris\/"]}]},{"@type":"ImageObject","inLanguage":"fr-FR","@id":"https:\/\/www.couleursjapon.com\/blog\/salon-popup-paris\/#primaryimage","url":"http:\/\/www.couleursjapon.com\/blog\/wp-content\/uploads\/2013\/05\/CRPopUp01-300x216.jpg","contentUrl":"http:\/\/www.couleursjapon.com\/blog\/wp-content\/uploads\/2013\/05\/CRPopUp01-300x216.jpg"},{"@type":"BreadcrumbList","@id":"https:\/\/www.couleursjapon.com\/blog\/salon-popup-paris\/#breadcrumb","itemListElement":[{"@type":"ListItem","position":1,"name":"Accueil","item":"https:\/\/www.couleursjapon.com\/blog\/"},{"@type":"ListItem","position":2,"name":"Salon Pop&rsquo;Up \u00e0 Paris 2013"}]},{"@type":"WebSite","@id":"https:\/\/www.couleursjapon.com\/blog\/#website","url":"https:\/\/www.couleursjapon.com\/blog\/","name":"Couleurs Japon","description":"Tissus japonais","publisher":{"@id":"https:\/\/www.couleursjapon.com\/blog\/#organization"},"potentialAction":[{"@type":"SearchAction","target":{"@type":"EntryPoint","urlTemplate":"https:\/\/www.couleursjapon.com\/blog\/?s={search_term_string}"},"query-input":{"@type":"PropertyValueSpecification","valueRequired":true,"valueName":"search_term_string"}}],"inLanguage":"fr-FR"},{"@type":"Organization","@id":"https:\/\/www.couleursjapon.com\/blog\/#organization","name":"Couleurs Japon","url":"https:\/\/www.couleursjapon.com\/blog\/","logo":{"@type":"ImageObject","inLanguage":"fr-FR","@id":"https:\/\/www.couleursjapon.com\/blog\/#\/schema\/logo\/image\/","url":"https:\/\/www.couleursjapon.com\/blog\/wp-content\/uploads\/2020\/10\/couleurs-japon-logo-1.png","contentUrl":"https:\/\/www.couleursjapon.com\/blog\/wp-content\/uploads\/2020\/10\/couleurs-japon-logo-1.png","width":400,"height":77,"caption":"Couleurs Japon"},"image":{"@id":"https:\/\/www.couleursjapon.com\/blog\/#\/schema\/logo\/image\/"},"sameAs":["https:\/\/www.facebook.com\/CouleursJapon\/","https:\/\/www.instagram.com\/couleursjapon","https:\/\/www.pinterest.fr\/couleursjapon\/"]},{"@type":"Person","@id":"https:\/\/www.couleursjapon.com\/blog\/#\/schema\/person\/6cfac89a7be4e2bd871f9340169acd3b","name":"Pascaline","image":{"@type":"ImageObject","inLanguage":"fr-FR","@id":"https:\/\/secure.gravatar.com\/avatar\/b9c6a29f8912cdfda78bfc45075e0ff0865b74e5ddd9b600e5e618c78b531d8b?s=96&d=mm&r=g","url":"https:\/\/secure.gravatar.com\/avatar\/b9c6a29f8912cdfda78bfc45075e0ff0865b74e5ddd9b600e5e618c78b531d8b?s=96&d=mm&r=g","contentUrl":"https:\/\/secure.gravatar.com\/avatar\/b9c6a29f8912cdfda78bfc45075e0ff0865b74e5ddd9b600e5e618c78b531d8b?s=96&d=mm&r=g","caption":"Pascaline"},"sameAs":["http:\/\/www.couleursjapon.com"]}]}},"_links":{"self":[{"href":"https:\/\/www.couleursjapon.com\/blog\/wp-json\/wp\/v2\/posts\/101","targetHints":{"allow":["GET"]}}],"collection":[{"href":"https:\/\/www.couleursjapon.com\/blog\/wp-json\/wp\/v2\/posts"}],"about":[{"href":"https:\/\/www.couleursjapon.com\/blog\/wp-json\/wp\/v2\/types\/post"}],"author":[{"embeddable":true,"href":"https:\/\/www.couleursjapon.com\/blog\/wp-json\/wp\/v2\/users\/1"}],"replies":[{"embeddable":true,"href":"https:\/\/www.couleursjapon.com\/blog\/wp-json\/wp\/v2\/comments?post=101"}],"version-history":[{"count":18,"href":"https:\/\/www.couleursjapon.com\/blog\/wp-json\/wp\/v2\/posts\/101\/revisions"}],"predecessor-version":[{"id":117,"href":"https:\/\/www.couleursjapon.com\/blog\/wp-json\/wp\/v2\/posts\/101\/revisions\/117"}],"wp:attachment":[{"href":"https:\/\/www.couleursjapon.com\/blog\/wp-json\/wp\/v2\/media?parent=101"}],"wp:term":[{"taxonomy":"category","embeddable":true,"href":"https:\/\/www.couleursjapon.com\/blog\/wp-json\/wp\/v2\/categories?post=101"},{"taxonomy":"post_tag","embeddable":true,"href":"https:\/\/www.couleursjapon.com\/blog\/wp-json\/wp\/v2\/tags?post=101"}],"curies":[{"name":"wp","href":"https:\/\/api.w.org\/{rel}","templated":true}]}}